{"id":29970,"date":"2023-04-12T11:28:05","date_gmt":"2023-04-12T14:28:05","guid":{"rendered":"https:\/\/radiorevelacionfm.cl\/?p=29970"},"modified":"2023-04-12T11:42:14","modified_gmt":"2023-04-12T14:42:14","slug":"930-kilos-de-mariscos-y-240-de-salmon-se-decomisaron-en-fiscalizaciones-sanitarias-durante-semana-santa","status":"publish","type":"post","link":"https:\/\/radiorevelacionfm.cl\/?p=29970","title":{"rendered":"Un total de 930 kilos de mariscos y 240 de salm\u00f3n se decomisaron en fiscalizaciones sanitarias durante Semana Santa"},"content":{"rendered":"<div class=\"flex_column av_one_full  flex_column_div av-zero-column-padding first  avia-builder-el-0  el_before_av_one_full  avia-builder-el-first  \" style='border-radius:0px; '><div  class='avia-image-container  av-styling-    avia-builder-el-1  avia-builder-el-no-sibling  avia-align-center '  itemprop=\"image\" itemscope=\"itemscope\" itemtype=\"https:\/\/schema.org\/ImageObject\"  ><div class='avia-image-container-inner'><div class='avia-image-overlay-wrap'><img decoding=\"async\" class='wp-image-29977 avia-img-lazy-loading-not-29977 avia_image' src=\"https:\/\/radiorevelacionfm.cl\/wp-content\/uploads\/2023\/04\/controles-carreteros-1-1-1_optimized-1.jpeg\" alt='' title='controles-carreteros-(1)-(1)-(1)_optimized (1)' height=\"600\" width=\"1333\"  itemprop=\"thumbnailUrl\" srcset=\"https:\/\/radiorevelacionfm.cl\/wp-content\/uploads\/2023\/04\/controles-carreteros-1-1-1_optimized-1.jpeg 1333w, https:\/\/radiorevelacionfm.cl\/wp-content\/uploads\/2023\/04\/controles-carreteros-1-1-1_optimized-1-300x135.jpeg 300w, https:\/\/radiorevelacionfm.cl\/wp-content\/uploads\/2023\/04\/controles-carreteros-1-1-1_optimized-1-1030x464.jpeg 1030w, https:\/\/radiorevelacionfm.cl\/wp-content\/uploads\/2023\/04\/controles-carreteros-1-1-1_optimized-1-768x346.jpeg 768w, https:\/\/radiorevelacionfm.cl\/wp-content\/uploads\/2023\/04\/controles-carreteros-1-1-1_optimized-1-705x317.jpeg 705w, https:\/\/radiorevelacionfm.cl\/wp-content\/uploads\/2023\/04\/controles-carreteros-1-1-1_optimized-1-450x203.jpeg 450w, https:\/\/radiorevelacionfm.cl\/wp-content\/uploads\/2023\/04\/controles-carreteros-1-1-1_optimized-1-600x270.jpeg 600w\" sizes=\"(max-width: 1333px) 100vw, 1333px\" \/><\/div><\/div><\/div><\/div><div class=\"flex_column av_one_full  flex_column_div av-zero-column-padding first  avia-builder-el-2  el_after_av_one_full  el_before_av_one_full  column-top-margin\" style='border-radius:0px; '><section class=\"av_textblock_section \"  itemscope=\"itemscope\" itemtype=\"https:\/\/schema.org\/BlogPosting\" itemprop=\"blogPost\" ><div class='avia_textblock  '   itemprop=\"text\" ><p style=\"text-align: center;\"><strong><span style=\"font-size: 18pt;\">Un total de 930 kilos de mariscos y 240 de salm\u00f3n se decomisaron en fiscalizaciones sanitarias durante Semana Santa<\/span><\/strong><\/p>\n<div id=\"gtx-trans\" style=\"position: absolute; left: -50px; top: 4.31534px;\">\n<div class=\"gtx-trans-icon\"><\/div>\n<\/div>\n<\/div><\/section><\/div><\/p>\n<div class=\"flex_column av_one_full  flex_column_div av-zero-column-padding first  avia-builder-el-4  el_after_av_one_full  el_before_av_hr  column-top-margin\" style='border-radius:0px; '><section class=\"av_textblock_section \"  itemscope=\"itemscope\" itemtype=\"https:\/\/schema.org\/BlogPosting\" itemprop=\"blogPost\" ><div class='avia_textblock  '   itemprop=\"text\" ><p style=\"text-align: justify;\"><em>Durante las acciones desarrolladas en este per\u00edodo, no se registraron atenciones m\u00e9dicas por intoxicaci\u00f3n en el consumo de alimentos en mal estado. Sin embargo, se decomisaron 930 kilos de mariscos, principalmente porque no contaban con documentaci\u00f3n que acreditara su procedencia, presentando un riesgo para la salud de las personas.\u00a0 <\/em><\/p>\n<p style=\"text-align: justify;\">Sin personas intoxicadas por consumo de productos en mal estado o con presencia de Marea Roja, fue el resultado del amplio plan de acci\u00f3n desarrollado con motivo de las festividades de Semana Santa, por parte de los organismos que componen el Comit\u00e9 Regional de Marea Roja, donde se desarrollaron m\u00e1s de 300 fiscalizaciones terrestres y mar\u00edtimas para evitar el traslado o comercializaci\u00f3n de productos marinos extra\u00eddos desde el litoral, sin resoluci\u00f3n sanitaria del Laboratorio de Salud P\u00fablica de Puerto Ays\u00e9n.<\/p>\n<p style=\"text-align: justify;\">La informaci\u00f3n la dio a conocer la Seremi de Salud Ays\u00e9n, Carmen Monsalve G\u00f3mez, quien act\u00faa como secretaria ejecutiva de este comit\u00e9 regional. \u201cDesde el sector salud, tenemos un balance positivo ya que en estas semanas no se han reportado casos de personas intoxicadas por consumir mariscos o productos marinos en mal estado, y mucho menos por Marea Roja, lo que significa que nuestras comunidades han ido inform\u00e1ndose, siguiendo las recomendaciones de la autoridad sanitaria y de todos los servicios e instituciones que conforman el Comit\u00e9 Regional de Marea Roja por consumir productos en locales establecidos y que cuenten con la autorizaci\u00f3n sanitaria del laboratorio de Salud P\u00fablica, donde se decomisaron 930 kilos de mariscos, adem\u00e1s de 240 kilos de salm\u00f3n, productos que fueron sacados de circulaci\u00f3n por no acreditar procedencia y no respetar la cadena de fr\u00edo para su traslado, lo que se suma a 301 unidades de picorocos extra\u00eddos en el litoral de nuestra regi\u00f3n, por ser un recurso del mar no autorizado para su extracci\u00f3n local. Estos buenos resultados son fruto del trabajo articulado de todas las instituciones que forman parte del Comit\u00e9 Regional de Marea Roja\u201d.<\/p>\n<p style=\"text-align: justify;\">En este contexto, el Director Regional del Servicio Nacional de Pesca y Acuicultura (SERNAPESCA), Jorge Padilla Trujillo, indic\u00f3 que en este per\u00edodo solo se detect\u00f3 a una embarcaci\u00f3n realizando extracci\u00f3n ilegal de mariscos. \u201cNosotros hacemos un balance positivo de las acciones de este per\u00edodo ya que solo tuvimos un solo decomiso que fue devuelto al mar en el lugar donde estaba siendo extra\u00eddo, seg\u00fan los acuerdos que tenemos con las autoridades que tienen competencia sectorial.\u00a0 Se trato de un total de 250 kilos de almeja que estaban siendo extra\u00eddas por una embarcaci\u00f3n de la regi\u00f3n de Los Lagos sin contar con los permisos correspondientes, se le curso una infracci\u00f3n y los antecedentes se entregaron a un tribunal de Puerto Ays\u00e9n. En general vimos mucho menor incumplimiento que el a\u00f1o pasado\u201d.<\/p>\n<p style=\"text-align: justify;\">Finalmente, cabe se\u00f1alar que a nivel regional se realizaron controles carreteros, fiscalizaciones en puertos y zonas del litoral, adem\u00e1s del comercio establecido, donde a trav\u00e9s del plan de acci\u00f3n del\u00a0 Comit\u00e9 Regional de Marea Roja solo se cursaron 03 sumarios sanitarios, acciones que continuar\u00e1n ejecut\u00e1ndose durante este a\u00f1o a trav\u00e9s de un trabajo intersectorial de la Seremi de Salud, SERNAPESCA, Armada de Chile, Carabineros, Aduana y el Servicio de Impuestos Internos, entre otros.<\/p>\n<\/div><\/section><\/div>\n<div  style='height:50px' class='hr hr-invisible   avia-builder-el-6  el_after_av_one_full  el_before_av_social_share '><span class='hr-inner ' ><span class='hr-inner-style'><\/span><\/span><\/div>\n<div  class='av-social-sharing-box  avia-builder-el-7  el_after_av_hr  el_before_av_hr  '><div class='av-share-box'><h5 class='av-share-link-description av-no-toc '>Compartir esta noticia<\/h5><ul class='av-share-box-list noLightbox'><li class='av-share-link av-social-link-facebook' ><a target=\"_blank\" aria-label=\"Compartir en Facebook\" href='https:\/\/www.facebook.com\/sharer.php?u=https:\/\/radiorevelacionfm.cl\/?p=29970&#038;t=Un%20total%20de%20930%20kilos%20de%20mariscos%20y%20240%20de%20salm%C3%B3n%20se%20decomisaron%20en%20fiscalizaciones%20sanitarias%20durante%20Semana%20Santa' aria-hidden='false' data-av_icon='\ue8f3' data-av_iconfont='entypo-fontello' title='' data-avia-related-tooltip='Compartir en Facebook' rel=\"noopener\"><span class='avia_hidden_link_text'>Compartir en Facebook<\/span><\/a><\/li><li class='av-share-link av-social-link-twitter' ><a target=\"_blank\" aria-label=\"Compartir en Twitter\" href='https:\/\/twitter.com\/share?text=Un%20total%20de%20930%20kilos%20de%20mariscos%20y%20240%20de%20salm%C3%B3n%20se%20decomisaron%20en%20fiscalizaciones%20sanitarias%20durante%20Semana%20Santa&#038;url=https:\/\/radiorevelacionfm.cl\/?p=29970' aria-hidden='false' data-av_icon='\ue8f1' data-av_iconfont='entypo-fontello' title='' data-avia-related-tooltip='Compartir en Twitter' rel=\"noopener\"><span class='avia_hidden_link_text'>Compartir en Twitter<\/span><\/a><\/li><li class='av-share-link av-social-link-whatsapp' ><a target=\"_blank\" aria-label=\"Compartir en Whatsapp\" href='https:\/\/api.whatsapp.com\/send?text=https:\/\/radiorevelacionfm.cl\/?p=29970' aria-hidden='false' data-av_icon='\uf232' data-av_iconfont='entypo-fontello' title='' data-avia-related-tooltip='Compartir en Whatsapp' rel=\"noopener\"><span class='avia_hidden_link_text'>Compartir en Whatsapp<\/span><\/a><\/li><li class='av-share-link av-social-link-linkedin' ><a target=\"_blank\" aria-label=\"Compartir en LinkedIn\" href='https:\/\/linkedin.com\/shareArticle?mini=true&#038;title=Un%20total%20de%20930%20kilos%20de%20mariscos%20y%20240%20de%20salm%C3%B3n%20se%20decomisaron%20en%20fiscalizaciones%20sanitarias%20durante%20Semana%20Santa&#038;url=https:\/\/radiorevelacionfm.cl\/?p=29970' aria-hidden='false' data-av_icon='\ue8fc' data-av_iconfont='entypo-fontello' title='' data-avia-related-tooltip='Compartir en LinkedIn' rel=\"noopener\"><span class='avia_hidden_link_text'>Compartir en LinkedIn<\/span><\/a><\/li><li class='av-share-link av-social-link-mail' ><a  aria-label=\"Compartir por correo\" href='mailto:?subject=Un%20total%20de%20930%20kilos%20de%20mariscos%20y%20240%20de%20salm%C3%B3n%20se%20decomisaron%20en%20fiscalizaciones%20sanitarias%20durante%20Semana%20Santa&#038;body=https:\/\/radiorevelacionfm.cl\/?p=29970' aria-hidden='false' data-av_icon='\ue805' data-av_iconfont='entypo-fontello' title='' data-avia-related-tooltip='Compartir por correo'><span class='avia_hidden_link_text'>Compartir por correo<\/span><\/a><\/li><\/ul><\/div><\/div>\n<div  style='height:50px' class='hr hr-invisible   avia-builder-el-8  el_after_av_social_share  el_before_av_comments_list '><span class='hr-inner ' ><span class='hr-inner-style'><\/span><\/span><\/div>\n<div  class='av-buildercomment  av-blog-meta-html-info-disabled av-blog-meta-tag-disabled  '><\/div>\n","protected":false},"excerpt":{"rendered":"","protected":false},"author":1,"featured_media":29977,"comment_status":"open","ping_status":"open","sticky":false,"template":"","format":"standard","meta":{"footnotes":""},"categories":[46],"tags":[],"class_list":["post-29970","post","type-post","status-publish","format-standard","has-post-thumbnail","hentry","category-salud"],"jetpack_featured_media_url":"https:\/\/radiorevelacionfm.cl\/wp-content\/uploads\/2023\/04\/controles-carreteros-1-1-1_optimized-1.jpeg","_links":{"self":[{"href":"https:\/\/radiorevelacionfm.cl\/index.php?rest_route=\/wp\/v2\/posts\/29970","targetHints":{"allow":["GET"]}}],"collection":[{"href":"https:\/\/radiorevelacionfm.cl\/index.php?rest_route=\/wp\/v2\/posts"}],"about":[{"href":"https:\/\/radiorevelacionfm.cl\/index.php?rest_route=\/wp\/v2\/types\/post"}],"author":[{"embeddable":true,"href":"https:\/\/radiorevelacionfm.cl\/index.php?rest_route=\/wp\/v2\/users\/1"}],"replies":[{"embeddable":true,"href":"https:\/\/radiorevelacionfm.cl\/index.php?rest_route=%2Fwp%2Fv2%2Fcomments&post=29970"}],"version-history":[{"count":3,"href":"https:\/\/radiorevelacionfm.cl\/index.php?rest_route=\/wp\/v2\/posts\/29970\/revisions"}],"predecessor-version":[{"id":29978,"href":"https:\/\/radiorevelacionfm.cl\/index.php?rest_route=\/wp\/v2\/posts\/29970\/revisions\/29978"}],"wp:featuredmedia":[{"embeddable":true,"href":"https:\/\/radiorevelacionfm.cl\/index.php?rest_route=\/wp\/v2\/media\/29977"}],"wp:attachment":[{"href":"https:\/\/radiorevelacionfm.cl\/index.php?rest_route=%2Fwp%2Fv2%2Fmedia&parent=29970"}],"wp:term":[{"taxonomy":"category","embeddable":true,"href":"https:\/\/radiorevelacionfm.cl\/index.php?rest_route=%2Fwp%2Fv2%2Fcategories&post=29970"},{"taxonomy":"post_tag","embeddable":true,"href":"https:\/\/radiorevelacionfm.cl\/index.php?rest_route=%2Fwp%2Fv2%2Ftags&post=29970"}],"curies":[{"name":"wp","href":"https:\/\/api.w.org\/{rel}","templated":true}]}}