{"id":29959,"date":"2023-04-12T10:38:56","date_gmt":"2023-04-12T13:38:56","guid":{"rendered":"https:\/\/radiorevelacionfm.cl\/?p=29959"},"modified":"2023-04-12T10:38:56","modified_gmt":"2023-04-12T13:38:56","slug":"calisto-se-reune-con-ministro-jackson-para-solicitar-aumento-de-monto-y-cobertura-del-bono-lena","status":"publish","type":"post","link":"https:\/\/radiorevelacionfm.cl\/?p=29959","title":{"rendered":"Calisto se re\u00fane con Ministro Jackson para solicitar aumento de monto y cobertura del bono le\u00f1a"},"content":{"rendered":"<div class=\"flex_column av_one_full  flex_column_div av-zero-column-padding first  avia-builder-el-0  el_before_av_one_full  avia-builder-el-first  \" style='border-radius:0px; '><div  class='avia-image-container  av-styling-    avia-builder-el-1  avia-builder-el-no-sibling  avia-align-center '  itemprop=\"image\" itemscope=\"itemscope\" itemtype=\"https:\/\/schema.org\/ImageObject\"  ><div class='avia-image-container-inner'><div class='avia-image-overlay-wrap'><img decoding=\"async\" class='wp-image-29960 avia-img-lazy-loading-not-29960 avia_image' src=\"https:\/\/radiorevelacionfm.cl\/wp-content\/uploads\/2023\/04\/foto-calisto-jackson-2-1-1.jpeg\" alt='' title='foto calisto jackson 2 (1) (1)' height=\"600\" width=\"983\"  itemprop=\"thumbnailUrl\" srcset=\"https:\/\/radiorevelacionfm.cl\/wp-content\/uploads\/2023\/04\/foto-calisto-jackson-2-1-1.jpeg 983w, https:\/\/radiorevelacionfm.cl\/wp-content\/uploads\/2023\/04\/foto-calisto-jackson-2-1-1-300x183.jpeg 300w, https:\/\/radiorevelacionfm.cl\/wp-content\/uploads\/2023\/04\/foto-calisto-jackson-2-1-1-768x469.jpeg 768w, https:\/\/radiorevelacionfm.cl\/wp-content\/uploads\/2023\/04\/foto-calisto-jackson-2-1-1-705x430.jpeg 705w, https:\/\/radiorevelacionfm.cl\/wp-content\/uploads\/2023\/04\/foto-calisto-jackson-2-1-1-450x275.jpeg 450w, https:\/\/radiorevelacionfm.cl\/wp-content\/uploads\/2023\/04\/foto-calisto-jackson-2-1-1-600x366.jpeg 600w\" sizes=\"(max-width: 983px) 100vw, 983px\" \/><\/div><\/div><\/div><\/div><div class=\"flex_column av_one_full  flex_column_div av-zero-column-padding first  avia-builder-el-2  el_after_av_one_full  el_before_av_one_full  column-top-margin\" style='border-radius:0px; '><section class=\"av_textblock_section \"  itemscope=\"itemscope\" itemtype=\"https:\/\/schema.org\/BlogPosting\" itemprop=\"blogPost\" ><div class='avia_textblock  '   itemprop=\"text\" ><p style=\"text-align: center;\"><strong><span style=\"font-size: 18pt;\">Calisto se re\u00fane con Ministro Jackson para solicitar aumento de monto y cobertura del bono le\u00f1a<\/span><\/strong><\/p>\n<div id=\"gtx-trans\" style=\"position: absolute; left: -50px; top: 4.31534px;\">\n<div class=\"gtx-trans-icon\"><\/div>\n<\/div>\n<\/div><\/section><\/div><div class=\"flex_column av_one_full  flex_column_div av-zero-column-padding first  avia-builder-el-4  el_after_av_one_full  el_before_av_hr  column-top-margin\" style='border-radius:0px; '><section class=\"av_textblock_section \"  itemscope=\"itemscope\" itemtype=\"https:\/\/schema.org\/BlogPosting\" itemprop=\"blogPost\" ><div class='avia_textblock  '   itemprop=\"text\" ><p style=\"font-weight: 400; text-align: justify;\">Ante la preocupaci\u00f3n de muchas familias de Ays\u00e9n que se quedaron sin el bono de calefacci\u00f3n, el diputado Miguel \u00c1ngel Calisto se reuni\u00f3 con el Ministro de Desarrollo Social, Giorgio Jackson, a quien le solicit\u00f3 que se aumentara el monto y la cobertura de este beneficio, asegurando que \u201ccon los precios actuales de la le\u00f1a, el dinero del bono es absolutamente insuficiente\u201d.<\/p>\n<p style=\"font-weight: 400; text-align: justify;\">Seg\u00fan el legislador, \u201clamentablemente, el Gobierno se ha negado a la posibilidad de aumento al monto del bono de calefacci\u00f3n para la regi\u00f3n de Ays\u00e9n, un tema muy necesario tomando en cuenta los altos costos de vida que tenemos. Es fundamental que el Gobierno se abra a esta medida, porque el metro de le\u00f1a sale 60 o 70 mil pesos en distintos puntos de la regi\u00f3n y con 100 mil pesos no alcanza para nada\u201d.<\/p>\n<p style=\"font-weight: 400; text-align: justify;\">\u201cEn esta reuni\u00f3n que sostuvimos con el Ministro Jackson, y que esperamos replicar con el Ministro de Hacienda, solicitamos adem\u00e1s que se pueda cubrir el d\u00e9ficit que afecta a un grupo importante de familias, son cerca de 8 mil las que se quedaron sin el beneficio, es fundamental que pongamos \u00e9nfasis en la gesti\u00f3n para aumentar la cobertura de este bono\u201d, afirm\u00f3 el legisaldor.<\/p>\n<p style=\"font-weight: 400; text-align: justify;\">Calisto asegur\u00f3 que \u201cel ministro Jackson se comprometi\u00f3 a ayudarnos con esta gesti\u00f3n, esperamos que el ministro de Hacienda tambi\u00e9n se comprometa. Necesitamos que las familias que quedaron sin bono le\u00f1a puedan acceder a este beneficio lo antes posible, ojal\u00e1 durante este mes o en el pr\u00f3ximo. Este bono debe ser para la totalidad de las familias de la regi\u00f3n y no para algunas. En Magallanes se entrega un beneficio similar para el gas y es mucho mayor en monto y en cantidad de lo que se nos entrega a nosotros en Ays\u00e9n.<\/p>\n<p style=\"font-weight: 400; text-align: justify;\"><strong>La respuesta del Ministro<\/strong><\/p>\n<p style=\"font-weight: 400; text-align: justify;\">Por su parte el Ministro Giorgio Jackson se\u00f1al\u00f3 que \u201ccreo que es muy importante poder conversar sobre los temas que afectan a las regiones, y desde el Ministerio de Desarrollo Social los temas relacionados a pobreza, desigualdad, y en este caso, desigualdad territorial y al aumento de costo de vida, son tem\u00e1ticas muy importantes\u201d.<\/p>\n<p style=\"font-weight: 400; text-align: justify;\">\u201cLo que hemos conversado es que actualmente, dada la restricci\u00f3n presupuestaria, es decir los montos que se nos asignaron, lo que decidimos como Ministerio de Desarrollo Social fue ampliar los cupos que inicialmente se hab\u00edan asignado el a\u00f1o 2022 y este a\u00f1o, con el aumento presupuestario, aumentamos los cupos para llegar a m\u00e1s familias\u201d, afirm\u00f3.<\/p>\n<p style=\"font-weight: 400; text-align: justify;\">Jackson asegur\u00f3 que \u201ces cierto y estamos plenamente conscientes, muchas veces estos recursos, los cien mil pesos, se hacen insuficientes para las necesidades que puedan tener las familias. Revisar en funci\u00f3n de las necesidades presupuestarias y en funci\u00f3n de las discusiones tributarias que vienen adelante la posibilidad de ampliar y aumentar estos beneficios es parte importante de lo que queremos hacer como Gobierno\u201d.<\/p>\n<p style=\"font-weight: 400; text-align: justify;\">Finalmente, el ministro asegur\u00f3 que \u201cagradecemos estas gestiones y conversaciones por parte del diputado, porque creemos que a necesidades permanentes, como es la calefacci\u00f3n, se necesitan ingresos permanentes. En el marco de la discusi\u00f3n presupuestaria tenemos que discutir c\u00f3mo gastamos esos recursos, y este es un tema importante que viene de regiones\u201d.<\/p>\n<\/div><\/section><\/div><div  style='height:50px' class='hr hr-invisible   avia-builder-el-6  el_after_av_one_full  el_before_av_social_share '><span class='hr-inner ' ><span class='hr-inner-style'><\/span><\/span><\/div><\/p>\n<div  class='av-social-sharing-box  avia-builder-el-7  el_after_av_hr  el_before_av_hr  '><div class='av-share-box'><h5 class='av-share-link-description av-no-toc '>Compartir esta noticia<\/h5><ul class='av-share-box-list noLightbox'><li class='av-share-link av-social-link-facebook' ><a target=\"_blank\" aria-label=\"Compartir en Facebook\" href='https:\/\/www.facebook.com\/sharer.php?u=https:\/\/radiorevelacionfm.cl\/?p=29959&#038;t=Calisto%20se%20re%C3%BAne%20con%20Ministro%20Jackson%20para%20solicitar%20aumento%20de%20monto%20y%20cobertura%20del%20bono%20le%C3%B1a' aria-hidden='false' data-av_icon='\ue8f3' data-av_iconfont='entypo-fontello' title='' data-avia-related-tooltip='Compartir en Facebook' rel=\"noopener\"><span class='avia_hidden_link_text'>Compartir en Facebook<\/span><\/a><\/li><li class='av-share-link av-social-link-twitter' ><a target=\"_blank\" aria-label=\"Compartir en Twitter\" href='https:\/\/twitter.com\/share?text=Calisto%20se%20re%C3%BAne%20con%20Ministro%20Jackson%20para%20solicitar%20aumento%20de%20monto%20y%20cobertura%20del%20bono%20le%C3%B1a&#038;url=https:\/\/radiorevelacionfm.cl\/?p=29959' aria-hidden='false' data-av_icon='\ue8f1' data-av_iconfont='entypo-fontello' title='' data-avia-related-tooltip='Compartir en Twitter' rel=\"noopener\"><span class='avia_hidden_link_text'>Compartir en Twitter<\/span><\/a><\/li><li class='av-share-link av-social-link-whatsapp' ><a target=\"_blank\" aria-label=\"Compartir en Whatsapp\" href='https:\/\/api.whatsapp.com\/send?text=https:\/\/radiorevelacionfm.cl\/?p=29959' aria-hidden='false' data-av_icon='\uf232' data-av_iconfont='entypo-fontello' title='' data-avia-related-tooltip='Compartir en Whatsapp' rel=\"noopener\"><span class='avia_hidden_link_text'>Compartir en Whatsapp<\/span><\/a><\/li><li class='av-share-link av-social-link-linkedin' ><a target=\"_blank\" aria-label=\"Compartir en LinkedIn\" href='https:\/\/linkedin.com\/shareArticle?mini=true&#038;title=Calisto%20se%20re%C3%BAne%20con%20Ministro%20Jackson%20para%20solicitar%20aumento%20de%20monto%20y%20cobertura%20del%20bono%20le%C3%B1a&#038;url=https:\/\/radiorevelacionfm.cl\/?p=29959' aria-hidden='false' data-av_icon='\ue8fc' data-av_iconfont='entypo-fontello' title='' data-avia-related-tooltip='Compartir en LinkedIn' rel=\"noopener\"><span class='avia_hidden_link_text'>Compartir en LinkedIn<\/span><\/a><\/li><li class='av-share-link av-social-link-mail' ><a  aria-label=\"Compartir por correo\" href='mailto:?subject=Calisto%20se%20re%C3%BAne%20con%20Ministro%20Jackson%20para%20solicitar%20aumento%20de%20monto%20y%20cobertura%20del%20bono%20le%C3%B1a&#038;body=https:\/\/radiorevelacionfm.cl\/?p=29959' aria-hidden='false' data-av_icon='\ue805' data-av_iconfont='entypo-fontello' title='' data-avia-related-tooltip='Compartir por correo'><span class='avia_hidden_link_text'>Compartir por correo<\/span><\/a><\/li><\/ul><\/div><\/div>\n<div  style='height:50px' class='hr hr-invisible   avia-builder-el-8  el_after_av_social_share  el_before_av_comments_list '><span class='hr-inner ' ><span class='hr-inner-style'><\/span><\/span><\/div>\n<div  class='av-buildercomment  av-blog-meta-html-info-disabled av-blog-meta-tag-disabled  '><\/div>\n","protected":false},"excerpt":{"rendered":"","protected":false},"author":1,"featured_media":29960,"comment_status":"open","ping_status":"open","sticky":false,"template":"","format":"standard","meta":{"footnotes":""},"categories":[35],"tags":[],"class_list":["post-29959","post","type-post","status-publish","format-standard","has-post-thumbnail","hentry","category-politica"],"jetpack_featured_media_url":"https:\/\/radiorevelacionfm.cl\/wp-content\/uploads\/2023\/04\/foto-calisto-jackson-2-1-1.jpeg","_links":{"self":[{"href":"https:\/\/radiorevelacionfm.cl\/index.php?rest_route=\/wp\/v2\/posts\/29959","targetHints":{"allow":["GET"]}}],"collection":[{"href":"https:\/\/radiorevelacionfm.cl\/index.php?rest_route=\/wp\/v2\/posts"}],"about":[{"href":"https:\/\/radiorevelacionfm.cl\/index.php?rest_route=\/wp\/v2\/types\/post"}],"author":[{"embeddable":true,"href":"https:\/\/radiorevelacionfm.cl\/index.php?rest_route=\/wp\/v2\/users\/1"}],"replies":[{"embeddable":true,"href":"https:\/\/radiorevelacionfm.cl\/index.php?rest_route=%2Fwp%2Fv2%2Fcomments&post=29959"}],"version-history":[{"count":1,"href":"https:\/\/radiorevelacionfm.cl\/index.php?rest_route=\/wp\/v2\/posts\/29959\/revisions"}],"predecessor-version":[{"id":29961,"href":"https:\/\/radiorevelacionfm.cl\/index.php?rest_route=\/wp\/v2\/posts\/29959\/revisions\/29961"}],"wp:featuredmedia":[{"embeddable":true,"href":"https:\/\/radiorevelacionfm.cl\/index.php?rest_route=\/wp\/v2\/media\/29960"}],"wp:attachment":[{"href":"https:\/\/radiorevelacionfm.cl\/index.php?rest_route=%2Fwp%2Fv2%2Fmedia&parent=29959"}],"wp:term":[{"taxonomy":"category","embeddable":true,"href":"https:\/\/radiorevelacionfm.cl\/index.php?rest_route=%2Fwp%2Fv2%2Fcategories&post=29959"},{"taxonomy":"post_tag","embeddable":true,"href":"https:\/\/radiorevelacionfm.cl\/index.php?rest_route=%2Fwp%2Fv2%2Ftags&post=29959"}],"curies":[{"name":"wp","href":"https:\/\/api.w.org\/{rel}","templated":true}]}}