{"id":29956,"date":"2023-04-14T22:55:42","date_gmt":"2023-04-15T01:55:42","guid":{"rendered":"https:\/\/radiorevelacionfm.cl\/?p=29956"},"modified":"2023-04-20T22:59:00","modified_gmt":"2023-04-21T01:59:00","slug":"equipo-municipal-de-aysen-viaja-a-santiago-para-plantear-diversas-problematicas-a-las-autoridades","status":"publish","type":"post","link":"https:\/\/radiorevelacionfm.cl\/?p=29956","title":{"rendered":"Equipo municipal de Ays\u00e9n viaja a Santiago para plantear diversas problem\u00e1ticas a las autoridades"},"content":{"rendered":"<div class=\"flex_column av_one_full  flex_column_div av-zero-column-padding first  avia-builder-el-0  el_before_av_one_full  avia-builder-el-first  \" style='border-radius:0px; '><div  class='avia-image-container  av-styling-    avia-builder-el-1  avia-builder-el-no-sibling  avia-align-center '  itemprop=\"image\" itemscope=\"itemscope\" itemtype=\"https:\/\/schema.org\/ImageObject\"  ><div class='avia-image-container-inner'><div class='avia-image-overlay-wrap'><img decoding=\"async\" class='wp-image-29957 avia-img-lazy-loading-not-29957 avia_image' src=\"https:\/\/radiorevelacionfm.cl\/wp-content\/uploads\/2023\/04\/alcalde-concejales-subdere-1_optimized.jpg\" alt='' title='alcalde-concejales-subdere-(1)_optimized' height=\"600\" width=\"900\"  itemprop=\"thumbnailUrl\" srcset=\"https:\/\/radiorevelacionfm.cl\/wp-content\/uploads\/2023\/04\/alcalde-concejales-subdere-1_optimized.jpg 900w, https:\/\/radiorevelacionfm.cl\/wp-content\/uploads\/2023\/04\/alcalde-concejales-subdere-1_optimized-300x200.jpg 300w, https:\/\/radiorevelacionfm.cl\/wp-content\/uploads\/2023\/04\/alcalde-concejales-subdere-1_optimized-768x512.jpg 768w, https:\/\/radiorevelacionfm.cl\/wp-content\/uploads\/2023\/04\/alcalde-concejales-subdere-1_optimized-705x470.jpg 705w, https:\/\/radiorevelacionfm.cl\/wp-content\/uploads\/2023\/04\/alcalde-concejales-subdere-1_optimized-450x300.jpg 450w, https:\/\/radiorevelacionfm.cl\/wp-content\/uploads\/2023\/04\/alcalde-concejales-subdere-1_optimized-600x400.jpg 600w\" sizes=\"(max-width: 900px) 100vw, 900px\" \/><\/div><\/div><\/div><\/div><div class=\"flex_column av_one_full  flex_column_div av-zero-column-padding first  avia-builder-el-2  el_after_av_one_full  el_before_av_one_full  column-top-margin\" style='border-radius:0px; '><section class=\"av_textblock_section \"  itemscope=\"itemscope\" itemtype=\"https:\/\/schema.org\/BlogPosting\" itemprop=\"blogPost\" ><div class='avia_textblock  '   itemprop=\"text\" ><p style=\"text-align: center;\"><strong><span style=\"font-size: 18pt;\">Equipo municipal de Ays\u00e9n viaja a Santiago para plantear diversas problem\u00e1ticas a las autoridades<\/span><\/strong><\/p>\n<div id=\"gtx-trans\" style=\"position: absolute; left: -50px; top: 4.31534px;\">\n<div class=\"gtx-trans-icon\"><\/div>\n<\/div>\n<\/div><\/section><\/div><div class=\"flex_column av_one_full  flex_column_div av-zero-column-padding first  avia-builder-el-4  el_after_av_one_full  el_before_av_hr  column-top-margin\" style='border-radius:0px; '><section class=\"av_textblock_section \"  itemscope=\"itemscope\" itemtype=\"https:\/\/schema.org\/BlogPosting\" itemprop=\"blogPost\" ><div class='avia_textblock  '   itemprop=\"text\" ><p style=\"text-align: justify;\">Esta semana, el alcalde de Ays\u00e9n, Julio Uribe Alvarado, junto a los concejales Jorge Figueroa y Eduardo Mu\u00f1oz, y las directoras de Secplan, Roc\u00edo B\u00f3rquez, y Mabel Vel\u00e1squez, de Tr\u00e1nsito, viajaron a Santiago para plantear diversas problem\u00e1ticas que aquejan a la comuna a las autoridades con la finalidad de comprometer soluciones y recursos para ir en ayuda de los vecinos de las localidades de Ays\u00e9n.<\/p>\n<p style=\"text-align: justify;\">Una de las primeras reuniones sostenidas por el alcalde fue con el Subsecretario de Desarrollo Regional, Eduardo Cataldo. Respecto de ello, Uribe indic\u00f3 que \u201canalizamos temas de educaci\u00f3n, subvenciones y proyectos, y hay voluntad de ayudarnos. Nosotros ven\u00edamos a solicitar apoyo para entregar calefacci\u00f3n en los colegios y para acelerar el proceso de retiro voluntario\u201d, agregando que si bien es un tema de alta complejidad, el subsecretario comprometi\u00f3 entregar su apoyo al municipio.<\/p>\n<p style=\"text-align: justify;\">Adem\u00e1s, ante las autoridades se plantearon proyectos relacionados con la preservaci\u00f3n y mantenci\u00f3n de la infraestructura urbana, tales como la mantenci\u00f3n de la ciclov\u00eda del sector Gabriela Mistral, proyectos de mejoramiento vial en los ejes de zonas escolares, reposiciones de aceras en Villa Ma\u00f1ihuales, Puerto Aguirre, Estero Copa, Puerto Chacabuco y en diversos sectores de Puerto Ays\u00e9n.<\/p>\n<p style=\"text-align: justify;\">Respecto del proyecto de un segundo puente para Puerto Ays\u00e9n, el alcalde Uribe plante\u00f3 la urgencia que representa para la comunidad este proyecto, a causa del estado actual del puente Presidente Ib\u00e1\u00f1ez, cuya mantenci\u00f3n es de alta complejidad debido a que se trata de un Monumento Nacional.<\/p>\n<p style=\"text-align: justify;\">Posteriormente, se sostuvo un nuevo encuentro junto a otra divisi\u00f3n en la Subsecretar\u00eda para tratar nuevas jornadas de esterilizaci\u00f3n de mascotas en el marco de la Ley de Tenencia Responsable, lo que permitir\u00eda contar con una soluci\u00f3n a mediano plazo para la problem\u00e1tica de perros y gatos callejeros que afectan a diversas localidades de la comuna de Ays\u00e9n.<\/p>\n<p style=\"text-align: justify;\">Adem\u00e1s, se mantuvo una reuni\u00f3n en la Subsecretar\u00eda de Educaci\u00f3n para tratar el financiamiento de los establecimientos de la comuna, as\u00ed como el traspaso a los Servicios Locales de Educaci\u00f3n P\u00fablica de los mismos. Mediante estas instancias, se busca visibilizar a nivel central las necesidades que tiene la comunidad de Ays\u00e9n y que requieren de pronta soluci\u00f3n.<\/p>\n<\/div><\/section><\/div><div  style='height:50px' class='hr hr-invisible   avia-builder-el-6  el_after_av_one_full  el_before_av_social_share '><span class='hr-inner ' ><span class='hr-inner-style'><\/span><\/span><\/div><\/p>\n<div  class='av-social-sharing-box  avia-builder-el-7  el_after_av_hr  el_before_av_hr  '><div class='av-share-box'><h5 class='av-share-link-description av-no-toc '>Compartir esta noticia<\/h5><ul class='av-share-box-list noLightbox'><li class='av-share-link av-social-link-facebook' ><a target=\"_blank\" aria-label=\"Compartir en Facebook\" href='https:\/\/www.facebook.com\/sharer.php?u=https:\/\/radiorevelacionfm.cl\/?p=29956&#038;t=Equipo%20municipal%20de%20Ays%C3%A9n%20viaja%20a%20Santiago%20para%20plantear%20diversas%20problem%C3%A1ticas%20a%20las%20autoridades' aria-hidden='false' data-av_icon='\ue8f3' data-av_iconfont='entypo-fontello' title='' data-avia-related-tooltip='Compartir en Facebook' rel=\"noopener\"><span class='avia_hidden_link_text'>Compartir en Facebook<\/span><\/a><\/li><li class='av-share-link av-social-link-twitter' ><a target=\"_blank\" aria-label=\"Compartir en Twitter\" href='https:\/\/twitter.com\/share?text=Equipo%20municipal%20de%20Ays%C3%A9n%20viaja%20a%20Santiago%20para%20plantear%20diversas%20problem%C3%A1ticas%20a%20las%20autoridades&#038;url=https:\/\/radiorevelacionfm.cl\/?p=29956' aria-hidden='false' data-av_icon='\ue8f1' data-av_iconfont='entypo-fontello' title='' data-avia-related-tooltip='Compartir en Twitter' rel=\"noopener\"><span class='avia_hidden_link_text'>Compartir en Twitter<\/span><\/a><\/li><li class='av-share-link av-social-link-whatsapp' ><a target=\"_blank\" aria-label=\"Compartir en Whatsapp\" href='https:\/\/api.whatsapp.com\/send?text=https:\/\/radiorevelacionfm.cl\/?p=29956' aria-hidden='false' data-av_icon='\uf232' data-av_iconfont='entypo-fontello' title='' data-avia-related-tooltip='Compartir en Whatsapp' rel=\"noopener\"><span class='avia_hidden_link_text'>Compartir en Whatsapp<\/span><\/a><\/li><li class='av-share-link av-social-link-linkedin' ><a target=\"_blank\" aria-label=\"Compartir en LinkedIn\" href='https:\/\/linkedin.com\/shareArticle?mini=true&#038;title=Equipo%20municipal%20de%20Ays%C3%A9n%20viaja%20a%20Santiago%20para%20plantear%20diversas%20problem%C3%A1ticas%20a%20las%20autoridades&#038;url=https:\/\/radiorevelacionfm.cl\/?p=29956' aria-hidden='false' data-av_icon='\ue8fc' data-av_iconfont='entypo-fontello' title='' data-avia-related-tooltip='Compartir en LinkedIn' rel=\"noopener\"><span class='avia_hidden_link_text'>Compartir en LinkedIn<\/span><\/a><\/li><li class='av-share-link av-social-link-mail' ><a  aria-label=\"Compartir por correo\" href='mailto:?subject=Equipo%20municipal%20de%20Ays%C3%A9n%20viaja%20a%20Santiago%20para%20plantear%20diversas%20problem%C3%A1ticas%20a%20las%20autoridades&#038;body=https:\/\/radiorevelacionfm.cl\/?p=29956' aria-hidden='false' data-av_icon='\ue805' data-av_iconfont='entypo-fontello' title='' data-avia-related-tooltip='Compartir por correo'><span class='avia_hidden_link_text'>Compartir por correo<\/span><\/a><\/li><\/ul><\/div><\/div>\n<div  style='height:50px' class='hr hr-invisible   avia-builder-el-8  el_after_av_social_share  el_before_av_comments_list '><span class='hr-inner ' ><span class='hr-inner-style'><\/span><\/span><\/div>\n<div  class='av-buildercomment  av-blog-meta-html-info-disabled av-blog-meta-tag-disabled  '><\/div>\n","protected":false},"excerpt":{"rendered":"","protected":false},"author":1,"featured_media":29957,"comment_status":"open","ping_status":"open","sticky":false,"template":"","format":"standard","meta":{"footnotes":""},"categories":[38],"tags":[],"class_list":["post-29956","post","type-post","status-publish","format-standard","has-post-thumbnail","hentry","category-regional"],"jetpack_featured_media_url":"https:\/\/radiorevelacionfm.cl\/wp-content\/uploads\/2023\/04\/alcalde-concejales-subdere-1_optimized.jpg","_links":{"self":[{"href":"https:\/\/radiorevelacionfm.cl\/index.php?rest_route=\/wp\/v2\/posts\/29956","targetHints":{"allow":["GET"]}}],"collection":[{"href":"https:\/\/radiorevelacionfm.cl\/index.php?rest_route=\/wp\/v2\/posts"}],"about":[{"href":"https:\/\/radiorevelacionfm.cl\/index.php?rest_route=\/wp\/v2\/types\/post"}],"author":[{"embeddable":true,"href":"https:\/\/radiorevelacionfm.cl\/index.php?rest_route=\/wp\/v2\/users\/1"}],"replies":[{"embeddable":true,"href":"https:\/\/radiorevelacionfm.cl\/index.php?rest_route=%2Fwp%2Fv2%2Fcomments&post=29956"}],"version-history":[{"count":1,"href":"https:\/\/radiorevelacionfm.cl\/index.php?rest_route=\/wp\/v2\/posts\/29956\/revisions"}],"predecessor-version":[{"id":29958,"href":"https:\/\/radiorevelacionfm.cl\/index.php?rest_route=\/wp\/v2\/posts\/29956\/revisions\/29958"}],"wp:featuredmedia":[{"embeddable":true,"href":"https:\/\/radiorevelacionfm.cl\/index.php?rest_route=\/wp\/v2\/media\/29957"}],"wp:attachment":[{"href":"https:\/\/radiorevelacionfm.cl\/index.php?rest_route=%2Fwp%2Fv2%2Fmedia&parent=29956"}],"wp:term":[{"taxonomy":"category","embeddable":true,"href":"https:\/\/radiorevelacionfm.cl\/index.php?rest_route=%2Fwp%2Fv2%2Fcategories&post=29956"},{"taxonomy":"post_tag","embeddable":true,"href":"https:\/\/radiorevelacionfm.cl\/index.php?rest_route=%2Fwp%2Fv2%2Ftags&post=29956"}],"curies":[{"name":"wp","href":"https:\/\/api.w.org\/{rel}","templated":true}]}}