{"id":29950,"date":"2023-04-11T22:56:47","date_gmt":"2023-04-12T01:56:47","guid":{"rendered":"https:\/\/radiorevelacionfm.cl\/?p=29950"},"modified":"2023-04-11T22:56:47","modified_gmt":"2023-04-12T01:56:47","slug":"45-familias-de-coyhaique-recibieron-subsidio-para-adquirir-o-construir-su-casa-propia","status":"publish","type":"post","link":"https:\/\/radiorevelacionfm.cl\/?p=29950","title":{"rendered":"45 familias de Coyhaique recibieron Subsidio para adquirir o construir su casa propia"},"content":{"rendered":"<div class=\"flex_column av_one_full  flex_column_div av-zero-column-padding first  avia-builder-el-0  el_before_av_one_full  avia-builder-el-first  \" style='border-radius:0px; '><div  class='avia-image-container  av-styling-    avia-builder-el-1  avia-builder-el-no-sibling  avia-align-center '  itemprop=\"image\" itemscope=\"itemscope\" itemtype=\"https:\/\/schema.org\/ImageObject\"  ><div class='avia-image-container-inner'><div class='avia-image-overlay-wrap'><img decoding=\"async\" class='wp-image-29951 avia-img-lazy-loading-not-29951 avia_image' src=\"https:\/\/radiorevelacionfm.cl\/wp-content\/uploads\/2023\/04\/Seremi-de-Vivienda-entrega-Subsidio-sectores-medios-1-1.jpg\" alt='' title='Seremi de Vivienda entrega Subsidio sectores medios (1) (1)' height=\"600\" width=\"900\"  itemprop=\"thumbnailUrl\" srcset=\"https:\/\/radiorevelacionfm.cl\/wp-content\/uploads\/2023\/04\/Seremi-de-Vivienda-entrega-Subsidio-sectores-medios-1-1.jpg 900w, https:\/\/radiorevelacionfm.cl\/wp-content\/uploads\/2023\/04\/Seremi-de-Vivienda-entrega-Subsidio-sectores-medios-1-1-300x200.jpg 300w, https:\/\/radiorevelacionfm.cl\/wp-content\/uploads\/2023\/04\/Seremi-de-Vivienda-entrega-Subsidio-sectores-medios-1-1-768x512.jpg 768w, https:\/\/radiorevelacionfm.cl\/wp-content\/uploads\/2023\/04\/Seremi-de-Vivienda-entrega-Subsidio-sectores-medios-1-1-705x470.jpg 705w, https:\/\/radiorevelacionfm.cl\/wp-content\/uploads\/2023\/04\/Seremi-de-Vivienda-entrega-Subsidio-sectores-medios-1-1-450x300.jpg 450w, https:\/\/radiorevelacionfm.cl\/wp-content\/uploads\/2023\/04\/Seremi-de-Vivienda-entrega-Subsidio-sectores-medios-1-1-600x400.jpg 600w\" sizes=\"(max-width: 900px) 100vw, 900px\" \/><\/div><\/div><\/div><\/div><div class=\"flex_column av_one_full  flex_column_div av-zero-column-padding first  avia-builder-el-2  el_after_av_one_full  el_before_av_one_full  column-top-margin\" style='border-radius:0px; '><section class=\"av_textblock_section \"  itemscope=\"itemscope\" itemtype=\"https:\/\/schema.org\/BlogPosting\" itemprop=\"blogPost\" ><div class='avia_textblock  '   itemprop=\"text\" ><p style=\"text-align: center;\"><span style=\"font-size: 18pt;\"><strong>45 familias de Coyhaique recibieron Subsidio para adquirir o construir su casa propia <\/strong><\/span><\/p>\n<div id=\"gtx-trans\" style=\"position: absolute; left: -50px; top: 4.31534px;\">\n<div class=\"gtx-trans-icon\"><\/div>\n<\/div>\n<\/div><\/section><\/div><div class=\"flex_column av_one_full  flex_column_div av-zero-column-padding first  avia-builder-el-4  el_after_av_one_full  el_before_av_hr  column-top-margin\" style='border-radius:0px; '><section class=\"av_textblock_section \"  itemscope=\"itemscope\" itemtype=\"https:\/\/schema.org\/BlogPosting\" itemprop=\"blogPost\" ><div class='avia_textblock  '   itemprop=\"text\" ><p style=\"text-align: justify;\">En un emotivo encuentro, que cont\u00f3 con la participaci\u00f3n de autoridades regionales y locales, el Ministerio de Vivienda y Urbanismo (Minvu) entreg\u00f3 recientemente 45 certificados de subsidio a familias de sectores emergentes y medios de Coyhaique, quienes con este beneficio podr\u00e1n acceder en los pr\u00f3ximos meses a su esperada soluci\u00f3n habitacional.<\/p>\n<p style=\"text-align: justify;\">Cabe precisar que en el \u00faltimo llamado del a\u00f1o 2022 se registraron 257 postulantes a nivel regional, de los cuales 74 resultaron seleccionados para recibir su certificado de subsidio. De esta forma, 49 de ellos podr\u00e1n comprar una vivienda nueva o usada, en tanto que los otros 25 podr\u00e1n construir su casa en sitio propio.<\/p>\n<p style=\"text-align: justify;\">Tras la entrega de los documentos, la Seremi de Vivienda, Paulina Ruz, indic\u00f3 que esta es una muy buena noticia y da cuenta de las gestiones que se est\u00e1n realizando en el marco del Plan de Emergencia Habitacional, donde la meta regional es entregar al menos mil 293 viviendas en el periodo de Gobierno. \u201cSin embargo m\u00e1s all\u00e1 de los n\u00fameros, ac\u00e1 lo m\u00e1s importante son las familias, no trabajamos por metas de casas, trabajamos por familias, para garantizar su derecho a la vivienda, por descentralizar los beneficios del Estado y por llegar a los distintos sectores.\u00a0 Desearles tambi\u00e9n una hermosa vida en sus futuras casas, las que van a ser motivo de reencuentro, de decisiones y sobre todo de cari\u00f1o entre ustedes\u201d, afirm\u00f3.<\/p>\n<p style=\"text-align: justify;\">Posteriormente, una de las beneficiarias, Jessica Soto, valor\u00f3 y agradeci\u00f3 este apoyo que sin duda les permitir\u00e1 dar un gran paso como familia. \u201cSal\u00ed gratamente beneficiada con este subsidio, en mi caso para el \u00e1rea de construcci\u00f3n. Una muy buena noticia, ya que para los sectores medios nos es muy complejo llegar a tener una casa propia. En este caso vamos a poder construir ya algo propio y se agradecen estas instancias. Yo postul\u00e9 3 veces y logr\u00e9 quedar en esta \u00faltima, as\u00ed que la verdad es que estoy muy agradecida de poder recibir este subsidio, donde se abren nuevas oportunidades, nuevos momentos, nuevas vivencias que voy a tener junto a mi familia\u201d, asegur\u00f3<\/p>\n<p style=\"text-align: justify;\">El Delegado Presidencial (S), Samuel Navarro, destac\u00f3 tambi\u00e9n el trabajo que est\u00e1 desarrollando el Gobierno en todas las comunas y en las diferentes \u00e1reas, donde la prioridad y el principal objetivo es el bienestar de las familias. \u201cCon este subsidio podr\u00e1n acceder a una vivienda, pero el hogar lo construyen ustedes. Y tenemos desaf\u00edos importantes porque nuestra Patagonia tiene caracter\u00edsticas especiales. Deben tener presente que ustedes son los art\u00edfices, los constructores de su futuro, tienen en sus manos el futuro y si est\u00e1n ac\u00e1 es porque lo han peleado y de eso se trata la vida, de perseverar, de continuar, de transformar y ustedes hoy dan este paso que es muy importante para darle calidad de vida a su hogar y a su familia\u201d, manifest\u00f3.<\/p>\n<p style=\"text-align: justify;\">De igual forma el representante de la Gobernadora Regional, Oscar del Solar, puso \u00e9nfasis en la necesidad de seguir apoyando a las familias no solo con sus viviendas sino con todas las obras urbanas y de espacios p\u00fablicos que den garant\u00eda de seguridad y bienestar para el presente y el futuro. \u201cQu\u00e9 importante es humanizar nuestra gesti\u00f3n y las gestiones de las autoridades de los distintos servicios, porque finalmente en ellos recae la responsabilidad de generar oportunidades como esta para que las familias tengan su vivienda definitiva. Desde el Gobierno regional estamos trabajando en ello con mucha fuerza, as\u00ed que les deseamos el mayor \u00e9xito en lo que viene, ya que esto es solo un inicio\u201d, argument\u00f3.<\/p>\n<p style=\"text-align: justify;\">Cabe mencionar que los recursos asignados para la regi\u00f3n superan en esta ocasi\u00f3n los mil 32 millones de pesos como apoyo para las familias, en tanto que, en t\u00e9rminos generales, el subsidio entrega un aporte que va entre los 14 y los 26 millones de pesos aproximadamente para compra de una vivienda, en tanto que para el caso de la construcci\u00f3n los montos oscilan entre los 19 y los 26 millones y medio de pesos, dependiendo del tramo y la calificaci\u00f3n socioecon\u00f3mica de cada postulante.<\/p>\n<\/div><\/section><\/div><div  style='height:50px' class='hr hr-invisible   avia-builder-el-6  el_after_av_one_full  el_before_av_social_share '><span class='hr-inner ' ><span class='hr-inner-style'><\/span><\/span><\/div><\/p>\n<div  class='av-social-sharing-box  avia-builder-el-7  el_after_av_hr  el_before_av_hr  '><div class='av-share-box'><h5 class='av-share-link-description av-no-toc '>Compartir esta noticia<\/h5><ul class='av-share-box-list noLightbox'><li class='av-share-link av-social-link-facebook' ><a target=\"_blank\" aria-label=\"Compartir en Facebook\" href='https:\/\/www.facebook.com\/sharer.php?u=https:\/\/radiorevelacionfm.cl\/?p=29950&#038;t=45%20familias%20de%20Coyhaique%20recibieron%20Subsidio%20para%20adquirir%20o%20construir%20su%20casa%20propia' aria-hidden='false' data-av_icon='\ue8f3' data-av_iconfont='entypo-fontello' title='' data-avia-related-tooltip='Compartir en Facebook' rel=\"noopener\"><span class='avia_hidden_link_text'>Compartir en Facebook<\/span><\/a><\/li><li class='av-share-link av-social-link-twitter' ><a target=\"_blank\" aria-label=\"Compartir en Twitter\" href='https:\/\/twitter.com\/share?text=45%20familias%20de%20Coyhaique%20recibieron%20Subsidio%20para%20adquirir%20o%20construir%20su%20casa%20propia&#038;url=https:\/\/radiorevelacionfm.cl\/?p=29950' aria-hidden='false' data-av_icon='\ue8f1' data-av_iconfont='entypo-fontello' title='' data-avia-related-tooltip='Compartir en Twitter' rel=\"noopener\"><span class='avia_hidden_link_text'>Compartir en Twitter<\/span><\/a><\/li><li class='av-share-link av-social-link-whatsapp' ><a target=\"_blank\" aria-label=\"Compartir en Whatsapp\" href='https:\/\/api.whatsapp.com\/send?text=https:\/\/radiorevelacionfm.cl\/?p=29950' aria-hidden='false' data-av_icon='\uf232' data-av_iconfont='entypo-fontello' title='' data-avia-related-tooltip='Compartir en Whatsapp' rel=\"noopener\"><span class='avia_hidden_link_text'>Compartir en Whatsapp<\/span><\/a><\/li><li class='av-share-link av-social-link-linkedin' ><a target=\"_blank\" aria-label=\"Compartir en LinkedIn\" href='https:\/\/linkedin.com\/shareArticle?mini=true&#038;title=45%20familias%20de%20Coyhaique%20recibieron%20Subsidio%20para%20adquirir%20o%20construir%20su%20casa%20propia&#038;url=https:\/\/radiorevelacionfm.cl\/?p=29950' aria-hidden='false' data-av_icon='\ue8fc' data-av_iconfont='entypo-fontello' title='' data-avia-related-tooltip='Compartir en LinkedIn' rel=\"noopener\"><span class='avia_hidden_link_text'>Compartir en LinkedIn<\/span><\/a><\/li><li class='av-share-link av-social-link-mail' ><a  aria-label=\"Compartir por correo\" href='mailto:?subject=45%20familias%20de%20Coyhaique%20recibieron%20Subsidio%20para%20adquirir%20o%20construir%20su%20casa%20propia&#038;body=https:\/\/radiorevelacionfm.cl\/?p=29950' aria-hidden='false' data-av_icon='\ue805' data-av_iconfont='entypo-fontello' title='' data-avia-related-tooltip='Compartir por correo'><span class='avia_hidden_link_text'>Compartir por correo<\/span><\/a><\/li><\/ul><\/div><\/div>\n<div  style='height:50px' class='hr hr-invisible   avia-builder-el-8  el_after_av_social_share  el_before_av_comments_list '><span class='hr-inner ' ><span class='hr-inner-style'><\/span><\/span><\/div>\n<div  class='av-buildercomment  av-blog-meta-html-info-disabled av-blog-meta-tag-disabled  '><\/div>\n","protected":false},"excerpt":{"rendered":"","protected":false},"author":1,"featured_media":29951,"comment_status":"open","ping_status":"open","sticky":false,"template":"","format":"standard","meta":{"footnotes":""},"categories":[57],"tags":[],"class_list":["post-29950","post","type-post","status-publish","format-standard","has-post-thumbnail","hentry","category-vivienda"],"jetpack_featured_media_url":"https:\/\/radiorevelacionfm.cl\/wp-content\/uploads\/2023\/04\/Seremi-de-Vivienda-entrega-Subsidio-sectores-medios-1-1.jpg","_links":{"self":[{"href":"https:\/\/radiorevelacionfm.cl\/index.php?rest_route=\/wp\/v2\/posts\/29950","targetHints":{"allow":["GET"]}}],"collection":[{"href":"https:\/\/radiorevelacionfm.cl\/index.php?rest_route=\/wp\/v2\/posts"}],"about":[{"href":"https:\/\/radiorevelacionfm.cl\/index.php?rest_route=\/wp\/v2\/types\/post"}],"author":[{"embeddable":true,"href":"https:\/\/radiorevelacionfm.cl\/index.php?rest_route=\/wp\/v2\/users\/1"}],"replies":[{"embeddable":true,"href":"https:\/\/radiorevelacionfm.cl\/index.php?rest_route=%2Fwp%2Fv2%2Fcomments&post=29950"}],"version-history":[{"count":1,"href":"https:\/\/radiorevelacionfm.cl\/index.php?rest_route=\/wp\/v2\/posts\/29950\/revisions"}],"predecessor-version":[{"id":29952,"href":"https:\/\/radiorevelacionfm.cl\/index.php?rest_route=\/wp\/v2\/posts\/29950\/revisions\/29952"}],"wp:featuredmedia":[{"embeddable":true,"href":"https:\/\/radiorevelacionfm.cl\/index.php?rest_route=\/wp\/v2\/media\/29951"}],"wp:attachment":[{"href":"https:\/\/radiorevelacionfm.cl\/index.php?rest_route=%2Fwp%2Fv2%2Fmedia&parent=29950"}],"wp:term":[{"taxonomy":"category","embeddable":true,"href":"https:\/\/radiorevelacionfm.cl\/index.php?rest_route=%2Fwp%2Fv2%2Fcategories&post=29950"},{"taxonomy":"post_tag","embeddable":true,"href":"https:\/\/radiorevelacionfm.cl\/index.php?rest_route=%2Fwp%2Fv2%2Ftags&post=29950"}],"curies":[{"name":"wp","href":"https:\/\/api.w.org\/{rel}","templated":true}]}}