{"id":29947,"date":"2023-04-12T21:37:29","date_gmt":"2023-04-13T00:37:29","guid":{"rendered":"https:\/\/radiorevelacionfm.cl\/?p=29947"},"modified":"2023-04-12T21:37:29","modified_gmt":"2023-04-13T00:37:29","slug":"cuenta-publica-participativa-alcalde-uribe-realizara-cabildo-ciudadano-en-villa-manihuales","status":"publish","type":"post","link":"https:\/\/radiorevelacionfm.cl\/?p=29947","title":{"rendered":"Cuenta P\u00fablica Participativa: Alcalde Uribe realizar\u00e1 cabildo ciudadano en Villa Ma\u00f1ihuales"},"content":{"rendered":"<div class=\"flex_column av_one_full  flex_column_div av-zero-column-padding first  avia-builder-el-0  el_before_av_one_full  avia-builder-el-first  \" style='border-radius:0px; '><div  class='avia-image-container  av-styling-    avia-builder-el-1  avia-builder-el-no-sibling  avia-align-center '  itemprop=\"image\" itemscope=\"itemscope\" itemtype=\"https:\/\/schema.org\/ImageObject\"  ><div class='avia-image-container-inner'><div class='avia-image-overlay-wrap'><img decoding=\"async\" class='wp-image-29948 avia-img-lazy-loading-not-29948 avia_image' src=\"https:\/\/radiorevelacionfm.cl\/wp-content\/uploads\/2023\/04\/339486258_954686912558479_7826129685691398349_n-1-1.jpg\" alt='' title='339486258_954686912558479_7826129685691398349_n (1) (1)' height=\"600\" width=\"767\"  itemprop=\"thumbnailUrl\" srcset=\"https:\/\/radiorevelacionfm.cl\/wp-content\/uploads\/2023\/04\/339486258_954686912558479_7826129685691398349_n-1-1.jpg 767w, https:\/\/radiorevelacionfm.cl\/wp-content\/uploads\/2023\/04\/339486258_954686912558479_7826129685691398349_n-1-1-300x235.jpg 300w, https:\/\/radiorevelacionfm.cl\/wp-content\/uploads\/2023\/04\/339486258_954686912558479_7826129685691398349_n-1-1-705x551.jpg 705w, https:\/\/radiorevelacionfm.cl\/wp-content\/uploads\/2023\/04\/339486258_954686912558479_7826129685691398349_n-1-1-450x352.jpg 450w, https:\/\/radiorevelacionfm.cl\/wp-content\/uploads\/2023\/04\/339486258_954686912558479_7826129685691398349_n-1-1-600x469.jpg 600w\" sizes=\"(max-width: 767px) 100vw, 767px\" \/><\/div><\/div><\/div><\/div><div class=\"flex_column av_one_full  flex_column_div av-zero-column-padding first  avia-builder-el-2  el_after_av_one_full  el_before_av_one_full  column-top-margin\" style='border-radius:0px; '><section class=\"av_textblock_section \"  itemscope=\"itemscope\" itemtype=\"https:\/\/schema.org\/BlogPosting\" itemprop=\"blogPost\" ><div class='avia_textblock  '   itemprop=\"text\" ><p style=\"text-align: center;\"><span style=\"font-size: 18pt;\"><strong>Cuenta P\u00fablica Participativa: Alcalde Uribe realizar\u00e1 cabildo ciudadano en Villa Ma\u00f1ihuales<\/strong><\/span><\/p>\n<div id=\"gtx-trans\" style=\"position: absolute; left: -50px; top: 4.31534px;\">\n<div class=\"gtx-trans-icon\"><\/div>\n<\/div>\n<\/div><\/section><\/div><div class=\"flex_column av_one_full  flex_column_div av-zero-column-padding first  avia-builder-el-4  el_after_av_one_full  el_before_av_hr  column-top-margin\" style='border-radius:0px; '><section class=\"av_textblock_section \"  itemscope=\"itemscope\" itemtype=\"https:\/\/schema.org\/BlogPosting\" itemprop=\"blogPost\" ><div class='avia_textblock  '   itemprop=\"text\" ><p style=\"text-align: justify;\">El viernes 21 de mayo, el alcalde de Ays\u00e9n, Julio Uribe Alvarado, realizar\u00e1 un cabildo ciudadano en Villa Ma\u00f1ihuales, para informar a la comunidad respecto de la gesti\u00f3n municipal relacionada con la localidad del a\u00f1o 2022, en el marco de la Cuenta P\u00fablica Participativa 2022 que se llevar\u00e1 a cabo el 28 de abril.<\/p>\n<p style=\"text-align: justify;\">Esta actividad viene a complementar las tres previas instancias de este tipo de actividades que se han realizado en la comuna. Las primeras, en reuni\u00f3n con los vecinos de Puerto Aguirre y Caleta Andrade en Isla las Huichas el pasado 29 de marzo, y el 1 de abril, junto a las organizaciones comunitarias de Ays\u00e9n en el Club de Rodeo de la localidad. Esto, de manera tal de integrar a los diferentes actores de la sociedad y hacerlos part\u00edcipes de la gesti\u00f3n de la instituci\u00f3n.<\/p>\n<p style=\"text-align: justify;\">En esta oportunidad, se convoc\u00f3 a la comunidad de Villa Ma\u00f1ihuales a participar activamente de esta actividad, para que puedan conocer de primera mano el quehacer municipal, as\u00ed como para poder plantear sus inquietudes y preguntas directamente a las autoridades municipales que estar\u00e1n presentes.<\/p>\n<p style=\"text-align: justify;\">En la instancia, el alcalde presentar\u00e1 un resumen de la gesti\u00f3n realizada directamente en la localidad, enfoc\u00e1ndose principalmente en las \u00e1reas de proyectos de infraestructura urbana, medioambiente, tr\u00e1nsito, cultura y fomento productivo. Posteriormente, se entregar\u00e1 una encuesta a los asistentes para que puedan sumarse al proceso de evaluaci\u00f3n de la Cuenta P\u00fablica Participativa 2022.<\/p>\n<p style=\"text-align: justify;\">De acuerdo a la definici\u00f3n oficial utilizada por Subdere, las Cuentas P\u00fablicas Participativas son espacios de di\u00e1logo entre las instituciones y la ciudadan\u00eda. El objetivo de estos espacios permite a la autoridad p\u00fablica informar sobre la gesti\u00f3n realizada y a la comunidad ejercer control social sobre la Administraci\u00f3n del Estado.<\/p>\n<p style=\"text-align: justify;\">El acto final de la Cuenta P\u00fablica se realizar\u00e1 el viernes 28 de abril en el Polideportivo de Puerto Ays\u00e9n, instancia que ser\u00e1 abierta a toda la comunidad y donde se expondr\u00e1 la totalidad de la gesti\u00f3n municipal del a\u00f1o 2022.<\/p>\n<\/div><\/section><\/div><div  style='height:50px' class='hr hr-invisible   avia-builder-el-6  el_after_av_one_full  el_before_av_social_share '><span class='hr-inner ' ><span class='hr-inner-style'><\/span><\/span><\/div><\/p>\n<div  class='av-social-sharing-box  avia-builder-el-7  el_after_av_hr  el_before_av_hr  '><div class='av-share-box'><h5 class='av-share-link-description av-no-toc '>Compartir esta noticia<\/h5><ul class='av-share-box-list noLightbox'><li class='av-share-link av-social-link-facebook' ><a target=\"_blank\" aria-label=\"Compartir en Facebook\" href='https:\/\/www.facebook.com\/sharer.php?u=https:\/\/radiorevelacionfm.cl\/?p=29947&#038;t=Cuenta%20P%C3%BAblica%20Participativa%3A%20Alcalde%20Uribe%20realizar%C3%A1%20cabildo%20ciudadano%20en%20Villa%20Ma%C3%B1ihuales' aria-hidden='false' data-av_icon='\ue8f3' data-av_iconfont='entypo-fontello' title='' data-avia-related-tooltip='Compartir en Facebook' rel=\"noopener\"><span class='avia_hidden_link_text'>Compartir en Facebook<\/span><\/a><\/li><li class='av-share-link av-social-link-twitter' ><a target=\"_blank\" aria-label=\"Compartir en Twitter\" href='https:\/\/twitter.com\/share?text=Cuenta%20P%C3%BAblica%20Participativa%3A%20Alcalde%20Uribe%20realizar%C3%A1%20cabildo%20ciudadano%20en%20Villa%20Ma%C3%B1ihuales&#038;url=https:\/\/radiorevelacionfm.cl\/?p=29947' aria-hidden='false' data-av_icon='\ue8f1' data-av_iconfont='entypo-fontello' title='' data-avia-related-tooltip='Compartir en Twitter' rel=\"noopener\"><span class='avia_hidden_link_text'>Compartir en Twitter<\/span><\/a><\/li><li class='av-share-link av-social-link-whatsapp' ><a target=\"_blank\" aria-label=\"Compartir en Whatsapp\" href='https:\/\/api.whatsapp.com\/send?text=https:\/\/radiorevelacionfm.cl\/?p=29947' aria-hidden='false' data-av_icon='\uf232' data-av_iconfont='entypo-fontello' title='' data-avia-related-tooltip='Compartir en Whatsapp' rel=\"noopener\"><span class='avia_hidden_link_text'>Compartir en Whatsapp<\/span><\/a><\/li><li class='av-share-link av-social-link-linkedin' ><a target=\"_blank\" aria-label=\"Compartir en LinkedIn\" href='https:\/\/linkedin.com\/shareArticle?mini=true&#038;title=Cuenta%20P%C3%BAblica%20Participativa%3A%20Alcalde%20Uribe%20realizar%C3%A1%20cabildo%20ciudadano%20en%20Villa%20Ma%C3%B1ihuales&#038;url=https:\/\/radiorevelacionfm.cl\/?p=29947' aria-hidden='false' data-av_icon='\ue8fc' data-av_iconfont='entypo-fontello' title='' data-avia-related-tooltip='Compartir en LinkedIn' rel=\"noopener\"><span class='avia_hidden_link_text'>Compartir en LinkedIn<\/span><\/a><\/li><li class='av-share-link av-social-link-mail' ><a  aria-label=\"Compartir por correo\" href='mailto:?subject=Cuenta%20P%C3%BAblica%20Participativa%3A%20Alcalde%20Uribe%20realizar%C3%A1%20cabildo%20ciudadano%20en%20Villa%20Ma%C3%B1ihuales&#038;body=https:\/\/radiorevelacionfm.cl\/?p=29947' aria-hidden='false' data-av_icon='\ue805' data-av_iconfont='entypo-fontello' title='' data-avia-related-tooltip='Compartir por correo'><span class='avia_hidden_link_text'>Compartir por correo<\/span><\/a><\/li><\/ul><\/div><\/div>\n<div  style='height:50px' class='hr hr-invisible   avia-builder-el-8  el_after_av_social_share  el_before_av_comments_list '><span class='hr-inner ' ><span class='hr-inner-style'><\/span><\/span><\/div>\n<div  class='av-buildercomment  av-blog-meta-html-info-disabled av-blog-meta-tag-disabled  '><\/div>\n","protected":false},"excerpt":{"rendered":"","protected":false},"author":1,"featured_media":29948,"comment_status":"open","ping_status":"open","sticky":false,"template":"","format":"standard","meta":{"footnotes":""},"categories":[38],"tags":[],"class_list":["post-29947","post","type-post","status-publish","format-standard","has-post-thumbnail","hentry","category-regional"],"jetpack_featured_media_url":"https:\/\/radiorevelacionfm.cl\/wp-content\/uploads\/2023\/04\/339486258_954686912558479_7826129685691398349_n-1-1.jpg","_links":{"self":[{"href":"https:\/\/radiorevelacionfm.cl\/index.php?rest_route=\/wp\/v2\/posts\/29947","targetHints":{"allow":["GET"]}}],"collection":[{"href":"https:\/\/radiorevelacionfm.cl\/index.php?rest_route=\/wp\/v2\/posts"}],"about":[{"href":"https:\/\/radiorevelacionfm.cl\/index.php?rest_route=\/wp\/v2\/types\/post"}],"author":[{"embeddable":true,"href":"https:\/\/radiorevelacionfm.cl\/index.php?rest_route=\/wp\/v2\/users\/1"}],"replies":[{"embeddable":true,"href":"https:\/\/radiorevelacionfm.cl\/index.php?rest_route=%2Fwp%2Fv2%2Fcomments&post=29947"}],"version-history":[{"count":1,"href":"https:\/\/radiorevelacionfm.cl\/index.php?rest_route=\/wp\/v2\/posts\/29947\/revisions"}],"predecessor-version":[{"id":29949,"href":"https:\/\/radiorevelacionfm.cl\/index.php?rest_route=\/wp\/v2\/posts\/29947\/revisions\/29949"}],"wp:featuredmedia":[{"embeddable":true,"href":"https:\/\/radiorevelacionfm.cl\/index.php?rest_route=\/wp\/v2\/media\/29948"}],"wp:attachment":[{"href":"https:\/\/radiorevelacionfm.cl\/index.php?rest_route=%2Fwp%2Fv2%2Fmedia&parent=29947"}],"wp:term":[{"taxonomy":"category","embeddable":true,"href":"https:\/\/radiorevelacionfm.cl\/index.php?rest_route=%2Fwp%2Fv2%2Fcategories&post=29947"},{"taxonomy":"post_tag","embeddable":true,"href":"https:\/\/radiorevelacionfm.cl\/index.php?rest_route=%2Fwp%2Fv2%2Ftags&post=29947"}],"curies":[{"name":"wp","href":"https:\/\/api.w.org\/{rel}","templated":true}]}}