{"id":29944,"date":"2023-04-11T18:55:09","date_gmt":"2023-04-11T21:55:09","guid":{"rendered":"https:\/\/radiorevelacionfm.cl\/?p=29944"},"modified":"2023-04-11T18:55:09","modified_gmt":"2023-04-11T21:55:09","slug":"ultima-semana-para-visitar-muestra-textil-de-artesanas-provenientes-de-villa-amengual-y-coyhaique","status":"publish","type":"post","link":"https:\/\/radiorevelacionfm.cl\/?p=29944","title":{"rendered":"\u00daltima semana para visitar muestra textil de artesanas provenientes de Villa Amengual y Coyhaique"},"content":{"rendered":"<div class=\"flex_column av_one_full  flex_column_div av-zero-column-padding first  avia-builder-el-0  el_before_av_one_full  avia-builder-el-first  \" style='border-radius:0px; '><div  class='avia-image-container  av-styling-    avia-builder-el-1  avia-builder-el-no-sibling  avia-align-center '  itemprop=\"image\" itemscope=\"itemscope\" itemtype=\"https:\/\/schema.org\/ImageObject\"  ><div class='avia-image-container-inner'><div class='avia-image-overlay-wrap'><img decoding=\"async\" class='wp-image-29945 avia-img-lazy-loading-not-29945 avia_image' src=\"https:\/\/radiorevelacionfm.cl\/wp-content\/uploads\/2023\/04\/Cojines-y-choapinos-del-bosque-aysenino-1-1-1-1.jpg\" alt='' title='Cojines y choapinos del bosque aysenino 1 (1) (1) (1)' height=\"600\" width=\"899\"  itemprop=\"thumbnailUrl\" srcset=\"https:\/\/radiorevelacionfm.cl\/wp-content\/uploads\/2023\/04\/Cojines-y-choapinos-del-bosque-aysenino-1-1-1-1.jpg 899w, https:\/\/radiorevelacionfm.cl\/wp-content\/uploads\/2023\/04\/Cojines-y-choapinos-del-bosque-aysenino-1-1-1-1-300x200.jpg 300w, https:\/\/radiorevelacionfm.cl\/wp-content\/uploads\/2023\/04\/Cojines-y-choapinos-del-bosque-aysenino-1-1-1-1-768x513.jpg 768w, https:\/\/radiorevelacionfm.cl\/wp-content\/uploads\/2023\/04\/Cojines-y-choapinos-del-bosque-aysenino-1-1-1-1-705x471.jpg 705w, https:\/\/radiorevelacionfm.cl\/wp-content\/uploads\/2023\/04\/Cojines-y-choapinos-del-bosque-aysenino-1-1-1-1-450x300.jpg 450w, https:\/\/radiorevelacionfm.cl\/wp-content\/uploads\/2023\/04\/Cojines-y-choapinos-del-bosque-aysenino-1-1-1-1-600x400.jpg 600w\" sizes=\"(max-width: 899px) 100vw, 899px\" \/><\/div><\/div><\/div><\/div><div class=\"flex_column av_one_full  flex_column_div av-zero-column-padding first  avia-builder-el-2  el_after_av_one_full  el_before_av_one_full  column-top-margin\" style='border-radius:0px; '><section class=\"av_textblock_section \"  itemscope=\"itemscope\" itemtype=\"https:\/\/schema.org\/BlogPosting\" itemprop=\"blogPost\" ><div class='avia_textblock  '   itemprop=\"text\" ><p style=\"text-align: center;\"><strong><span style=\"font-size: 18pt;\">\u00daltima semana para visitar muestra textil de artesanas provenientes de Villa Amengual y Coyhaique<\/span><\/strong><\/p>\n<div id=\"gtx-trans\" style=\"position: absolute; left: -50px; top: 4.31534px;\">\n<div class=\"gtx-trans-icon\"><\/div>\n<\/div>\n<\/div><\/section><\/div><div class=\"flex_column av_one_full  flex_column_div av-zero-column-padding first  avia-builder-el-4  el_after_av_one_full  el_before_av_hr  column-top-margin\" style='border-radius:0px; '><section class=\"av_textblock_section \"  itemscope=\"itemscope\" itemtype=\"https:\/\/schema.org\/BlogPosting\" itemprop=\"blogPost\" ><div class='avia_textblock  '   itemprop=\"text\" ><p style=\"text-align: justify;\"><em>La muestra textil en que participaron m\u00e1s de veinte tejedoras, salvaguarda tradiciones ancestrales y remonta a los inicios hist\u00f3ricos de Ays\u00e9n.<\/em><\/p>\n<p style=\"text-align: justify;\">Hasta este viernes 14 de abril, en el Centro Cultural Coyhaique, estar\u00e1 la muestra textil \u201cCojines y choapinos del bosque aysenino\u201d. La colecci\u00f3n re\u00fane el trabajo de 28 artesanas provenientes de Villa Amengual y la capital regional, quienes a trav\u00e9s de laboratorios creativos plasmaron entre hebras elementos propios de la naturaleza.<\/p>\n<p style=\"text-align: justify;\">El proyecto financiado por el Fondo Nacional de Desarrollo Cultural y de las Artes, Convocatoria 2022, fue acompa\u00f1ado por Pulso Austral, reconocida organizaci\u00f3n sin fines de lucros, cuyas integrantes han levantado procesos para el rescate y socializaci\u00f3n de tradiciones textiles desde los territorios.<\/p>\n<p style=\"text-align: justify;\">En esa l\u00ednea, el relato visual de la muestra recoge las experiencias vividas por las Agrupaci\u00f3n de Artesanas del R\u00edo Claro y la Agrupaci\u00f3n de Artesanas Flores del Chilco que, previo al montaje, pasaron por laboratorios exploratorios en que el contacto con el bosque, sus colores, aromas y sonidos, adem\u00e1s del v\u00ednculo forjado en el proceso creativo, dieron por resultado varias piezas textiles, entre las que figuran 31 cojines y dos choapinos.<\/p>\n<p style=\"text-align: justify;\">\u201cA trav\u00e9s de los fondos de cultura, espec\u00edficamente de Fondart, pudimos en primer lugar democratizar el acceso a los sistemas de financiamiento para desarrollar proyectos de car\u00e1cter art\u00edstico, y segundo, relevar tambi\u00e9n a los creadores y creadoras de nuestro territorio. En este caso vienen aportar a la identidad al ser una muestra y exhibici\u00f3n del quehacer art\u00edstico de artesanas y tejedoras de nuestro territorio\u201d, sostuvo el seremi de Culturas Ays\u00e9n, Felipe Quiroz.<\/p>\n<p style=\"text-align: justify;\">Desde Pulso Austral aclaran que el trabajo en terreno, hasta la fecha, conlleva un despliegue en 10 localidades a lo largo de cinco a\u00f1os, donde han participado agrupaciones y artesanas, posibilitando la exteriorizaci\u00f3n de un oficio y a la vez del espacio dom\u00e9stico al p\u00fablico. Esto, en palabras de la historiadora y comunicadora social de la organizaci\u00f3n, Catalina Camus, pone en valor un oficio \u201cque muchas veces ha estado invisibilizado y que s\u00f3lo, a veces, se promociona desde la comercializaci\u00f3n y no desde otros \u00e1mbitos, que es c\u00f3mo impacta la artesan\u00eda en el arte, en el patrimonio, en la cultura, en la econom\u00eda, en el bienestar personal y social de las mujeres\u201d.<\/p>\n<p style=\"text-align: justify;\"><strong>El arte de la artesan\u00eda<\/strong><\/p>\n<p style=\"text-align: justify;\">A grandes rasgos, cada agrupaci\u00f3n abord\u00f3 las propuestas a partir de su imaginario. Las artesanas de Villa Amengual tomaron como base la l\u00ednea ancestral al hilar y te\u00f1ir las lanas, previo a la elaboraci\u00f3n de las piezas. En tanto, las representantes de Coyhaique partieron de la t\u00e9cnica de la reutilizaci\u00f3n.<\/p>\n<p style=\"text-align: justify;\">Un proceso \u00edntimo que pone ante la mirada ciudadana uno de los pilares de la artesan\u00eda: no existe una obra igual a la otra. Particularidad que en el conversatorio de inauguraci\u00f3n fue abordado, al exponer que los 31 cojines de la muestra tienen un nombre. \u201cTen\u00edamos que inspirarnos en algo, por ejemplo, el m\u00edo se llama \u201cFlor de t\u00e9lgalon\u201d, que significa picaflor en tehuelche\u201d, comparti\u00f3 Solange Navarro, de la Agrupaci\u00f3n de Artesanas del R\u00edo Claro, agregando que la acci\u00f3n recae en c\u00f3mo se ve la artesan\u00eda, pues al final se trata de una obra de arte.<\/p>\n<p style=\"text-align: justify;\">En tanto, Ver\u00f3nica Ainol, artesana de Villa Amengual destac\u00f3 que para trabajar la lana es fundamental la paciencia, siempre teniendo en mente que cada creaci\u00f3n es \u00fanica. \u201cNo es f\u00e1brica, es artesan\u00eda, fabricado con las manos, porque muchas veces te piden la perfecci\u00f3n, pero en la artesan\u00eda no existe la perfecci\u00f3n, existe el hacer y volver a fabricar\u201d.<\/p>\n<p style=\"text-align: justify;\">A esto se a\u00f1ade el creciente inter\u00e9s por generaciones m\u00e1s j\u00f3venes de aprender, hecho que desde las agrupaciones valoran. \u201cVas recuperando la identidad de la regi\u00f3n, porque nosotros en la regi\u00f3n no nos creamos con cosas industrializadas, fue todo artesanal, desde cuando llegaron los primeros colonos a la Regi\u00f3n de Ays\u00e9n, a Coyhaique, a Puerto Ays\u00e9n. Todo ten\u00eda que fabricarse\u201d, agreg\u00f3 Ainol.<\/p>\n<p style=\"text-align: justify;\">La muestra puede visitarse hasta el viernes de esta semana en el Centro Cultural Coyhaique de 8:30 a 17:30 horas.<\/p>\n<\/div><\/section><\/div><div  style='height:50px' class='hr hr-invisible   avia-builder-el-6  el_after_av_one_full  el_before_av_social_share '><span class='hr-inner ' ><span class='hr-inner-style'><\/span><\/span><\/div><\/p>\n<div  class='av-social-sharing-box  avia-builder-el-7  el_after_av_hr  el_before_av_hr  '><div class='av-share-box'><h5 class='av-share-link-description av-no-toc '>Compartir esta noticia<\/h5><ul class='av-share-box-list noLightbox'><li class='av-share-link av-social-link-facebook' ><a target=\"_blank\" aria-label=\"Compartir en Facebook\" href='https:\/\/www.facebook.com\/sharer.php?u=https:\/\/radiorevelacionfm.cl\/?p=29944&#038;t=%C3%9Altima%20semana%20para%20visitar%20muestra%20textil%20de%20artesanas%20provenientes%20de%20Villa%20Amengual%20y%20Coyhaique' aria-hidden='false' data-av_icon='\ue8f3' data-av_iconfont='entypo-fontello' title='' data-avia-related-tooltip='Compartir en Facebook' rel=\"noopener\"><span class='avia_hidden_link_text'>Compartir en Facebook<\/span><\/a><\/li><li class='av-share-link av-social-link-twitter' ><a target=\"_blank\" aria-label=\"Compartir en Twitter\" href='https:\/\/twitter.com\/share?text=%C3%9Altima%20semana%20para%20visitar%20muestra%20textil%20de%20artesanas%20provenientes%20de%20Villa%20Amengual%20y%20Coyhaique&#038;url=https:\/\/radiorevelacionfm.cl\/?p=29944' aria-hidden='false' data-av_icon='\ue8f1' data-av_iconfont='entypo-fontello' title='' data-avia-related-tooltip='Compartir en Twitter' rel=\"noopener\"><span class='avia_hidden_link_text'>Compartir en Twitter<\/span><\/a><\/li><li class='av-share-link av-social-link-whatsapp' ><a target=\"_blank\" aria-label=\"Compartir en Whatsapp\" href='https:\/\/api.whatsapp.com\/send?text=https:\/\/radiorevelacionfm.cl\/?p=29944' aria-hidden='false' data-av_icon='\uf232' data-av_iconfont='entypo-fontello' title='' data-avia-related-tooltip='Compartir en Whatsapp' rel=\"noopener\"><span class='avia_hidden_link_text'>Compartir en Whatsapp<\/span><\/a><\/li><li class='av-share-link av-social-link-linkedin' ><a target=\"_blank\" aria-label=\"Compartir en LinkedIn\" href='https:\/\/linkedin.com\/shareArticle?mini=true&#038;title=%C3%9Altima%20semana%20para%20visitar%20muestra%20textil%20de%20artesanas%20provenientes%20de%20Villa%20Amengual%20y%20Coyhaique&#038;url=https:\/\/radiorevelacionfm.cl\/?p=29944' aria-hidden='false' data-av_icon='\ue8fc' data-av_iconfont='entypo-fontello' title='' data-avia-related-tooltip='Compartir en LinkedIn' rel=\"noopener\"><span class='avia_hidden_link_text'>Compartir en LinkedIn<\/span><\/a><\/li><li class='av-share-link av-social-link-mail' ><a  aria-label=\"Compartir por correo\" href='mailto:?subject=%C3%9Altima%20semana%20para%20visitar%20muestra%20textil%20de%20artesanas%20provenientes%20de%20Villa%20Amengual%20y%20Coyhaique&#038;body=https:\/\/radiorevelacionfm.cl\/?p=29944' aria-hidden='false' data-av_icon='\ue805' data-av_iconfont='entypo-fontello' title='' data-avia-related-tooltip='Compartir por correo'><span class='avia_hidden_link_text'>Compartir por correo<\/span><\/a><\/li><\/ul><\/div><\/div>\n<div  style='height:50px' class='hr hr-invisible   avia-builder-el-8  el_after_av_social_share  el_before_av_comments_list '><span class='hr-inner ' ><span class='hr-inner-style'><\/span><\/span><\/div>\n<div  class='av-buildercomment  av-blog-meta-html-info-disabled av-blog-meta-tag-disabled  '><\/div>\n","protected":false},"excerpt":{"rendered":"","protected":false},"author":1,"featured_media":29945,"comment_status":"open","ping_status":"open","sticky":false,"template":"","format":"standard","meta":{"footnotes":""},"categories":[38],"tags":[],"class_list":["post-29944","post","type-post","status-publish","format-standard","has-post-thumbnail","hentry","category-regional"],"jetpack_featured_media_url":"https:\/\/radiorevelacionfm.cl\/wp-content\/uploads\/2023\/04\/Cojines-y-choapinos-del-bosque-aysenino-1-1-1-1.jpg","_links":{"self":[{"href":"https:\/\/radiorevelacionfm.cl\/index.php?rest_route=\/wp\/v2\/posts\/29944","targetHints":{"allow":["GET"]}}],"collection":[{"href":"https:\/\/radiorevelacionfm.cl\/index.php?rest_route=\/wp\/v2\/posts"}],"about":[{"href":"https:\/\/radiorevelacionfm.cl\/index.php?rest_route=\/wp\/v2\/types\/post"}],"author":[{"embeddable":true,"href":"https:\/\/radiorevelacionfm.cl\/index.php?rest_route=\/wp\/v2\/users\/1"}],"replies":[{"embeddable":true,"href":"https:\/\/radiorevelacionfm.cl\/index.php?rest_route=%2Fwp%2Fv2%2Fcomments&post=29944"}],"version-history":[{"count":1,"href":"https:\/\/radiorevelacionfm.cl\/index.php?rest_route=\/wp\/v2\/posts\/29944\/revisions"}],"predecessor-version":[{"id":29946,"href":"https:\/\/radiorevelacionfm.cl\/index.php?rest_route=\/wp\/v2\/posts\/29944\/revisions\/29946"}],"wp:featuredmedia":[{"embeddable":true,"href":"https:\/\/radiorevelacionfm.cl\/index.php?rest_route=\/wp\/v2\/media\/29945"}],"wp:attachment":[{"href":"https:\/\/radiorevelacionfm.cl\/index.php?rest_route=%2Fwp%2Fv2%2Fmedia&parent=29944"}],"wp:term":[{"taxonomy":"category","embeddable":true,"href":"https:\/\/radiorevelacionfm.cl\/index.php?rest_route=%2Fwp%2Fv2%2Fcategories&post=29944"},{"taxonomy":"post_tag","embeddable":true,"href":"https:\/\/radiorevelacionfm.cl\/index.php?rest_route=%2Fwp%2Fv2%2Ftags&post=29944"}],"curies":[{"name":"wp","href":"https:\/\/api.w.org\/{rel}","templated":true}]}}