{"id":29940,"date":"2023-04-11T16:56:44","date_gmt":"2023-04-11T19:56:44","guid":{"rendered":"https:\/\/radiorevelacionfm.cl\/?p=29940"},"modified":"2023-04-11T16:56:44","modified_gmt":"2023-04-11T19:56:44","slug":"regimiento-n-8-chiloe-realizo-apoyo-social-a-centro-de-adulto-mayor-de-la-comuna-de-aysen","status":"publish","type":"post","link":"https:\/\/radiorevelacionfm.cl\/?p=29940","title":{"rendered":"Regimiento N\u00b0 8 \u201cChilo\u00e9\u201d realiz\u00f3 apoyo social a Centro de Adulto Mayor de la comuna de Ays\u00e9n"},"content":{"rendered":"<div class=\"flex_column av_one_full  flex_column_div av-zero-column-padding first  avia-builder-el-0  el_before_av_one_full  avia-builder-el-first  \" style='border-radius:0px; '><div  class='avia-image-container  av-styling-    avia-builder-el-1  avia-builder-el-no-sibling  avia-align-center '  itemprop=\"image\" itemscope=\"itemscope\" itemtype=\"https:\/\/schema.org\/ImageObject\"  ><div class='avia-image-container-inner'><div class='avia-image-overlay-wrap'><img decoding=\"async\" class='wp-image-29941 avia-img-lazy-loading-not-29941 avia_image' src=\"https:\/\/radiorevelacionfm.cl\/wp-content\/uploads\/2023\/04\/WhatsApp-Image-2023-04-10-at-17.53.05-1-1-1.jpeg\" alt='' title='WhatsApp Image 2023-04-10 at 17.53.05 (1) (1) (1)' height=\"600\" width=\"901\"  itemprop=\"thumbnailUrl\" srcset=\"https:\/\/radiorevelacionfm.cl\/wp-content\/uploads\/2023\/04\/WhatsApp-Image-2023-04-10-at-17.53.05-1-1-1.jpeg 901w, https:\/\/radiorevelacionfm.cl\/wp-content\/uploads\/2023\/04\/WhatsApp-Image-2023-04-10-at-17.53.05-1-1-1-300x200.jpeg 300w, https:\/\/radiorevelacionfm.cl\/wp-content\/uploads\/2023\/04\/WhatsApp-Image-2023-04-10-at-17.53.05-1-1-1-768x511.jpeg 768w, https:\/\/radiorevelacionfm.cl\/wp-content\/uploads\/2023\/04\/WhatsApp-Image-2023-04-10-at-17.53.05-1-1-1-705x469.jpeg 705w, https:\/\/radiorevelacionfm.cl\/wp-content\/uploads\/2023\/04\/WhatsApp-Image-2023-04-10-at-17.53.05-1-1-1-450x300.jpeg 450w, https:\/\/radiorevelacionfm.cl\/wp-content\/uploads\/2023\/04\/WhatsApp-Image-2023-04-10-at-17.53.05-1-1-1-600x400.jpeg 600w\" sizes=\"(max-width: 901px) 100vw, 901px\" \/><\/div><\/div><\/div><\/div><div class=\"flex_column av_one_full  flex_column_div av-zero-column-padding first  avia-builder-el-2  el_after_av_one_full  el_before_av_one_full  column-top-margin\" style='border-radius:0px; '><section class=\"av_textblock_section \"  itemscope=\"itemscope\" itemtype=\"https:\/\/schema.org\/BlogPosting\" itemprop=\"blogPost\" ><div class='avia_textblock  '   itemprop=\"text\" ><p style=\"text-align: center;\"><strong><span style=\"font-size: 18pt;\">Regimiento N\u00b0 8 \u201cChilo\u00e9\u201d realiz\u00f3 apoyo social a Centro de Adulto Mayor de la comuna de Ays\u00e9n<\/span><\/strong><\/p>\n<div id=\"gtx-trans\" style=\"position: absolute; left: -50px; top: 4.31534px;\">\n<div class=\"gtx-trans-icon\"><\/div>\n<\/div>\n<\/div><\/section><\/div><div class=\"flex_column av_one_full  flex_column_div av-zero-column-padding first  avia-builder-el-4  el_after_av_one_full  el_before_av_hr  column-top-margin\" style='border-radius:0px; '><section class=\"av_textblock_section \"  itemscope=\"itemscope\" itemtype=\"https:\/\/schema.org\/BlogPosting\" itemprop=\"blogPost\" ><div class='avia_textblock  '   itemprop=\"text\" ><p style=\"text-align: justify;\">Una entretenida jornada vivieron\u00a0 los adultos mayores del Centro de D\u00eda San Vicente de Paul de la ciudad de Puerto Ays\u00e9n, tras recibir una visita por parte de personal de Ej\u00e9rcito de dotaci\u00f3n del Regimiento N\u00b0 8 \u201cChilo\u00e9\u201d.<\/p>\n<p style=\"text-align: justify;\">Dicha visita tuvo como finalidad, entregar una donaci\u00f3n de alimentos no perecibles recolectados de forma voluntaria por personal de esta unidad militar, oportunidad en la cual se pudo visitar las dependencias del centro, evidenciando futuros apoyos en relaci\u00f3n a la reparaci\u00f3n y mantenimiento de la infraestructura, con el fin de mejorar las condiciones de habitabilidad del centro que hoy acoge de forma diaria a m\u00e1s 80 adultos mayores de la ciudad y sus alrededores.<\/p>\n<p style=\"text-align: justify;\">Finalmente, los adultos mayores se manifestaron felices por la visita del personal militar, quienes durante esa jornada compartieron y formaron parte de sus actividades de esparcimiento.<\/p>\n<\/div><\/section><\/div><div  style='height:50px' class='hr hr-invisible   avia-builder-el-6  el_after_av_one_full  el_before_av_social_share '><span class='hr-inner ' ><span class='hr-inner-style'><\/span><\/span><\/div><\/p>\n<div  class='av-social-sharing-box  avia-builder-el-7  el_after_av_hr  el_before_av_hr  '><div class='av-share-box'><h5 class='av-share-link-description av-no-toc '>Compartir esta noticia<\/h5><ul class='av-share-box-list noLightbox'><li class='av-share-link av-social-link-facebook' ><a target=\"_blank\" aria-label=\"Compartir en Facebook\" href='https:\/\/www.facebook.com\/sharer.php?u=https:\/\/radiorevelacionfm.cl\/?p=29940&#038;t=Regimiento%20N%C2%B0%208%20%E2%80%9CChilo%C3%A9%E2%80%9D%20realiz%C3%B3%20apoyo%20social%20a%20Centro%20de%20Adulto%20Mayor%20de%20la%20comuna%20de%20Ays%C3%A9n' aria-hidden='false' data-av_icon='\ue8f3' data-av_iconfont='entypo-fontello' title='' data-avia-related-tooltip='Compartir en Facebook' rel=\"noopener\"><span class='avia_hidden_link_text'>Compartir en Facebook<\/span><\/a><\/li><li class='av-share-link av-social-link-twitter' ><a target=\"_blank\" aria-label=\"Compartir en Twitter\" href='https:\/\/twitter.com\/share?text=Regimiento%20N%C2%B0%208%20%E2%80%9CChilo%C3%A9%E2%80%9D%20realiz%C3%B3%20apoyo%20social%20a%20Centro%20de%20Adulto%20Mayor%20de%20la%20comuna%20de%20Ays%C3%A9n&#038;url=https:\/\/radiorevelacionfm.cl\/?p=29940' aria-hidden='false' data-av_icon='\ue8f1' data-av_iconfont='entypo-fontello' title='' data-avia-related-tooltip='Compartir en Twitter' rel=\"noopener\"><span class='avia_hidden_link_text'>Compartir en Twitter<\/span><\/a><\/li><li class='av-share-link av-social-link-whatsapp' ><a target=\"_blank\" aria-label=\"Compartir en Whatsapp\" href='https:\/\/api.whatsapp.com\/send?text=https:\/\/radiorevelacionfm.cl\/?p=29940' aria-hidden='false' data-av_icon='\uf232' data-av_iconfont='entypo-fontello' title='' data-avia-related-tooltip='Compartir en Whatsapp' rel=\"noopener\"><span class='avia_hidden_link_text'>Compartir en Whatsapp<\/span><\/a><\/li><li class='av-share-link av-social-link-linkedin' ><a target=\"_blank\" aria-label=\"Compartir en LinkedIn\" href='https:\/\/linkedin.com\/shareArticle?mini=true&#038;title=Regimiento%20N%C2%B0%208%20%E2%80%9CChilo%C3%A9%E2%80%9D%20realiz%C3%B3%20apoyo%20social%20a%20Centro%20de%20Adulto%20Mayor%20de%20la%20comuna%20de%20Ays%C3%A9n&#038;url=https:\/\/radiorevelacionfm.cl\/?p=29940' aria-hidden='false' data-av_icon='\ue8fc' data-av_iconfont='entypo-fontello' title='' data-avia-related-tooltip='Compartir en LinkedIn' rel=\"noopener\"><span class='avia_hidden_link_text'>Compartir en LinkedIn<\/span><\/a><\/li><li class='av-share-link av-social-link-mail' ><a  aria-label=\"Compartir por correo\" href='mailto:?subject=Regimiento%20N%C2%B0%208%20%E2%80%9CChilo%C3%A9%E2%80%9D%20realiz%C3%B3%20apoyo%20social%20a%20Centro%20de%20Adulto%20Mayor%20de%20la%20comuna%20de%20Ays%C3%A9n&#038;body=https:\/\/radiorevelacionfm.cl\/?p=29940' aria-hidden='false' data-av_icon='\ue805' data-av_iconfont='entypo-fontello' title='' data-avia-related-tooltip='Compartir por correo'><span class='avia_hidden_link_text'>Compartir por correo<\/span><\/a><\/li><\/ul><\/div><\/div>\n<div  style='height:50px' class='hr hr-invisible   avia-builder-el-8  el_after_av_social_share  el_before_av_comments_list '><span class='hr-inner ' ><span class='hr-inner-style'><\/span><\/span><\/div>\n<div  class='av-buildercomment  av-blog-meta-html-info-disabled av-blog-meta-tag-disabled  '><\/div>\n","protected":false},"excerpt":{"rendered":"","protected":false},"author":1,"featured_media":29941,"comment_status":"open","ping_status":"open","sticky":false,"template":"","format":"standard","meta":{"footnotes":""},"categories":[38],"tags":[],"class_list":["post-29940","post","type-post","status-publish","format-standard","has-post-thumbnail","hentry","category-regional"],"jetpack_featured_media_url":"https:\/\/radiorevelacionfm.cl\/wp-content\/uploads\/2023\/04\/WhatsApp-Image-2023-04-10-at-17.53.05-1-1-1.jpeg","_links":{"self":[{"href":"https:\/\/radiorevelacionfm.cl\/index.php?rest_route=\/wp\/v2\/posts\/29940","targetHints":{"allow":["GET"]}}],"collection":[{"href":"https:\/\/radiorevelacionfm.cl\/index.php?rest_route=\/wp\/v2\/posts"}],"about":[{"href":"https:\/\/radiorevelacionfm.cl\/index.php?rest_route=\/wp\/v2\/types\/post"}],"author":[{"embeddable":true,"href":"https:\/\/radiorevelacionfm.cl\/index.php?rest_route=\/wp\/v2\/users\/1"}],"replies":[{"embeddable":true,"href":"https:\/\/radiorevelacionfm.cl\/index.php?rest_route=%2Fwp%2Fv2%2Fcomments&post=29940"}],"version-history":[{"count":1,"href":"https:\/\/radiorevelacionfm.cl\/index.php?rest_route=\/wp\/v2\/posts\/29940\/revisions"}],"predecessor-version":[{"id":29942,"href":"https:\/\/radiorevelacionfm.cl\/index.php?rest_route=\/wp\/v2\/posts\/29940\/revisions\/29942"}],"wp:featuredmedia":[{"embeddable":true,"href":"https:\/\/radiorevelacionfm.cl\/index.php?rest_route=\/wp\/v2\/media\/29941"}],"wp:attachment":[{"href":"https:\/\/radiorevelacionfm.cl\/index.php?rest_route=%2Fwp%2Fv2%2Fmedia&parent=29940"}],"wp:term":[{"taxonomy":"category","embeddable":true,"href":"https:\/\/radiorevelacionfm.cl\/index.php?rest_route=%2Fwp%2Fv2%2Fcategories&post=29940"},{"taxonomy":"post_tag","embeddable":true,"href":"https:\/\/radiorevelacionfm.cl\/index.php?rest_route=%2Fwp%2Fv2%2Ftags&post=29940"}],"curies":[{"name":"wp","href":"https:\/\/api.w.org\/{rel}","templated":true}]}}