{"id":29937,"date":"2023-04-11T17:23:10","date_gmt":"2023-04-11T20:23:10","guid":{"rendered":"https:\/\/radiorevelacionfm.cl\/?p=29937"},"modified":"2023-04-11T17:23:10","modified_gmt":"2023-04-11T20:23:10","slug":"comite-policial-entrega-un-positivo-balance-tras-fin-de-semana-largo-de-semana-santa","status":"publish","type":"post","link":"https:\/\/radiorevelacionfm.cl\/?p=29937","title":{"rendered":"Comit\u00e9 Policial entrega un positivo balance tras fin de semana largo de Semana Santa"},"content":{"rendered":"<div class=\"flex_column av_one_full  flex_column_div av-zero-column-padding first  avia-builder-el-0  el_before_av_one_full  avia-builder-el-first  \" style='border-radius:0px; '><div  class='avia-image-container  av-styling-    avia-builder-el-1  avia-builder-el-no-sibling  avia-align-center '  itemprop=\"image\" itemscope=\"itemscope\" itemtype=\"https:\/\/schema.org\/ImageObject\"  ><div class='avia-image-container-inner'><div class='avia-image-overlay-wrap'><img decoding=\"async\" class='wp-image-29938 avia-img-lazy-loading-not-29938 avia_image' src=\"https:\/\/radiorevelacionfm.cl\/wp-content\/uploads\/2023\/04\/ftsl83fwaaeohdd-1_optimized.jpg\" alt='' title='ftsl83fwaaeohdd-(1)_optimized' height=\"600\" width=\"800\"  itemprop=\"thumbnailUrl\" srcset=\"https:\/\/radiorevelacionfm.cl\/wp-content\/uploads\/2023\/04\/ftsl83fwaaeohdd-1_optimized.jpg 800w, https:\/\/radiorevelacionfm.cl\/wp-content\/uploads\/2023\/04\/ftsl83fwaaeohdd-1_optimized-300x225.jpg 300w, https:\/\/radiorevelacionfm.cl\/wp-content\/uploads\/2023\/04\/ftsl83fwaaeohdd-1_optimized-768x576.jpg 768w, https:\/\/radiorevelacionfm.cl\/wp-content\/uploads\/2023\/04\/ftsl83fwaaeohdd-1_optimized-705x529.jpg 705w, https:\/\/radiorevelacionfm.cl\/wp-content\/uploads\/2023\/04\/ftsl83fwaaeohdd-1_optimized-450x338.jpg 450w, https:\/\/radiorevelacionfm.cl\/wp-content\/uploads\/2023\/04\/ftsl83fwaaeohdd-1_optimized-600x450.jpg 600w\" sizes=\"(max-width: 800px) 100vw, 800px\" \/><\/div><\/div><\/div><\/div>\n<div class=\"flex_column av_one_full  flex_column_div av-zero-column-padding first  avia-builder-el-2  el_after_av_one_full  el_before_av_one_full  column-top-margin\" style='border-radius:0px; '><section class=\"av_textblock_section \"  itemscope=\"itemscope\" itemtype=\"https:\/\/schema.org\/BlogPosting\" itemprop=\"blogPost\" ><div class='avia_textblock  '   itemprop=\"text\" ><p style=\"text-align: center;\"><strong><span style=\"font-size: 18pt;\">Comit\u00e9 Policial entrega un positivo balance tras fin de semana largo de Semana Santa<\/span><\/strong><\/p>\n<div id=\"gtx-trans\" style=\"position: absolute; left: -50px; top: 4.31534px;\">\n<div class=\"gtx-trans-icon\"><\/div>\n<\/div>\n<\/div><\/section><\/div><div class=\"flex_column av_one_full  flex_column_div av-zero-column-padding first  avia-builder-el-4  el_after_av_one_full  el_before_av_hr  column-top-margin\" style='border-radius:0px; '><section class=\"av_textblock_section \"  itemscope=\"itemscope\" itemtype=\"https:\/\/schema.org\/BlogPosting\" itemprop=\"blogPost\" ><div class='avia_textblock  '   itemprop=\"text\" ><p style=\"font-weight: 400; text-align: justify;\">Durante la ma\u00f1ana de este martes se reuni\u00f3 el Comit\u00e9 Policial convocado por la Delegaci\u00f3n Presidencial Regional en el que participaron el Seremi de Justicia y DDHH, Samuel Navarro y la nueva Coordinadora Regional de Seguridad P\u00fablica, Camila Covarrubias, junto con Carabineros y la Polic\u00eda de Investigaciones, en el marco del eje para el fortalecimiento de la seguridad ciudadana que desarrolla el gobierno.<\/p>\n<p style=\"font-weight: 400; text-align: justify;\">En esta reuni\u00f3n se revis\u00f3 el balance en las labores de seguridad posterior al fin de semana largo por la celebraci\u00f3n de Semana Santa. La autoridad de Justicia y DDHH en la regi\u00f3n de Ays\u00e9n, asegur\u00f3 que el balance es positivo, con un mayor control en la acci\u00f3n policial, logrando tambi\u00e9n un mejor control del orden p\u00fablico. \u201cEl llamado es a planificar los viajes, ser cuidadosos, estar alerta y mantenerse atentos a las condiciones\u201d, enfatiz\u00f3 el seremi.<\/p>\n<p style=\"font-weight: 400; text-align: justify;\">El Jefe de Zona de Carabineros, General Patricio Santos, se\u00f1al\u00f3 que durante este fin de semana se efectuaron servicios policiales de viernes a domingo, despleg\u00e1ndose cerca de 70 carabineros en las rutas y zonas tur\u00edsticas de mayor afluencia. Esto signific\u00f3 un aumento en los controles y en el n\u00famero de personas detenidas, pero tambi\u00e9n una disminuci\u00f3n en los accidentes de tr\u00e1nsito, ninguno con resultados fatales.<\/p>\n<p style=\"font-weight: 400; text-align: justify;\">\u201cSe desarrollaron 2600 controles, tanto a personas, como conductores, generando 26 detenciones, entre los que destacan, cuatro por delitos relacionados a drogas, cuatro por robo, seis por violencia intrafamiliar y seis por \u00f3rdenes judiciales. En t\u00e9rminos generales, registramos tres accidentes de tr\u00e1nsito, resultando cuatro personas con lesiones leves, pero favorablemente no tuvimos que lamentar ninguno de gravedad\u201d, precis\u00f3 el general, agradeciendo la voluntad de las personas de someterse a control.<\/p>\n<p style=\"font-weight: 400; text-align: justify;\">Del mismo modo, el balance realizado por la Polic\u00eda de Investigaciones, enfocado principalmente en el control migratorio, mostr\u00f3 un importante flujo de personas que salieron e ingresaron al pa\u00eds. \u201cPusimos nuestro \u00e9nfasis en el paso Jeinimeni, registrando una afluencia de aproximadamente 7 mil personas y tambi\u00e9n en el paso Huemules, donde la cifra alcanz\u00f3 un aproximado de 3 mil, que afortunadamente pudimos enfrentar de la mejor manera posible\u201d, indic\u00f3 el prefecto, Luis Torralba, de la Polic\u00eda de Investigaciones de Chile, reforzando el hecho que, respecto a los trabajos investigativos, la PDI se mantiene realizando labores conjuntas con Fiscal\u00eda ante alguna denuncia, procedimiento o detenci\u00f3n producto de alguna investigaci\u00f3n. Adem\u00e1s, se\u00f1al\u00f3 que la PDI seguir\u00e1 trabajando en la misma l\u00ednea durante el pr\u00f3ximo fin de semana largo, aportando su experiencia en labores investigativas al Ministerio P\u00fablico.<\/p>\n<p style=\"font-weight: 400; text-align: justify;\">Por su parte, la nueva Coordinadora Regional de Seguridad P\u00fablica, Camila Covarrubias, destac\u00f3 que este trabajo conjunto, liderado por la Delegaci\u00f3n Presidencial Regional, con las polic\u00edas, la seremi de Justicia, como tambi\u00e9n la Secretar\u00eda de Prevenci\u00f3n del Delito y las alcald\u00edas, pretende seguir adelante con estas acciones. \u201cLas medidas preventivas y de control ayudan a que la poblaci\u00f3n se sienta m\u00e1s tranquila y segura. Es importante que est\u00e9n atentos a las diferentes situaciones que est\u00e1n ocurriendo a su alrededor y puedan denunciar, porque la \u00fanica forma de poder dar seguimiento a estas situaciones es a trav\u00e9s de la denuncia\u201d, se\u00f1al\u00f3, recordando que el tel\u00e9fono habilitado es el *4242, que las denuncias son totalmente an\u00f3nimas y que este contacto est\u00e1 activo las 24 horas, los siete d\u00edas de la semana.<\/p>\n<\/div><\/section><\/div><\/p>\n<div  style='height:50px' class='hr hr-invisible   avia-builder-el-6  el_after_av_one_full  el_before_av_social_share '><span class='hr-inner ' ><span class='hr-inner-style'><\/span><\/span><\/div>\n<div  class='av-social-sharing-box  avia-builder-el-7  el_after_av_hr  el_before_av_hr  '><div class='av-share-box'><h5 class='av-share-link-description av-no-toc '>Compartir esta noticia<\/h5><ul class='av-share-box-list noLightbox'><li class='av-share-link av-social-link-facebook' ><a target=\"_blank\" aria-label=\"Compartir en Facebook\" href='https:\/\/www.facebook.com\/sharer.php?u=https:\/\/radiorevelacionfm.cl\/?p=29937&#038;t=Comit%C3%A9%20Policial%20entrega%20un%20positivo%20balance%20tras%20fin%20de%20semana%20largo%20de%20Semana%20Santa' aria-hidden='false' data-av_icon='\ue8f3' data-av_iconfont='entypo-fontello' title='' data-avia-related-tooltip='Compartir en Facebook' rel=\"noopener\"><span class='avia_hidden_link_text'>Compartir en Facebook<\/span><\/a><\/li><li class='av-share-link av-social-link-twitter' ><a target=\"_blank\" aria-label=\"Compartir en Twitter\" href='https:\/\/twitter.com\/share?text=Comit%C3%A9%20Policial%20entrega%20un%20positivo%20balance%20tras%20fin%20de%20semana%20largo%20de%20Semana%20Santa&#038;url=https:\/\/radiorevelacionfm.cl\/?p=29937' aria-hidden='false' data-av_icon='\ue8f1' data-av_iconfont='entypo-fontello' title='' data-avia-related-tooltip='Compartir en Twitter' rel=\"noopener\"><span class='avia_hidden_link_text'>Compartir en Twitter<\/span><\/a><\/li><li class='av-share-link av-social-link-whatsapp' ><a target=\"_blank\" aria-label=\"Compartir en Whatsapp\" href='https:\/\/api.whatsapp.com\/send?text=https:\/\/radiorevelacionfm.cl\/?p=29937' aria-hidden='false' data-av_icon='\uf232' data-av_iconfont='entypo-fontello' title='' data-avia-related-tooltip='Compartir en Whatsapp' rel=\"noopener\"><span class='avia_hidden_link_text'>Compartir en Whatsapp<\/span><\/a><\/li><li class='av-share-link av-social-link-linkedin' ><a target=\"_blank\" aria-label=\"Compartir en LinkedIn\" href='https:\/\/linkedin.com\/shareArticle?mini=true&#038;title=Comit%C3%A9%20Policial%20entrega%20un%20positivo%20balance%20tras%20fin%20de%20semana%20largo%20de%20Semana%20Santa&#038;url=https:\/\/radiorevelacionfm.cl\/?p=29937' aria-hidden='false' data-av_icon='\ue8fc' data-av_iconfont='entypo-fontello' title='' data-avia-related-tooltip='Compartir en LinkedIn' rel=\"noopener\"><span class='avia_hidden_link_text'>Compartir en LinkedIn<\/span><\/a><\/li><li class='av-share-link av-social-link-mail' ><a  aria-label=\"Compartir por correo\" href='mailto:?subject=Comit%C3%A9%20Policial%20entrega%20un%20positivo%20balance%20tras%20fin%20de%20semana%20largo%20de%20Semana%20Santa&#038;body=https:\/\/radiorevelacionfm.cl\/?p=29937' aria-hidden='false' data-av_icon='\ue805' data-av_iconfont='entypo-fontello' title='' data-avia-related-tooltip='Compartir por correo'><span class='avia_hidden_link_text'>Compartir por correo<\/span><\/a><\/li><\/ul><\/div><\/div>\n<div  style='height:50px' class='hr hr-invisible   avia-builder-el-8  el_after_av_social_share  el_before_av_comments_list '><span class='hr-inner ' ><span class='hr-inner-style'><\/span><\/span><\/div>\n<div  class='av-buildercomment  av-blog-meta-html-info-disabled av-blog-meta-tag-disabled  '><\/div>\n","protected":false},"excerpt":{"rendered":"","protected":false},"author":1,"featured_media":29938,"comment_status":"open","ping_status":"open","sticky":false,"template":"","format":"standard","meta":{"footnotes":""},"categories":[36],"tags":[],"class_list":["post-29937","post","type-post","status-publish","format-standard","has-post-thumbnail","hentry","category-policial"],"jetpack_featured_media_url":"https:\/\/radiorevelacionfm.cl\/wp-content\/uploads\/2023\/04\/ftsl83fwaaeohdd-1_optimized.jpg","_links":{"self":[{"href":"https:\/\/radiorevelacionfm.cl\/index.php?rest_route=\/wp\/v2\/posts\/29937","targetHints":{"allow":["GET"]}}],"collection":[{"href":"https:\/\/radiorevelacionfm.cl\/index.php?rest_route=\/wp\/v2\/posts"}],"about":[{"href":"https:\/\/radiorevelacionfm.cl\/index.php?rest_route=\/wp\/v2\/types\/post"}],"author":[{"embeddable":true,"href":"https:\/\/radiorevelacionfm.cl\/index.php?rest_route=\/wp\/v2\/users\/1"}],"replies":[{"embeddable":true,"href":"https:\/\/radiorevelacionfm.cl\/index.php?rest_route=%2Fwp%2Fv2%2Fcomments&post=29937"}],"version-history":[{"count":2,"href":"https:\/\/radiorevelacionfm.cl\/index.php?rest_route=\/wp\/v2\/posts\/29937\/revisions"}],"predecessor-version":[{"id":29943,"href":"https:\/\/radiorevelacionfm.cl\/index.php?rest_route=\/wp\/v2\/posts\/29937\/revisions\/29943"}],"wp:featuredmedia":[{"embeddable":true,"href":"https:\/\/radiorevelacionfm.cl\/index.php?rest_route=\/wp\/v2\/media\/29938"}],"wp:attachment":[{"href":"https:\/\/radiorevelacionfm.cl\/index.php?rest_route=%2Fwp%2Fv2%2Fmedia&parent=29937"}],"wp:term":[{"taxonomy":"category","embeddable":true,"href":"https:\/\/radiorevelacionfm.cl\/index.php?rest_route=%2Fwp%2Fv2%2Fcategories&post=29937"},{"taxonomy":"post_tag","embeddable":true,"href":"https:\/\/radiorevelacionfm.cl\/index.php?rest_route=%2Fwp%2Fv2%2Ftags&post=29937"}],"curies":[{"name":"wp","href":"https:\/\/api.w.org\/{rel}","templated":true}]}}