{"id":2991,"date":"2021-02-26T18:19:53","date_gmt":"2021-02-26T21:19:53","guid":{"rendered":"https:\/\/radiorevelacionfm.cl\/?p=2991"},"modified":"2021-02-26T18:23:16","modified_gmt":"2021-02-26T21:23:16","slug":"con-firma-de-contrato-sellan-acuerdo-para-construir-8-viviendas-entre-chile-chico-y-puerto-bertrand","status":"publish","type":"post","link":"https:\/\/radiorevelacionfm.cl\/?p=2991","title":{"rendered":"Con firma de contrato sellan compromiso para construir 8 viviendas entre Chile Chico y Puerto Bertrand"},"content":{"rendered":"<div class=\"flex_column av_one_full  flex_column_div av-zero-column-padding first  avia-builder-el-0  el_before_av_one_full  avia-builder-el-first  \" style='border-radius:0px; '><div  class='avia-image-container  av-styling-    avia-builder-el-1  avia-builder-el-no-sibling  avia-align-center '  itemprop=\"image\" itemscope=\"itemscope\" itemtype=\"https:\/\/schema.org\/ImageObject\"  ><div class='avia-image-container-inner'><div class='avia-image-overlay-wrap'><img decoding=\"async\" class='wp-image-0 avia-img-lazy-loading-not-0 avia_image' src=\"https:\/\/radiorevelacionfm.cl\/wp-content\/uploads\/2021\/02\/casas-comuna-2-1.jpeg\" alt='' title=''   itemprop=\"thumbnailUrl\"  \/><\/div><\/div><\/div><\/div>\n<div class=\"flex_column av_one_full  flex_column_div av-zero-column-padding first  avia-builder-el-2  el_after_av_one_full  el_before_av_one_full  column-top-margin\" style='border-radius:0px; '><section class=\"av_textblock_section \"  itemscope=\"itemscope\" itemtype=\"https:\/\/schema.org\/BlogPosting\" itemprop=\"blogPost\" ><div class='avia_textblock  '   itemprop=\"text\" ><p style=\"text-align: center;\"><strong><span style=\"font-size: 18pt;\">Con firma de contrato sellan compromiso para construir 8 viviendas entre Chile Chico y Puerto Bertrand<\/span><\/strong><\/p>\n<div id=\"gtx-trans\" style=\"position: absolute; left: -50px; top: 4.31534px;\">\n<div class=\"gtx-trans-icon\"><\/div>\n<\/div>\n<\/div><\/section><\/div><div class=\"flex_column av_one_full  flex_column_div av-zero-column-padding first  avia-builder-el-4  el_after_av_one_full  el_before_av_hr  column-top-margin\" style='border-radius:0px; '><section class=\"av_textblock_section \"  itemscope=\"itemscope\" itemtype=\"https:\/\/schema.org\/BlogPosting\" itemprop=\"blogPost\" ><div class='avia_textblock  '   itemprop=\"text\" ><p style=\"text-align: justify;\">Un tremendo trabajo profesional y de acompa\u00f1amiento a 8 familias de la comuna de Chile Chico ha desarrollado el equipo de la Entidad de Gesti\u00f3n Inmobiliaria Social (EGIS) de la Municipalidad. Esto queda de manifiesto en un instancia muy importante para avanzar en la concreci\u00f3n de las nuevas viviendas, que es, la firma del contrato entre el Municipio, el contratista que se adjudic\u00f3 las obras y los beneficiarios.<\/p>\n<p style=\"text-align: justify;\">La EGIS Municipal fue creada en la administraci\u00f3n del Alcalde Ricardo Ibarra, por ello, orgulloso de este avance se mostr\u00f3 el edil en mejorar la calidad de vida de muchas familias, lo que se logra gracias a un equipo de profesionales j\u00f3venes de la comuna.<\/p>\n<p style=\"text-align: justify;\">\u201cEsta es una instancia muy importante, de mucha felicidad, porque uno escucha las expresiones de las personas y esto que siempre es como un discurso clich\u00e9 de la casa propia, cuando se acerca a esto siente emoci\u00f3n, siente nostalgia, siente agradecimiento y hoy lo expresaron las personas beneficiadas. Firmamos el convenio entre la empresa que va a ser la adjudicataria de la construcci\u00f3n de estas viviendas, los beneficiarios y la entidad patrocinante del Municipio. As\u00ed es que, muy contento por este nuevo hito que representa un tremendo avance para las familias que esperan obtener su casa propia y en esta instancia les explicamos en qu\u00e9 consist\u00eda, cuales son los plazos y todos conformes de que una vez m\u00e1s el Municipio a trav\u00e9s de Paula y todos los profesionales de la entidad patrocinante den cumplimiento a lo que nos hab\u00edamos comprometido\u201d.<\/p>\n<p style=\"text-align: justify;\">Ariel Villouta es uno de los representantes de la empresa que construir\u00e1 las 8 casas en distintos puntos de la comuna de Chile Chico y se\u00f1al\u00f3 sobre el desaf\u00edo de ejecutar este proyecto durante los pr\u00f3ximos meses. \u201cCon mi socio Jorge Santana estamos muy contentos de poder participar en Chile Chico de este proyecto, yo nac\u00ed en Temuco pero mi familia toda es de ac\u00e1 y me siento un chilechiquense m\u00e1s. Feliz de poder aportar este granito de arena, para que familias que est\u00e1n con el sue\u00f1o de tener el hogar propio lo puedan lograr, todos en equipo, agradeciendo tambi\u00e9n con el trabajo de la Municipalidad a trav\u00e9s de la EGIS, podremos lograr este objetivo tan importante para las familias\u201d.<\/p>\n<p style=\"text-align: justify;\">Daniela Ulloa, asisti\u00f3 a la instancia en representaci\u00f3n de su madre Lidia y quiso agradecer la labor que est\u00e1 desarrollando la Municipalidad de Chile Chico para concretar algo tan importante como la casa propia.<\/p>\n<p style=\"text-align: justify;\">\u201cYo vengo en representaci\u00f3n de mi mam\u00e1, de Lidia y me encuentro sumamente agradecida del Municipio, de don Ricardo y en especial de Paula que ha hecho un trabajo excelente, ha gestionado, hemos estado harto rato esperando, pero ahora tenemos un plazo y eso es lo m\u00e1s importante. Vemos aqu\u00ed reflejado el trabajo y esfuerzo de la Municipalidad, tambi\u00e9n agradecida porque en el caso de mi mam\u00e1, va a poder tener una vivienda digna, donde va a poder entrar con su silla de ruedas, va a poder tener un ba\u00f1o digno, donde ella va a poder tener sus cuidados b\u00e1sicos, as\u00ed es que, en ese sentido yo estoy demasiado agradecida de la Municipalidad\u201d.<\/p>\n<p style=\"text-align: justify;\">Ser\u00e1n 8 las viviendas que se construir\u00e1n los pr\u00f3ximos meses entre Chile Chico y Puerto Bertrand, pronto se realizar\u00e1 el acto de entrega de terreno con un plazo establecido para que la empresa ejecute los proyectos, bajo la supervisi\u00f3n de la Direcci\u00f3n de Obras Municipales.<\/p>\n<\/div><\/section><\/div><\/p>\n<div  style='height:50px' class='hr hr-invisible   avia-builder-el-6  el_after_av_one_full  el_before_av_social_share '><span class='hr-inner ' ><span class='hr-inner-style'><\/span><\/span><\/div>\n<div  class='av-social-sharing-box  avia-builder-el-7  el_after_av_hr  el_before_av_hr  '><div class='av-share-box'><h5 class='av-share-link-description av-no-toc '>Compartir esta noticia<\/h5><ul class='av-share-box-list noLightbox'><li class='av-share-link av-social-link-facebook' ><a target=\"_blank\" aria-label=\"Compartir en Facebook\" href='https:\/\/www.facebook.com\/sharer.php?u=https:\/\/radiorevelacionfm.cl\/?p=2991&#038;t=Con%20firma%20de%20contrato%20sellan%20compromiso%20para%20construir%208%20viviendas%20entre%20Chile%20Chico%20y%20Puerto%20Bertrand' aria-hidden='false' data-av_icon='\ue8f3' data-av_iconfont='entypo-fontello' title='' data-avia-related-tooltip='Compartir en Facebook' rel=\"noopener\"><span class='avia_hidden_link_text'>Compartir en Facebook<\/span><\/a><\/li><li class='av-share-link av-social-link-twitter' ><a target=\"_blank\" aria-label=\"Compartir en Twitter\" href='https:\/\/twitter.com\/share?text=Con%20firma%20de%20contrato%20sellan%20compromiso%20para%20construir%208%20viviendas%20entre%20Chile%20Chico%20y%20Puerto%20Bertrand&#038;url=https:\/\/radiorevelacionfm.cl\/?p=2991' aria-hidden='false' data-av_icon='\ue8f1' data-av_iconfont='entypo-fontello' title='' data-avia-related-tooltip='Compartir en Twitter' rel=\"noopener\"><span class='avia_hidden_link_text'>Compartir en Twitter<\/span><\/a><\/li><li class='av-share-link av-social-link-whatsapp' ><a target=\"_blank\" aria-label=\"Compartir en Whatsapp\" href='https:\/\/api.whatsapp.com\/send?text=https:\/\/radiorevelacionfm.cl\/?p=2991' aria-hidden='false' data-av_icon='\uf232' data-av_iconfont='entypo-fontello' title='' data-avia-related-tooltip='Compartir en Whatsapp' rel=\"noopener\"><span class='avia_hidden_link_text'>Compartir en Whatsapp<\/span><\/a><\/li><li class='av-share-link av-social-link-linkedin' ><a target=\"_blank\" aria-label=\"Compartir en LinkedIn\" href='https:\/\/linkedin.com\/shareArticle?mini=true&#038;title=Con%20firma%20de%20contrato%20sellan%20compromiso%20para%20construir%208%20viviendas%20entre%20Chile%20Chico%20y%20Puerto%20Bertrand&#038;url=https:\/\/radiorevelacionfm.cl\/?p=2991' aria-hidden='false' data-av_icon='\ue8fc' data-av_iconfont='entypo-fontello' title='' data-avia-related-tooltip='Compartir en LinkedIn' rel=\"noopener\"><span class='avia_hidden_link_text'>Compartir en LinkedIn<\/span><\/a><\/li><li class='av-share-link av-social-link-mail' ><a  aria-label=\"Compartir por correo\" href='mailto:?subject=Con%20firma%20de%20contrato%20sellan%20compromiso%20para%20construir%208%20viviendas%20entre%20Chile%20Chico%20y%20Puerto%20Bertrand&#038;body=https:\/\/radiorevelacionfm.cl\/?p=2991' aria-hidden='false' data-av_icon='\ue805' data-av_iconfont='entypo-fontello' title='' data-avia-related-tooltip='Compartir por correo'><span class='avia_hidden_link_text'>Compartir por correo<\/span><\/a><\/li><\/ul><\/div><\/div>\n<div  style='height:50px' class='hr hr-invisible   avia-builder-el-8  el_after_av_social_share  el_before_av_comments_list '><span class='hr-inner ' ><span class='hr-inner-style'><\/span><\/span><\/div>\n<div  class='av-buildercomment  av-blog-meta-html-info-disabled av-blog-meta-tag-disabled  '><\/div>\n","protected":false},"excerpt":{"rendered":"","protected":false},"author":1,"featured_media":0,"comment_status":"open","ping_status":"open","sticky":false,"template":"","format":"standard","meta":{"footnotes":""},"categories":[57],"tags":[],"class_list":["post-2991","post","type-post","status-publish","format-standard","hentry","category-vivienda"],"jetpack_featured_media_url":"","_links":{"self":[{"href":"https:\/\/radiorevelacionfm.cl\/index.php?rest_route=\/wp\/v2\/posts\/2991","targetHints":{"allow":["GET"]}}],"collection":[{"href":"https:\/\/radiorevelacionfm.cl\/index.php?rest_route=\/wp\/v2\/posts"}],"about":[{"href":"https:\/\/radiorevelacionfm.cl\/index.php?rest_route=\/wp\/v2\/types\/post"}],"author":[{"embeddable":true,"href":"https:\/\/radiorevelacionfm.cl\/index.php?rest_route=\/wp\/v2\/users\/1"}],"replies":[{"embeddable":true,"href":"https:\/\/radiorevelacionfm.cl\/index.php?rest_route=%2Fwp%2Fv2%2Fcomments&post=2991"}],"version-history":[{"count":3,"href":"https:\/\/radiorevelacionfm.cl\/index.php?rest_route=\/wp\/v2\/posts\/2991\/revisions"}],"predecessor-version":[{"id":2995,"href":"https:\/\/radiorevelacionfm.cl\/index.php?rest_route=\/wp\/v2\/posts\/2991\/revisions\/2995"}],"wp:attachment":[{"href":"https:\/\/radiorevelacionfm.cl\/index.php?rest_route=%2Fwp%2Fv2%2Fmedia&parent=2991"}],"wp:term":[{"taxonomy":"category","embeddable":true,"href":"https:\/\/radiorevelacionfm.cl\/index.php?rest_route=%2Fwp%2Fv2%2Fcategories&post=2991"},{"taxonomy":"post_tag","embeddable":true,"href":"https:\/\/radiorevelacionfm.cl\/index.php?rest_route=%2Fwp%2Fv2%2Ftags&post=2991"}],"curies":[{"name":"wp","href":"https:\/\/api.w.org\/{rel}","templated":true}]}}