{"id":29902,"date":"2023-04-10T18:54:26","date_gmt":"2023-04-10T21:54:26","guid":{"rendered":"https:\/\/radiorevelacionfm.cl\/?p=29902"},"modified":"2023-04-10T18:54:26","modified_gmt":"2023-04-10T21:54:26","slug":"puyuhuapi-consolida-fiesta-costumbrista-entre-curanto-y-kuchen","status":"publish","type":"post","link":"https:\/\/radiorevelacionfm.cl\/?p=29902","title":{"rendered":"Puyuhuapi consolida fiesta costumbrista \u201cEntre Curanto y Kuchen\u201d"},"content":{"rendered":"<div class=\"flex_column av_one_full  flex_column_div av-zero-column-padding first  avia-builder-el-0  el_before_av_one_full  avia-builder-el-first  \" style='border-radius:0px; '><div  class='avia-image-container  av-styling-    avia-builder-el-1  avia-builder-el-no-sibling  avia-align-center '  itemprop=\"image\" itemscope=\"itemscope\" itemtype=\"https:\/\/schema.org\/ImageObject\"  ><div class='avia-image-container-inner'><div class='avia-image-overlay-wrap'><img decoding=\"async\" class='wp-image-29903 avia-img-lazy-loading-not-29903 avia_image' src=\"https:\/\/radiorevelacionfm.cl\/wp-content\/uploads\/2023\/04\/costumbrista-puyuhuapi-8-1_optimized.jpeg\" alt='' title='costumbrista-puyuhuapi-8-(1)_optimized' height=\"600\" width=\"1333\"  itemprop=\"thumbnailUrl\" srcset=\"https:\/\/radiorevelacionfm.cl\/wp-content\/uploads\/2023\/04\/costumbrista-puyuhuapi-8-1_optimized.jpeg 1333w, https:\/\/radiorevelacionfm.cl\/wp-content\/uploads\/2023\/04\/costumbrista-puyuhuapi-8-1_optimized-300x135.jpeg 300w, https:\/\/radiorevelacionfm.cl\/wp-content\/uploads\/2023\/04\/costumbrista-puyuhuapi-8-1_optimized-1030x464.jpeg 1030w, https:\/\/radiorevelacionfm.cl\/wp-content\/uploads\/2023\/04\/costumbrista-puyuhuapi-8-1_optimized-768x346.jpeg 768w, https:\/\/radiorevelacionfm.cl\/wp-content\/uploads\/2023\/04\/costumbrista-puyuhuapi-8-1_optimized-705x317.jpeg 705w, https:\/\/radiorevelacionfm.cl\/wp-content\/uploads\/2023\/04\/costumbrista-puyuhuapi-8-1_optimized-450x203.jpeg 450w, https:\/\/radiorevelacionfm.cl\/wp-content\/uploads\/2023\/04\/costumbrista-puyuhuapi-8-1_optimized-600x270.jpeg 600w\" sizes=\"(max-width: 1333px) 100vw, 1333px\" \/><\/div><\/div><\/div><\/div><div class=\"flex_column av_one_full  flex_column_div av-zero-column-padding first  avia-builder-el-2  el_after_av_one_full  el_before_av_one_full  column-top-margin\" style='border-radius:0px; '><section class=\"av_textblock_section \"  itemscope=\"itemscope\" itemtype=\"https:\/\/schema.org\/BlogPosting\" itemprop=\"blogPost\" ><div class='avia_textblock  '   itemprop=\"text\" ><p style=\"text-align: center;\"><strong><span style=\"font-size: 18pt;\">Puyuhuapi consolida fiesta costumbrista \u201cEntre Curanto y Kuchen\u201d<\/span><\/strong><\/p>\n<div id=\"gtx-trans\" style=\"position: absolute; left: -50px; top: 4.31534px;\">\n<div class=\"gtx-trans-icon\"><\/div>\n<\/div>\n<\/div><\/section><\/div><div class=\"flex_column av_one_full  flex_column_div av-zero-column-padding first  avia-builder-el-4  el_after_av_one_full  el_before_av_hr  column-top-margin\" style='border-radius:0px; '><section class=\"av_textblock_section \"  itemscope=\"itemscope\" itemtype=\"https:\/\/schema.org\/BlogPosting\" itemprop=\"blogPost\" ><div class='avia_textblock  '   itemprop=\"text\" ><p style=\"text-align: justify;\">Con gran \u00e9xito culmin\u00f3 la versi\u00f3n n\u00famero 13 de la Fiesta Costumbrista \u201cEntre Curanto y Kuchen\u201d, organizado por el Consejo de la Cultura de Puyuhuapi, y se instala una nueva propuesta a trav\u00e9s de la primera versi\u00f3n de la \u201cFeria Gastron\u00f3mica del Mar\u201d, organizado por el SIT de buzos y pescadores artesanales de Puyuhuapi, realizadas el pasado fin de semana en la localidad.<\/p>\n<p style=\"text-align: justify;\">Estas actividades lograron gran concurrencia de p\u00fablico, tanto local como proveniente de otras localidades de la comuna, e incluso de otras regiones del pa\u00eds y del extranjero.\u00a0Los asistentes pudieron degustar durante los dos d\u00edas viernes 07 y s\u00e1bado 08 de abril, de la gastronom\u00eda local, curanto, ceviches, empanadas,\u00a0 kuchenes,\u00a0 cervezas artesanales\u00a0 y mucho m\u00e1s, como as\u00ed tambi\u00e9n, disfrutar de la artesan\u00eda local, m\u00fasica y bailes folcl\u00f3ricos.<\/p>\n<p style=\"text-align: justify;\">Durante la primera jornada se vivi\u00f3 el hito inaugural de la Fiesta Costumbrista \u201cEntre Curanto y Kuchen\u201d 2023, con la presencia del Alcalde de la Comuna de Cisnes Francisco Roncagliolo Lepio, la Consejera Regional Paola Rodr\u00edguez, Concejales Larry Letcher, Almendra Silva, Carlos Vald\u00e9s y Francisco Abarca, presidenta del Consejo de la Cultura Pamela Rodr\u00edguez, presidente del SIT de buzos y pescadores artesanales Luis Fuentes, presidenta de la C\u00e1mara de Turismo y Comercio Ver\u00f3nica Gallardo, Directora del Jard\u00edn Infantil \u201cT\u00eda Nora\u201d Cintia Lazcano, representantes del Reten de Carabineros de Puyuhuapi y de la Tercera Compa\u00f1\u00eda de Bomberos, adem\u00e1s de vecinos y vecinas de la localidad.<\/p>\n<p style=\"text-align: justify;\">\u201cContento con el trabajo que lleva adelante el Consejo de la Cultura y el Sindicato de Buzos Mariscadores de Puyuhuapi, quienes se unieron para sacar adelante esta tremenda actividad. Agradecer el hecho de que al sumar voluntades, permiten que esta comunidad crezca y tambi\u00e9n nos ayuda como comuna de Cisnes. Espectacular la organizaci\u00f3n y a seguir trabajando para que el pr\u00f3ximo a\u00f1o tengamos nuevamente otra versi\u00f3n, con apoyo del Municipio, de todo el Concejo Municipal, Indespa, el Gobierno Regional de Ays\u00e9n y esperamos tambi\u00e9n de otras entidades\u201d, manifest\u00f3 el Alcalde Francisco Roncagliolo.<\/p>\n<p style=\"text-align: justify;\">En tanto, la Consejera Regional de la Provincia de Ays\u00e9n, Paola Rodr\u00edguez, dijo que, \u201cha sido todo un regalo el tener tanta gente ac\u00e1 de nuestra regi\u00f3n, tantos visitantes algunos extranjeros, todo el show impecable, los artistas y la cantidad de emociones que nos hicieron vivir, los recuerdos de la pesca artesanal, el trabajo de las alfombras, el reconocimiento de nuestros adultos mayores a la gente que forj\u00f3 este pueblo, la verdad que nos hace sentir con el coraz\u00f3n lleno\u201d.<\/p>\n<p style=\"text-align: justify;\">Feliz con los resultados de la actividad se mostr\u00f3, el presidente del SIT de buzos y pescadores artesanales, Luis Fuentes, \u201cfue un evento muy redondo, muy completo, a todos nos fue bien, todos los stands sacan cuentas alegres, porque vendieron todo lo que ten\u00edan. No esper\u00e1bamos el publico que lleg\u00f3, hubo mucha gente, estamos muy contentos por eso y para el pr\u00f3ximo a\u00f1o ojala que tengamos la misma concurrencia\u201d.<\/p>\n<p style=\"text-align: justify;\">Por su parte, la presidenta del Consejo de la Cultura de Puyuhuapi, Pamela Rodr\u00edguez, destac\u00f3, \u201cestuvo todo muy rico, el almuerzo, los kuchenes, las comidas, convers\u00e9 con varios vecinos y muchos estaban emocionados por el presente que se entreg\u00f3 a trav\u00e9s del Consejo y supermercado Entre Verdes, porque de alguna u otra forma hay que reconocer a las personas que han aportado a nuestro pueblo y sin duda son muchos los vecinos\u201d.<\/p>\n<p style=\"text-align: justify;\">Durante el evento se vivi\u00f3 un momento muy emotivo y fue el reconocimiento a pobladores de Puerto Puyuhuapi, adem\u00e1s, se exhibi\u00f3 el video \u201cHistoria de la Gente de Mar de Puyuhuapi\u201d. Posteriormente, se realiz\u00f3 el lanzamiento del libro \u201cAlfombras de Puyuhuapi\u201d de la Fundaci\u00f3n Ra\u00edces Vivas.<\/p>\n<p style=\"text-align: justify;\">El d\u00eda s\u00e1bado, se llev\u00f3 a cabo la primera \u201cFeria Gastron\u00f3mica del Mar\u201d, hubo cocina en vivo y degustaci\u00f3n con el chef Luciano Gonz\u00e1lez. En esta ocasi\u00f3n, se cont\u00f3 con la presencia del Director Zonal de Pesca Manuel P\u00e9rez y de las autoridades comunales.<\/p>\n<p style=\"text-align: justify;\">La m\u00fasica y baile tambi\u00e9n estuvieron presentes,\u00a0a cargo de los trovadores locales Mauro Z\u00fa\u00f1iga\u00a0 y Santo \u201cTito\u201d Altamirano, con la participaci\u00f3n de los grupos folcl\u00f3ricos \u201cRa\u00edces de Puyuhuapi\u201d, \u201cDanza y Tradiciones de Coyhaique\u201d y de la Academia de Danza \u201cCruz del Sur\u201d de Argentina, Mientras que en la fiesta bailable estuvo Rafa y sus teclados, los Cumpas de Coyhaique y Cinchando pa\u00b4no aflojar.<\/p>\n<p style=\"text-align: justify;\">Es importante destacar la organizaci\u00f3n del Consejo de la Cultura de Puyuhuapi, el SIT de buzos y pescadores artesanales, el apoyo de la Municipalidad de Cisnes, as\u00ed como tambi\u00e9n, el Gobierno Regional de Ays\u00e9n e Indespa del Ministerio de Econom\u00eda, por los recursos entregados para llevar a cabo Fiesta Costumbrista \u201cEntre Curanto y Kuchen\u201d y la \u201cFeria Gastron\u00f3mica del Mar\u201d en Puyuhuapi.<\/p>\n<\/div><\/section><\/div><div  style='height:50px' class='hr hr-invisible   avia-builder-el-6  el_after_av_one_full  el_before_av_social_share '><span class='hr-inner ' ><span class='hr-inner-style'><\/span><\/span><\/div><\/p>\n<div  class='av-social-sharing-box  avia-builder-el-7  el_after_av_hr  el_before_av_hr  '><div class='av-share-box'><h5 class='av-share-link-description av-no-toc '>Compartir esta noticia<\/h5><ul class='av-share-box-list noLightbox'><li class='av-share-link av-social-link-facebook' ><a target=\"_blank\" aria-label=\"Compartir en Facebook\" href='https:\/\/www.facebook.com\/sharer.php?u=https:\/\/radiorevelacionfm.cl\/?p=29902&#038;t=Puyuhuapi%20consolida%20fiesta%20costumbrista%20%E2%80%9CEntre%20Curanto%20y%20Kuchen%E2%80%9D' aria-hidden='false' data-av_icon='\ue8f3' data-av_iconfont='entypo-fontello' title='' data-avia-related-tooltip='Compartir en Facebook' rel=\"noopener\"><span class='avia_hidden_link_text'>Compartir en Facebook<\/span><\/a><\/li><li class='av-share-link av-social-link-twitter' ><a target=\"_blank\" aria-label=\"Compartir en Twitter\" href='https:\/\/twitter.com\/share?text=Puyuhuapi%20consolida%20fiesta%20costumbrista%20%E2%80%9CEntre%20Curanto%20y%20Kuchen%E2%80%9D&#038;url=https:\/\/radiorevelacionfm.cl\/?p=29902' aria-hidden='false' data-av_icon='\ue8f1' data-av_iconfont='entypo-fontello' title='' data-avia-related-tooltip='Compartir en Twitter' rel=\"noopener\"><span class='avia_hidden_link_text'>Compartir en Twitter<\/span><\/a><\/li><li class='av-share-link av-social-link-whatsapp' ><a target=\"_blank\" aria-label=\"Compartir en Whatsapp\" href='https:\/\/api.whatsapp.com\/send?text=https:\/\/radiorevelacionfm.cl\/?p=29902' aria-hidden='false' data-av_icon='\uf232' data-av_iconfont='entypo-fontello' title='' data-avia-related-tooltip='Compartir en Whatsapp' rel=\"noopener\"><span class='avia_hidden_link_text'>Compartir en Whatsapp<\/span><\/a><\/li><li class='av-share-link av-social-link-linkedin' ><a target=\"_blank\" aria-label=\"Compartir en LinkedIn\" href='https:\/\/linkedin.com\/shareArticle?mini=true&#038;title=Puyuhuapi%20consolida%20fiesta%20costumbrista%20%E2%80%9CEntre%20Curanto%20y%20Kuchen%E2%80%9D&#038;url=https:\/\/radiorevelacionfm.cl\/?p=29902' aria-hidden='false' data-av_icon='\ue8fc' data-av_iconfont='entypo-fontello' title='' data-avia-related-tooltip='Compartir en LinkedIn' rel=\"noopener\"><span class='avia_hidden_link_text'>Compartir en LinkedIn<\/span><\/a><\/li><li class='av-share-link av-social-link-mail' ><a  aria-label=\"Compartir por correo\" href='mailto:?subject=Puyuhuapi%20consolida%20fiesta%20costumbrista%20%E2%80%9CEntre%20Curanto%20y%20Kuchen%E2%80%9D&#038;body=https:\/\/radiorevelacionfm.cl\/?p=29902' aria-hidden='false' data-av_icon='\ue805' data-av_iconfont='entypo-fontello' title='' data-avia-related-tooltip='Compartir por correo'><span class='avia_hidden_link_text'>Compartir por correo<\/span><\/a><\/li><\/ul><\/div><\/div>\n<div  style='height:50px' class='hr hr-invisible   avia-builder-el-8  el_after_av_social_share  el_before_av_comments_list '><span class='hr-inner ' ><span class='hr-inner-style'><\/span><\/span><\/div>\n<div  class='av-buildercomment  av-blog-meta-html-info-disabled av-blog-meta-tag-disabled  '><\/div>\n","protected":false},"excerpt":{"rendered":"","protected":false},"author":1,"featured_media":29903,"comment_status":"open","ping_status":"open","sticky":false,"template":"","format":"standard","meta":{"footnotes":""},"categories":[38],"tags":[],"class_list":["post-29902","post","type-post","status-publish","format-standard","has-post-thumbnail","hentry","category-regional"],"jetpack_featured_media_url":"https:\/\/radiorevelacionfm.cl\/wp-content\/uploads\/2023\/04\/costumbrista-puyuhuapi-8-1_optimized.jpeg","_links":{"self":[{"href":"https:\/\/radiorevelacionfm.cl\/index.php?rest_route=\/wp\/v2\/posts\/29902","targetHints":{"allow":["GET"]}}],"collection":[{"href":"https:\/\/radiorevelacionfm.cl\/index.php?rest_route=\/wp\/v2\/posts"}],"about":[{"href":"https:\/\/radiorevelacionfm.cl\/index.php?rest_route=\/wp\/v2\/types\/post"}],"author":[{"embeddable":true,"href":"https:\/\/radiorevelacionfm.cl\/index.php?rest_route=\/wp\/v2\/users\/1"}],"replies":[{"embeddable":true,"href":"https:\/\/radiorevelacionfm.cl\/index.php?rest_route=%2Fwp%2Fv2%2Fcomments&post=29902"}],"version-history":[{"count":1,"href":"https:\/\/radiorevelacionfm.cl\/index.php?rest_route=\/wp\/v2\/posts\/29902\/revisions"}],"predecessor-version":[{"id":29904,"href":"https:\/\/radiorevelacionfm.cl\/index.php?rest_route=\/wp\/v2\/posts\/29902\/revisions\/29904"}],"wp:featuredmedia":[{"embeddable":true,"href":"https:\/\/radiorevelacionfm.cl\/index.php?rest_route=\/wp\/v2\/media\/29903"}],"wp:attachment":[{"href":"https:\/\/radiorevelacionfm.cl\/index.php?rest_route=%2Fwp%2Fv2%2Fmedia&parent=29902"}],"wp:term":[{"taxonomy":"category","embeddable":true,"href":"https:\/\/radiorevelacionfm.cl\/index.php?rest_route=%2Fwp%2Fv2%2Fcategories&post=29902"},{"taxonomy":"post_tag","embeddable":true,"href":"https:\/\/radiorevelacionfm.cl\/index.php?rest_route=%2Fwp%2Fv2%2Ftags&post=29902"}],"curies":[{"name":"wp","href":"https:\/\/api.w.org\/{rel}","templated":true}]}}