{"id":29890,"date":"2023-04-10T17:50:21","date_gmt":"2023-04-10T20:50:21","guid":{"rendered":"https:\/\/radiorevelacionfm.cl\/?p=29890"},"modified":"2023-04-10T17:50:21","modified_gmt":"2023-04-10T20:50:21","slug":"puerto-aysen-inauguran-puntos-limpios-en-villas-patagonia-y-cerro-cordon-con-apoyo-del-fosis","status":"publish","type":"post","link":"https:\/\/radiorevelacionfm.cl\/?p=29890","title":{"rendered":"Puerto Ays\u00e9n: Inauguran puntos limpios en Villas Patagonia y Cerro Cord\u00f3n con apoyo del FOSIS"},"content":{"rendered":"<div class=\"flex_column av_one_full  flex_column_div av-zero-column-padding first  avia-builder-el-0  el_before_av_one_full  avia-builder-el-first  \" style='border-radius:0px; '><div  class='avia-image-container  av-styling-    avia-builder-el-1  avia-builder-el-no-sibling  avia-align-center '  itemprop=\"image\" itemscope=\"itemscope\" itemtype=\"https:\/\/schema.org\/ImageObject\"  ><div class='avia-image-container-inner'><div class='avia-image-overlay-wrap'><img decoding=\"async\" class='wp-image-29891 avia-img-lazy-loading-not-29891 avia_image' src=\"https:\/\/radiorevelacionfm.cl\/wp-content\/uploads\/2023\/04\/accion-local-fosis-puerto-aysen-1_optimized-1.jpg\" alt='' title='acci\u00f3n-local-fosis-puerto-ays\u00e9n-(1)_optimized (1)' height=\"600\" width=\"982\"  itemprop=\"thumbnailUrl\" srcset=\"https:\/\/radiorevelacionfm.cl\/wp-content\/uploads\/2023\/04\/accion-local-fosis-puerto-aysen-1_optimized-1.jpg 982w, https:\/\/radiorevelacionfm.cl\/wp-content\/uploads\/2023\/04\/accion-local-fosis-puerto-aysen-1_optimized-1-300x183.jpg 300w, https:\/\/radiorevelacionfm.cl\/wp-content\/uploads\/2023\/04\/accion-local-fosis-puerto-aysen-1_optimized-1-768x469.jpg 768w, https:\/\/radiorevelacionfm.cl\/wp-content\/uploads\/2023\/04\/accion-local-fosis-puerto-aysen-1_optimized-1-705x431.jpg 705w, https:\/\/radiorevelacionfm.cl\/wp-content\/uploads\/2023\/04\/accion-local-fosis-puerto-aysen-1_optimized-1-450x275.jpg 450w, https:\/\/radiorevelacionfm.cl\/wp-content\/uploads\/2023\/04\/accion-local-fosis-puerto-aysen-1_optimized-1-600x367.jpg 600w\" sizes=\"(max-width: 982px) 100vw, 982px\" \/><\/div><\/div><\/div><\/div><div class=\"flex_column av_one_full  flex_column_div av-zero-column-padding first  avia-builder-el-2  el_after_av_one_full  el_before_av_one_full  column-top-margin\" style='border-radius:0px; '><section class=\"av_textblock_section \"  itemscope=\"itemscope\" itemtype=\"https:\/\/schema.org\/BlogPosting\" itemprop=\"blogPost\" ><div class='avia_textblock  '   itemprop=\"text\" ><p style=\"text-align: center;\"><strong><span style=\"font-size: 18pt;\">Puerto Ays\u00e9n: Inauguran puntos limpios en Villas Patagonia y Cerro Cord\u00f3n con apoyo del FOSIS<\/span><\/strong><\/p>\n<div id=\"gtx-trans\" style=\"position: absolute; left: -50px; top: 4.31534px;\">\n<div class=\"gtx-trans-icon\"><\/div>\n<\/div>\n<\/div><\/section><\/div><div class=\"flex_column av_one_full  flex_column_div av-zero-column-padding first  avia-builder-el-4  el_after_av_one_full  el_before_av_hr  column-top-margin\" style='border-radius:0px; '><section class=\"av_textblock_section \"  itemscope=\"itemscope\" itemtype=\"https:\/\/schema.org\/BlogPosting\" itemprop=\"blogPost\" ><div class='avia_textblock  '   itemprop=\"text\" ><p style=\"text-align: justify;\">Hasta la Sede de la JJ.VV. de Villa Patagonia lleg\u00f3 la Directora Regional del Fondo de Solidaridad e Inversi\u00f3n Social, FOSIS, Fernanda Leiva; acompa\u00f1ada de la Seremi de Desarrollo Social y Familia, Karina Acevedo, para participar de la inauguraci\u00f3n de los puntos limpios instalados en Villa Patagonia y Villa Cerro Cord\u00f3n, gracias al trabajo de vecinas y vecinos que acordaron financiar esta iniciativa con los recursos que entrega el programa Acci\u00f3n Local del FOSIS.<\/p>\n<p style=\"text-align: justify;\">La Presidenta de la JJ.VV. Villa Patagonia, M\u00f3nica Navarrete, valor\u00f3 positivamente la intervenci\u00f3n del programa del FOSIS. \u201cAgradecida porque tuvimos buena disponibilidad de vecinos y autoridades para la inauguraci\u00f3n de este punto limpio. Agradecida del Municipio y el FOSIS, que hicieron esta alianza con Christian Martino, que va a ser el encargado de sacar los residuos que vamos a ir dejando en el punto limpio. Es una iniciativa excelente y provechosa, esperamos se siga replicando porque es un bien tanto para la comunidad como para el medio ambiente\u201d.<\/p>\n<p style=\"text-align: justify;\">Fernanda Leiva, Directora Regional del FOSIS en Ays\u00e9n, asegur\u00f3 que \u201ceste hito es el trabajo conjunto de ambas villas y organizaciones vecinales que se coordinaron, armaron su grupo motor y se pusieron de acuerdo para identificar problem\u00e1ticas y soluciones comunes. Para nosotros es muy importante que el trabajo en el territorio se haga por los vecinos y vecinas y que de frutos. Contentos por lo que sucedi\u00f3 hoy, tenemos mucho que hacer a\u00fan y vienen importantes desaf\u00edos donde queremos seguir acompa\u00f1ando el desarrollo de estas organizaciones\u201d.<\/p>\n<p style=\"text-align: justify;\">La Seremi de Desarrollo Social y Familia, Karina Acevedo, destac\u00f3 que \u201cestamos dando cumplimiento a lo que el Presidente Gabriel Boric nos ha encomendado, tener atingencia a lo que el territorio solicita, poder dar respuesta a las juntas de vecinos, dar soluciones coherente y adecuadas a lo que los vecinos y vecinas necesitan. Este punto limpio da cuenta de lo que se viene, un trabajo mancomunado entre las juntas de vecinos, sus asociados, colaboraci\u00f3n del sector privado, autoridades locales y la Municipalidad. Este trabajo conjunto nos va a permitir un bienestar social en el d\u00eda a d\u00eda para este grupo de familias\u201d.<\/p>\n<p style=\"text-align: justify;\">Marco Co\u00f1uecar, Alcalde (s) de Ays\u00e9n, manifest\u00f3 que \u201cestamos muy contentos ya que cada acci\u00f3n positiva, cada acci\u00f3n que trabajamos en conjunto, da buenos resultados. Hoy el Municipio se compromete, una vez m\u00e1s, con el cuidado del medio ambiente. Quiero agradecer a las dirigentes, Luz B\u00f3rquez y M\u00f3nica Navarrete, creo que son pilar fundamental del crecimiento de la comuna. Como Municipio estaremos sumando actividades y replicando acciones positivas. Agradecer tambi\u00e9n a la Seremi de Desarrollo Social y Familia por el compromiso, por la inyecci\u00f3n de recursos en la comuna. Este es el Ays\u00e9n que queremos, un Ays\u00e9n limpio y de todos.<\/p>\n<p style=\"text-align: justify;\">Durante la jornada se realiz\u00f3 la firma de convenio entre el Municipio de Ays\u00e9n y las juntas de vecinos de Villa Patagonia y Villa Cerro Cord\u00f3n, donde se establece el compromiso de hacer el retiro de los residuos, para posteriormente ser entregados y tratados en Reciclajes Martino. Durante la ceremonia inaugural se hizo entrega de doce composteras para vecinos y vecinas que participaron en talleres de compostaje, realizados en el contexto del programa Acci\u00f3n Local, gracias la colaboraci\u00f3n de programa de Apoyo a la Seguridad Alimentaria, asistido t\u00e9cnicamente por el FOSIS.<\/p>\n<p style=\"text-align: justify;\">El programa Acci\u00f3n Local busca fortalecer lazos socio comunitarios, enfoc\u00e1ndose en el establecimiento de sanas relaciones entre las familias que conforman una comunidad y territorio, promoviendo el fortalecimiento del capital social comunitario, la participaci\u00f3n ciudadana y la gobernanza local.<\/p>\n<p style=\"text-align: justify;\"><strong><u>\u00a0<\/u><\/strong><\/p>\n<p style=\"text-align: justify;\"><strong><u>\u00a0<\/u><\/strong><\/p>\n<p><strong><u>\u00a0<\/u><\/strong><\/p>\n<\/div><\/section><\/div><div  style='height:50px' class='hr hr-invisible   avia-builder-el-6  el_after_av_one_full  el_before_av_social_share '><span class='hr-inner ' ><span class='hr-inner-style'><\/span><\/span><\/div><\/p>\n<div  class='av-social-sharing-box  avia-builder-el-7  el_after_av_hr  el_before_av_hr  '><div class='av-share-box'><h5 class='av-share-link-description av-no-toc '>Compartir esta noticia<\/h5><ul class='av-share-box-list noLightbox'><li class='av-share-link av-social-link-facebook' ><a target=\"_blank\" aria-label=\"Compartir en Facebook\" href='https:\/\/www.facebook.com\/sharer.php?u=https:\/\/radiorevelacionfm.cl\/?p=29890&#038;t=Puerto%20Ays%C3%A9n%3A%20Inauguran%20puntos%20limpios%20en%20Villas%20Patagonia%20y%20Cerro%20Cord%C3%B3n%20con%20apoyo%20del%20FOSIS' aria-hidden='false' data-av_icon='\ue8f3' data-av_iconfont='entypo-fontello' title='' data-avia-related-tooltip='Compartir en Facebook' rel=\"noopener\"><span class='avia_hidden_link_text'>Compartir en Facebook<\/span><\/a><\/li><li class='av-share-link av-social-link-twitter' ><a target=\"_blank\" aria-label=\"Compartir en Twitter\" href='https:\/\/twitter.com\/share?text=Puerto%20Ays%C3%A9n%3A%20Inauguran%20puntos%20limpios%20en%20Villas%20Patagonia%20y%20Cerro%20Cord%C3%B3n%20con%20apoyo%20del%20FOSIS&#038;url=https:\/\/radiorevelacionfm.cl\/?p=29890' aria-hidden='false' data-av_icon='\ue8f1' data-av_iconfont='entypo-fontello' title='' data-avia-related-tooltip='Compartir en Twitter' rel=\"noopener\"><span class='avia_hidden_link_text'>Compartir en Twitter<\/span><\/a><\/li><li class='av-share-link av-social-link-whatsapp' ><a target=\"_blank\" aria-label=\"Compartir en Whatsapp\" href='https:\/\/api.whatsapp.com\/send?text=https:\/\/radiorevelacionfm.cl\/?p=29890' aria-hidden='false' data-av_icon='\uf232' data-av_iconfont='entypo-fontello' title='' data-avia-related-tooltip='Compartir en Whatsapp' rel=\"noopener\"><span class='avia_hidden_link_text'>Compartir en Whatsapp<\/span><\/a><\/li><li class='av-share-link av-social-link-linkedin' ><a target=\"_blank\" aria-label=\"Compartir en LinkedIn\" href='https:\/\/linkedin.com\/shareArticle?mini=true&#038;title=Puerto%20Ays%C3%A9n%3A%20Inauguran%20puntos%20limpios%20en%20Villas%20Patagonia%20y%20Cerro%20Cord%C3%B3n%20con%20apoyo%20del%20FOSIS&#038;url=https:\/\/radiorevelacionfm.cl\/?p=29890' aria-hidden='false' data-av_icon='\ue8fc' data-av_iconfont='entypo-fontello' title='' data-avia-related-tooltip='Compartir en LinkedIn' rel=\"noopener\"><span class='avia_hidden_link_text'>Compartir en LinkedIn<\/span><\/a><\/li><li class='av-share-link av-social-link-mail' ><a  aria-label=\"Compartir por correo\" href='mailto:?subject=Puerto%20Ays%C3%A9n%3A%20Inauguran%20puntos%20limpios%20en%20Villas%20Patagonia%20y%20Cerro%20Cord%C3%B3n%20con%20apoyo%20del%20FOSIS&#038;body=https:\/\/radiorevelacionfm.cl\/?p=29890' aria-hidden='false' data-av_icon='\ue805' data-av_iconfont='entypo-fontello' title='' data-avia-related-tooltip='Compartir por correo'><span class='avia_hidden_link_text'>Compartir por correo<\/span><\/a><\/li><\/ul><\/div><\/div>\n<div  style='height:50px' class='hr hr-invisible   avia-builder-el-8  el_after_av_social_share  el_before_av_comments_list '><span class='hr-inner ' ><span class='hr-inner-style'><\/span><\/span><\/div>\n<div  class='av-buildercomment  av-blog-meta-html-info-disabled av-blog-meta-tag-disabled  '><\/div>\n","protected":false},"excerpt":{"rendered":"","protected":false},"author":1,"featured_media":29891,"comment_status":"open","ping_status":"open","sticky":false,"template":"","format":"standard","meta":{"footnotes":""},"categories":[38],"tags":[],"class_list":["post-29890","post","type-post","status-publish","format-standard","has-post-thumbnail","hentry","category-regional"],"jetpack_featured_media_url":"https:\/\/radiorevelacionfm.cl\/wp-content\/uploads\/2023\/04\/accion-local-fosis-puerto-aysen-1_optimized-1.jpg","_links":{"self":[{"href":"https:\/\/radiorevelacionfm.cl\/index.php?rest_route=\/wp\/v2\/posts\/29890","targetHints":{"allow":["GET"]}}],"collection":[{"href":"https:\/\/radiorevelacionfm.cl\/index.php?rest_route=\/wp\/v2\/posts"}],"about":[{"href":"https:\/\/radiorevelacionfm.cl\/index.php?rest_route=\/wp\/v2\/types\/post"}],"author":[{"embeddable":true,"href":"https:\/\/radiorevelacionfm.cl\/index.php?rest_route=\/wp\/v2\/users\/1"}],"replies":[{"embeddable":true,"href":"https:\/\/radiorevelacionfm.cl\/index.php?rest_route=%2Fwp%2Fv2%2Fcomments&post=29890"}],"version-history":[{"count":1,"href":"https:\/\/radiorevelacionfm.cl\/index.php?rest_route=\/wp\/v2\/posts\/29890\/revisions"}],"predecessor-version":[{"id":29892,"href":"https:\/\/radiorevelacionfm.cl\/index.php?rest_route=\/wp\/v2\/posts\/29890\/revisions\/29892"}],"wp:featuredmedia":[{"embeddable":true,"href":"https:\/\/radiorevelacionfm.cl\/index.php?rest_route=\/wp\/v2\/media\/29891"}],"wp:attachment":[{"href":"https:\/\/radiorevelacionfm.cl\/index.php?rest_route=%2Fwp%2Fv2%2Fmedia&parent=29890"}],"wp:term":[{"taxonomy":"category","embeddable":true,"href":"https:\/\/radiorevelacionfm.cl\/index.php?rest_route=%2Fwp%2Fv2%2Fcategories&post=29890"},{"taxonomy":"post_tag","embeddable":true,"href":"https:\/\/radiorevelacionfm.cl\/index.php?rest_route=%2Fwp%2Fv2%2Ftags&post=29890"}],"curies":[{"name":"wp","href":"https:\/\/api.w.org\/{rel}","templated":true}]}}