{"id":29887,"date":"2023-04-10T18:35:54","date_gmt":"2023-04-10T21:35:54","guid":{"rendered":"https:\/\/radiorevelacionfm.cl\/?p=29887"},"modified":"2023-04-10T18:35:54","modified_gmt":"2023-04-10T21:35:54","slug":"apicultor-de-chile-chico-es-destacado-por-autoridades-del-agro-por-su-produccion-de-mieles","status":"publish","type":"post","link":"https:\/\/radiorevelacionfm.cl\/?p=29887","title":{"rendered":"Apicultor de Chile Chico es destacado por autoridades del AGRO por su producci\u00f3n de mieles"},"content":{"rendered":"<div class=\"flex_column av_one_full  flex_column_div av-zero-column-padding first  avia-builder-el-0  el_before_av_one_full  avia-builder-el-first  \" style='border-radius:0px; '><div  class='avia-image-container  av-styling-    avia-builder-el-1  avia-builder-el-no-sibling  avia-align-center '  itemprop=\"image\" itemscope=\"itemscope\" itemtype=\"https:\/\/schema.org\/ImageObject\"  ><div class='avia-image-container-inner'><div class='avia-image-overlay-wrap'><img decoding=\"async\" class='wp-image-29888 avia-img-lazy-loading-not-29888 avia_image' src=\"https:\/\/radiorevelacionfm.cl\/wp-content\/uploads\/2023\/04\/02-vista-Apicultor-1-1.jpeg\" alt='' title='02 vista Apicultor (1) (1)' height=\"600\" width=\"901\"  itemprop=\"thumbnailUrl\" srcset=\"https:\/\/radiorevelacionfm.cl\/wp-content\/uploads\/2023\/04\/02-vista-Apicultor-1-1.jpeg 901w, https:\/\/radiorevelacionfm.cl\/wp-content\/uploads\/2023\/04\/02-vista-Apicultor-1-1-300x200.jpeg 300w, https:\/\/radiorevelacionfm.cl\/wp-content\/uploads\/2023\/04\/02-vista-Apicultor-1-1-768x511.jpeg 768w, https:\/\/radiorevelacionfm.cl\/wp-content\/uploads\/2023\/04\/02-vista-Apicultor-1-1-705x469.jpeg 705w, https:\/\/radiorevelacionfm.cl\/wp-content\/uploads\/2023\/04\/02-vista-Apicultor-1-1-450x300.jpeg 450w, https:\/\/radiorevelacionfm.cl\/wp-content\/uploads\/2023\/04\/02-vista-Apicultor-1-1-600x400.jpeg 600w\" sizes=\"(max-width: 901px) 100vw, 901px\" \/><\/div><\/div><\/div><\/div><div class=\"flex_column av_one_full  flex_column_div av-zero-column-padding first  avia-builder-el-2  el_after_av_one_full  el_before_av_one_full  column-top-margin\" style='border-radius:0px; '><section class=\"av_textblock_section \"  itemscope=\"itemscope\" itemtype=\"https:\/\/schema.org\/BlogPosting\" itemprop=\"blogPost\" ><div class='avia_textblock  '   itemprop=\"text\" ><p style=\"text-align: center;\"><strong><span style=\"font-size: 18pt;\">Apicultor de Chile Chico es destacado por autoridades del AGRO por su producci\u00f3n de mieles<\/span><\/strong><\/p>\n<div id=\"gtx-trans\" style=\"position: absolute; left: -50px; top: 4.31534px;\">\n<div class=\"gtx-trans-icon\"><\/div>\n<\/div>\n<\/div><\/section><\/div><div class=\"flex_column av_one_full  flex_column_div av-zero-column-padding first  avia-builder-el-4  el_after_av_one_full  el_before_av_hr  column-top-margin\" style='border-radius:0px; '><section class=\"av_textblock_section \"  itemscope=\"itemscope\" itemtype=\"https:\/\/schema.org\/BlogPosting\" itemprop=\"blogPost\" ><div class='avia_textblock  '   itemprop=\"text\" ><p style=\"text-align: justify;\">El seremi de Agricultura de Ays\u00e9n, Alan Espinoza, junto al gerente del Instituto Forestal (INFOR) sede Patagonia, Jaime Salinas, y Raimundo L\u00f3pez, funcionario de INDAP, visitaron el predio de Avelino Jara, apicultor de Chile Chico, para conocer su producci\u00f3n de mieles y entregarle resultados parciales del estudio \u00abCaracterizaci\u00f3n y diferenciaci\u00f3n de la miel producida en diferentes zonas de la Patagonia Aysenina\u00bb, el cual incluye una muestra de su producci\u00f3n.<\/p>\n<p style=\"text-align: justify;\">Durante la visita, Avelino Jara resalt\u00f3 el clima de la regi\u00f3n para hacer apicultura y su compromiso con la producci\u00f3n de miel de abeja de la mejor calidad. \u00abQueremos sacar un producto de una mezcla de todos los productos que genera la colmena. Es algo complejo de realizar, pero nos va a llevar alg\u00fan tiempo. Pero la idea es coronar toda la actividad ap\u00edcola con este producto, que va a ser un producto bien \u00fanico en la regi\u00f3n\u00bb, coment\u00f3 el apicultor de Chile Chico.<\/p>\n<p style=\"text-align: justify;\">Por su parte, Jaime Salinas destac\u00f3 la importancia del conocimiento y experiencia de Jara para el estudio que est\u00e1 realizando el INFOR. \u00ab\u00c9l tiene mucho conocimiento, y estamos aprovechando nosotros como instituci\u00f3n del Ministerio de Agricultura de conversar con \u00e9l, porque tambi\u00e9n es parte de un programa, de un estudio que est\u00e1 realizando el INFOR, financiado y apoyado por la Fundaci\u00f3n de Innovaci\u00f3n Agraria (FIA),\u00a0 que busca caracterizar las mieles de la regi\u00f3n y que en\u00a0 los pr\u00f3ximos meses, va a tener una radiograf\u00eda de la caracterizaci\u00f3n de las mieles regionales\u00bb, indic\u00f3.<\/p>\n<p style=\"text-align: justify;\">Por su parte, Alan Espinoza, enfatiz\u00f3 en el fortalecimiento del rubro ap\u00edcola y en la importancia de seguir trabajando desde el Ministerio de Agricultura para estar libres de enfermedades que afectan las producciones de este tipo. \u00abEstamos con Don Avelino, que nos ha mostrado c\u00f3mo es su proceso productivo y c\u00f3mo lo est\u00e1 haciendo. Adem\u00e1s nos ha mostrado su excelente producto, con el cual le da un valor agregado y lo ha estado vendiendo en distintos lugares con muy buenos resultados\u00bb, se\u00f1al\u00f3.<\/p>\n<p style=\"text-align: justify;\">La visita de los representantes del Ministerio de Agricultura al apicultor permiti\u00f3 conocer de cerca su proceso productivo y valorar su excelente producto, adem\u00e1s de destacar la experiencia t\u00e9cnica de Avelino Jara, qui\u00e9n se mostr\u00f3 dispuesto a traspasarla a las y los apicultores de la regi\u00f3n de Ays\u00e9n.<\/p>\n<p style=\"text-align: justify;\">Entre las particularidades que presentan las mieles de la Patagonia Aysenina destaca la diversidad de colores que van desde el Blanco (33,3 mm Pfund) al \u00c1mbar oscuro (160,8 mm Pfund), y la miel de Avelino Jara est\u00e1 cercana a los 100 Pfund categoriz\u00e1ndose en una coloraci\u00f3n \u00c1mbar. Este par\u00e1metro es uno de los atributos que genera el poder de decisi\u00f3n de muchos de los consumidores de miel.<\/p>\n<\/div><\/section><\/div><div  style='height:50px' class='hr hr-invisible   avia-builder-el-6  el_after_av_one_full  el_before_av_social_share '><span class='hr-inner ' ><span class='hr-inner-style'><\/span><\/span><\/div><\/p>\n<div  class='av-social-sharing-box  avia-builder-el-7  el_after_av_hr  el_before_av_hr  '><div class='av-share-box'><h5 class='av-share-link-description av-no-toc '>Compartir esta noticia<\/h5><ul class='av-share-box-list noLightbox'><li class='av-share-link av-social-link-facebook' ><a target=\"_blank\" aria-label=\"Compartir en Facebook\" href='https:\/\/www.facebook.com\/sharer.php?u=https:\/\/radiorevelacionfm.cl\/?p=29887&#038;t=Apicultor%20de%20Chile%20Chico%20es%20destacado%20por%20autoridades%20del%20AGRO%20por%20su%20producci%C3%B3n%20de%20mieles' aria-hidden='false' data-av_icon='\ue8f3' data-av_iconfont='entypo-fontello' title='' data-avia-related-tooltip='Compartir en Facebook' rel=\"noopener\"><span class='avia_hidden_link_text'>Compartir en Facebook<\/span><\/a><\/li><li class='av-share-link av-social-link-twitter' ><a target=\"_blank\" aria-label=\"Compartir en Twitter\" href='https:\/\/twitter.com\/share?text=Apicultor%20de%20Chile%20Chico%20es%20destacado%20por%20autoridades%20del%20AGRO%20por%20su%20producci%C3%B3n%20de%20mieles&#038;url=https:\/\/radiorevelacionfm.cl\/?p=29887' aria-hidden='false' data-av_icon='\ue8f1' data-av_iconfont='entypo-fontello' title='' data-avia-related-tooltip='Compartir en Twitter' rel=\"noopener\"><span class='avia_hidden_link_text'>Compartir en Twitter<\/span><\/a><\/li><li class='av-share-link av-social-link-whatsapp' ><a target=\"_blank\" aria-label=\"Compartir en Whatsapp\" href='https:\/\/api.whatsapp.com\/send?text=https:\/\/radiorevelacionfm.cl\/?p=29887' aria-hidden='false' data-av_icon='\uf232' data-av_iconfont='entypo-fontello' title='' data-avia-related-tooltip='Compartir en Whatsapp' rel=\"noopener\"><span class='avia_hidden_link_text'>Compartir en Whatsapp<\/span><\/a><\/li><li class='av-share-link av-social-link-linkedin' ><a target=\"_blank\" aria-label=\"Compartir en LinkedIn\" href='https:\/\/linkedin.com\/shareArticle?mini=true&#038;title=Apicultor%20de%20Chile%20Chico%20es%20destacado%20por%20autoridades%20del%20AGRO%20por%20su%20producci%C3%B3n%20de%20mieles&#038;url=https:\/\/radiorevelacionfm.cl\/?p=29887' aria-hidden='false' data-av_icon='\ue8fc' data-av_iconfont='entypo-fontello' title='' data-avia-related-tooltip='Compartir en LinkedIn' rel=\"noopener\"><span class='avia_hidden_link_text'>Compartir en LinkedIn<\/span><\/a><\/li><li class='av-share-link av-social-link-mail' ><a  aria-label=\"Compartir por correo\" href='mailto:?subject=Apicultor%20de%20Chile%20Chico%20es%20destacado%20por%20autoridades%20del%20AGRO%20por%20su%20producci%C3%B3n%20de%20mieles&#038;body=https:\/\/radiorevelacionfm.cl\/?p=29887' aria-hidden='false' data-av_icon='\ue805' data-av_iconfont='entypo-fontello' title='' data-avia-related-tooltip='Compartir por correo'><span class='avia_hidden_link_text'>Compartir por correo<\/span><\/a><\/li><\/ul><\/div><\/div>\n<div  style='height:50px' class='hr hr-invisible   avia-builder-el-8  el_after_av_social_share  el_before_av_comments_list '><span class='hr-inner ' ><span class='hr-inner-style'><\/span><\/span><\/div>\n<div  class='av-buildercomment  av-blog-meta-html-info-disabled av-blog-meta-tag-disabled  '><\/div>\n","protected":false},"excerpt":{"rendered":"","protected":false},"author":1,"featured_media":29888,"comment_status":"open","ping_status":"open","sticky":false,"template":"","format":"standard","meta":{"footnotes":""},"categories":[58],"tags":[],"class_list":["post-29887","post","type-post","status-publish","format-standard","has-post-thumbnail","hentry","category-agricultura"],"jetpack_featured_media_url":"https:\/\/radiorevelacionfm.cl\/wp-content\/uploads\/2023\/04\/02-vista-Apicultor-1-1.jpeg","_links":{"self":[{"href":"https:\/\/radiorevelacionfm.cl\/index.php?rest_route=\/wp\/v2\/posts\/29887","targetHints":{"allow":["GET"]}}],"collection":[{"href":"https:\/\/radiorevelacionfm.cl\/index.php?rest_route=\/wp\/v2\/posts"}],"about":[{"href":"https:\/\/radiorevelacionfm.cl\/index.php?rest_route=\/wp\/v2\/types\/post"}],"author":[{"embeddable":true,"href":"https:\/\/radiorevelacionfm.cl\/index.php?rest_route=\/wp\/v2\/users\/1"}],"replies":[{"embeddable":true,"href":"https:\/\/radiorevelacionfm.cl\/index.php?rest_route=%2Fwp%2Fv2%2Fcomments&post=29887"}],"version-history":[{"count":1,"href":"https:\/\/radiorevelacionfm.cl\/index.php?rest_route=\/wp\/v2\/posts\/29887\/revisions"}],"predecessor-version":[{"id":29889,"href":"https:\/\/radiorevelacionfm.cl\/index.php?rest_route=\/wp\/v2\/posts\/29887\/revisions\/29889"}],"wp:featuredmedia":[{"embeddable":true,"href":"https:\/\/radiorevelacionfm.cl\/index.php?rest_route=\/wp\/v2\/media\/29888"}],"wp:attachment":[{"href":"https:\/\/radiorevelacionfm.cl\/index.php?rest_route=%2Fwp%2Fv2%2Fmedia&parent=29887"}],"wp:term":[{"taxonomy":"category","embeddable":true,"href":"https:\/\/radiorevelacionfm.cl\/index.php?rest_route=%2Fwp%2Fv2%2Fcategories&post=29887"},{"taxonomy":"post_tag","embeddable":true,"href":"https:\/\/radiorevelacionfm.cl\/index.php?rest_route=%2Fwp%2Fv2%2Ftags&post=29887"}],"curies":[{"name":"wp","href":"https:\/\/api.w.org\/{rel}","templated":true}]}}