{"id":29882,"date":"2023-04-10T22:38:07","date_gmt":"2023-04-11T01:38:07","guid":{"rendered":"https:\/\/radiorevelacionfm.cl\/?p=29882"},"modified":"2023-04-10T22:38:07","modified_gmt":"2023-04-11T01:38:07","slug":"la-importancia-de-contar-con-un-reporte-meteorologico-regional","status":"publish","type":"post","link":"https:\/\/radiorevelacionfm.cl\/?p=29882","title":{"rendered":"La importancia de contar con un Reporte Meteorol\u00f3gico regional"},"content":{"rendered":"<div class=\"flex_column av_one_full  flex_column_div av-zero-column-padding first  avia-builder-el-0  el_before_av_one_full  avia-builder-el-first  \" style='border-radius:0px; '><div  class='avia-image-container  av-styling-    avia-builder-el-1  avia-builder-el-no-sibling  avia-align-center '  itemprop=\"image\" itemscope=\"itemscope\" itemtype=\"https:\/\/schema.org\/ImageObject\"  ><div class='avia-image-container-inner'><div class='avia-image-overlay-wrap'><img decoding=\"async\" class='wp-image-29883 avia-img-lazy-loading-not-29883 avia_image' src=\"https:\/\/radiorevelacionfm.cl\/wp-content\/uploads\/2023\/04\/INST-PLUVIOM-CISNES-4-1-1.jpeg\" alt='' title='INST PLUVIOM CISNES (4) (1) (1)' height=\"600\" width=\"799\"  itemprop=\"thumbnailUrl\" srcset=\"https:\/\/radiorevelacionfm.cl\/wp-content\/uploads\/2023\/04\/INST-PLUVIOM-CISNES-4-1-1.jpeg 799w, https:\/\/radiorevelacionfm.cl\/wp-content\/uploads\/2023\/04\/INST-PLUVIOM-CISNES-4-1-1-300x225.jpeg 300w, https:\/\/radiorevelacionfm.cl\/wp-content\/uploads\/2023\/04\/INST-PLUVIOM-CISNES-4-1-1-768x577.jpeg 768w, https:\/\/radiorevelacionfm.cl\/wp-content\/uploads\/2023\/04\/INST-PLUVIOM-CISNES-4-1-1-705x529.jpeg 705w, https:\/\/radiorevelacionfm.cl\/wp-content\/uploads\/2023\/04\/INST-PLUVIOM-CISNES-4-1-1-450x338.jpeg 450w, https:\/\/radiorevelacionfm.cl\/wp-content\/uploads\/2023\/04\/INST-PLUVIOM-CISNES-4-1-1-600x451.jpeg 600w\" sizes=\"(max-width: 799px) 100vw, 799px\" \/><\/div><\/div><\/div><\/div><div class=\"flex_column av_one_full  flex_column_div av-zero-column-padding first  avia-builder-el-2  el_after_av_one_full  el_before_av_one_full  column-top-margin\" style='border-radius:0px; '><section class=\"av_textblock_section \"  itemscope=\"itemscope\" itemtype=\"https:\/\/schema.org\/BlogPosting\" itemprop=\"blogPost\" ><div class='avia_textblock  '   itemprop=\"text\" ><p style=\"text-align: center;\"><strong><span style=\"font-size: 18pt;\">La importancia de contar con un Reporte Meteorol\u00f3gico regional<\/span><\/strong><\/p>\n<div id=\"gtx-trans\" style=\"position: absolute; left: -50px; top: 4.31534px;\">\n<div class=\"gtx-trans-icon\"><\/div>\n<\/div>\n<\/div><\/section><\/div><div class=\"flex_column av_one_full  flex_column_div av-zero-column-padding first  avia-builder-el-4  el_after_av_one_full  el_before_av_hr  column-top-margin\" style='border-radius:0px; '><section class=\"av_textblock_section \"  itemscope=\"itemscope\" itemtype=\"https:\/\/schema.org\/BlogPosting\" itemprop=\"blogPost\" ><div class='avia_textblock  '   itemprop=\"text\" ><p dir=\"ltr\" style=\"text-align: justify;\"><span class=\"v1ContentPasted0\">La Regi\u00f3n de Ays\u00e9n cuenta con dos reportes meteorol\u00f3gicos detallados por localidades que son enviados a diversas instituciones y servicios a lo largo de todo el territorio. Esto es gracias a un an\u00e1lisis de distintas fuentes de informaci\u00f3n meteorol\u00f3gica como modelos globales y regionales, redes de monitoreo superficial y satelital, junto a la informaci\u00f3n proveniente de estaciones meteorol\u00f3gicas a lo largo de diversos puntos de la regi\u00f3n, que son analizadas por un equipo de profesionales que generan este reporte.<\/span><\/p>\n<p dir=\"ltr\" style=\"text-align: justify;\"><strong><span class=\"v1ContentPasted0\">\u00bfPero qu\u00e9 aporte tiene esta informaci\u00f3n?<\/span><\/strong><\/p>\n<p dir=\"ltr\" style=\"text-align: justify;\"><span class=\"v1ContentPasted0\">Este trabajo es liderado por dos meteor\u00f3logos pertenecientes al Laboratorio Eco-Clim\u00e1tico del Centro de Investigaci\u00f3n en Ecosistemas de la Patagonia (CIEP), Piero Mardones y Luis G\u00f3mez, el cual permite advertir a los habitantes de la regi\u00f3n del potencial riesgo de desastres hidrometeorol\u00f3gicos, es decir de aquellos que tienen su origen en fen\u00f3menos atmosf\u00e9ricos. Esto es muy relevante en una regi\u00f3n como Ays\u00e9n, la cual tiene condiciones atmosf\u00e9ricas muy variables que pueden cambiar abruptamente en un par de d\u00edas. Junto a ello, debido al cambio clim\u00e1tico se espera un aumento de la frecuencia e intensidad de eventos meteorol\u00f3gicos extremos en casi todo el planeta. En el caso de la regi\u00f3n de Ays\u00e9n, esto podr\u00eda ocurrir con los r\u00edos atmosf\u00e9ricos, fen\u00f3menos naturales que se presentan principalmente en las zonas costeras, donde se transportan importantes cantidades de vapor de agua, convirti\u00e9ndose en grandes descargas de lluvia. Debido a lo anterior, la informaci\u00f3n y monitoreo constante de lo que est\u00e1 ocurriendo en la atm\u00f3sfera, nos permite estar mejor preparados y de esta forma adaptarnos al cambio clim\u00e1tico.<\/span><\/p>\n<p dir=\"ltr\" style=\"text-align: justify;\"><span class=\"v1ContentPasted0\">En la actualidad existe un contacto permanente entre las autoridades y el Laboratorio Eco-clim\u00e1tico. Estos antecedentes son presentados a la comunidad y autoridades, para ayudar a la construcci\u00f3n de los reportes de seguridad elaborados por instituciones gubernamentales como ONEMI, y es adem\u00e1s enviado desde CIEP d<\/span><span class=\"v1ContentPasted0\">os veces por semana a varias instituciones y servicios como el Servicio Nacional de Prevenci\u00f3n y Respuestas (SENAPRED, ex ONEMI), Consejo Regional, Gobierno Regional, municipios, escuelas, liceos, jardines infantiles, Ministerio de Obras P\u00fablicas, Seremis, Delegaciones provinciales, entre otros.\u00a0<\/span><span class=\"v1ContentPasted0\">Algunas de las plataformas actualmente disponibles para encontrar estos reportes son la p\u00e1gina del CIEP, AYSENMET y redes sociales como Instagram y Facebook.\u00a0<\/span><\/p>\n<p dir=\"ltr\" style=\"text-align: justify;\"><span class=\"v1ContentPasted0\">El especialista Piero Mardones nos cuenta como es el trabajo previo a cada uno de estos reportes, \u00abeste se confecciona utilizando diversas fuentes de informaci\u00f3n, en particular varios modelos de predicci\u00f3n num\u00e9rica del tiempo, de manera de reducir la incertidumbre para que este pron\u00f3stico sea lo m\u00e1s preciso posible para la regi\u00f3n. En primera instancia se realiza un an\u00e1lisis de las condiciones actuales, se compara con los modelos y luego se eval\u00faa, por ejemplo, si los rangos de precipitaci\u00f3n est\u00e1n sobre los rangos normales o condiciones que puedan causar riesgo\u00bb.\u00a0<\/span><\/p>\n<p dir=\"ltr\" style=\"text-align: justify;\"><span class=\"v1ContentPasted0\">Cada uno de los reportes cuenta con informaci\u00f3n sobre probabilidad y cantidad de precipitaciones, temperaturas m\u00e1ximas y m\u00ednimas, la existencia de frentes y r\u00edos atmosf\u00e9ricos, altura de la isoterma 0\u00b0C, intensidad del viento y una tabla detallada de precipitaci\u00f3n y temperaturas por diferentes localidades.\u00a0\u00a0<\/span><span class=\"v1ContentPasted0\">\u00abEs muy importante que las localidades tengan informaci\u00f3n, con este nivel de detalle, sobre el pron\u00f3stico del tiempo. Tambi\u00e9n es importante poder contar con estaciones meteorol\u00f3gicas, idealmente, en cada una de estas localidades, ya que los datos que proporcionan son esenciales para el monitoreo del cambio del clima y los eventos que se puedan presentar en esta regi\u00f3n\u00bb, destac\u00f3 Giovanni Daneri director ejecutivo de CIEP.<\/span><\/p>\n<p dir=\"ltr\" style=\"text-align: justify;\"><span class=\"v1ContentPasted0\">Cabe se\u00f1alar, que la actual red operativa de estaciones meteorol\u00f3gicas instaladas por CIEP, est\u00e1n ubicadas en Glaciar Steffen, Puerto Tranquilo y Puerto Cisnes y cada una de ellas mide agua ca\u00edda, temperatura, humedad, radiaci\u00f3n, e intensidad y velocidad del viento.<\/span><\/p>\n<p dir=\"ltr\" style=\"text-align: justify;\"><span class=\"v1ContentPasted0\">Para finalizar Luis G\u00f3mez nos explica la importancia de contar con esta herramienta \u00absin duda, dada las caracter\u00edsticas territoriales, nivel de instrumentalizaci\u00f3n y estimaciones del cambio clim\u00e1tico, se necesitar\u00e1 seguir mejorando la calidad del pron\u00f3stico del tiempo meteorol\u00f3gico. Esto permitir\u00e1 robustecer la planificaci\u00f3n de la ciudadan\u00eda, orientar al sector privado y los organismos del estado. Por ejemplo, buenas estimaciones meteorol\u00f3gicas ayudan a tomar medidas oportunas frente a un potencial evento catastr\u00f3fico y gestionando los recursos de mejor manera. Dentro de las acciones que com\u00fanmente se pueden tomar, se destaca, las mejoras en la planificaci\u00f3n territorial de la infraestructura y la organizaci\u00f3n a trav\u00e9s de los Planes de Acci\u00f3n Regional y Comunal de Cambio Clim\u00e1tico, sistema con avisos de alertas o emergencias, que permiten generar cortes de caminos precautorios, reforzamiento en la vigilancia de infraestructura, aplicaci\u00f3n m\u00e1s r\u00e1pida de medidas de mitigaci\u00f3n, entre otros aspectos. Todas estas acciones ayudan finalmente a la seguridad, a la adaptaci\u00f3n y la resiliencia de los habitantes de Ays\u00e9n\u00bb.<\/span><\/p>\n<p style=\"text-align: justify;\"><span class=\"v1ContentPasted0\">Para acceder a los reportes pueden ingresar al banner disponible en la p\u00e1gina de CIEP <\/span><a class=\"v1ContentPasted0\" href=\"http:\/\/www.ciep.cl\/\" target=\"_blank\" rel=\"noopener noreferrer\">www.ciep.cl<\/a><span class=\"v1ContentPasted0\">\u00a0o a\u00a0<\/span><a class=\"v1ContentPasted0\" href=\"http:\/\/www.aysenmet.cl\/\" target=\"_blank\" rel=\"noopener noreferrer\">www.aysenmet.cl<\/a><span class=\"v1ContentPasted0\">\u00a0, como tambi\u00e9n registrarte en el formulario que hay en esta \u00faltima p\u00e1gina para el env\u00edo v\u00eda correo electr\u00f3nico.\u00a0<\/span><\/p>\n<\/div><\/section><\/div><div  style='height:50px' class='hr hr-invisible   avia-builder-el-6  el_after_av_one_full  el_before_av_social_share '><span class='hr-inner ' ><span class='hr-inner-style'><\/span><\/span><\/div><\/p>\n<div  class='av-social-sharing-box  avia-builder-el-7  el_after_av_hr  el_before_av_hr  '><div class='av-share-box'><h5 class='av-share-link-description av-no-toc '>Compartir esta noticia<\/h5><ul class='av-share-box-list noLightbox'><li class='av-share-link av-social-link-facebook' ><a target=\"_blank\" aria-label=\"Compartir en Facebook\" href='https:\/\/www.facebook.com\/sharer.php?u=https:\/\/radiorevelacionfm.cl\/?p=29882&#038;t=La%20importancia%20de%20contar%20con%20un%20Reporte%20Meteorol%C3%B3gico%20regional' aria-hidden='false' data-av_icon='\ue8f3' data-av_iconfont='entypo-fontello' title='' data-avia-related-tooltip='Compartir en Facebook' rel=\"noopener\"><span class='avia_hidden_link_text'>Compartir en Facebook<\/span><\/a><\/li><li class='av-share-link av-social-link-twitter' ><a target=\"_blank\" aria-label=\"Compartir en Twitter\" href='https:\/\/twitter.com\/share?text=La%20importancia%20de%20contar%20con%20un%20Reporte%20Meteorol%C3%B3gico%20regional&#038;url=https:\/\/radiorevelacionfm.cl\/?p=29882' aria-hidden='false' data-av_icon='\ue8f1' data-av_iconfont='entypo-fontello' title='' data-avia-related-tooltip='Compartir en Twitter' rel=\"noopener\"><span class='avia_hidden_link_text'>Compartir en Twitter<\/span><\/a><\/li><li class='av-share-link av-social-link-whatsapp' ><a target=\"_blank\" aria-label=\"Compartir en Whatsapp\" href='https:\/\/api.whatsapp.com\/send?text=https:\/\/radiorevelacionfm.cl\/?p=29882' aria-hidden='false' data-av_icon='\uf232' data-av_iconfont='entypo-fontello' title='' data-avia-related-tooltip='Compartir en Whatsapp' rel=\"noopener\"><span class='avia_hidden_link_text'>Compartir en Whatsapp<\/span><\/a><\/li><li class='av-share-link av-social-link-linkedin' ><a target=\"_blank\" aria-label=\"Compartir en LinkedIn\" href='https:\/\/linkedin.com\/shareArticle?mini=true&#038;title=La%20importancia%20de%20contar%20con%20un%20Reporte%20Meteorol%C3%B3gico%20regional&#038;url=https:\/\/radiorevelacionfm.cl\/?p=29882' aria-hidden='false' data-av_icon='\ue8fc' data-av_iconfont='entypo-fontello' title='' data-avia-related-tooltip='Compartir en LinkedIn' rel=\"noopener\"><span class='avia_hidden_link_text'>Compartir en LinkedIn<\/span><\/a><\/li><li class='av-share-link av-social-link-mail' ><a  aria-label=\"Compartir por correo\" href='mailto:?subject=La%20importancia%20de%20contar%20con%20un%20Reporte%20Meteorol%C3%B3gico%20regional&#038;body=https:\/\/radiorevelacionfm.cl\/?p=29882' aria-hidden='false' data-av_icon='\ue805' data-av_iconfont='entypo-fontello' title='' data-avia-related-tooltip='Compartir por correo'><span class='avia_hidden_link_text'>Compartir por correo<\/span><\/a><\/li><\/ul><\/div><\/div>\n<div  style='height:50px' class='hr hr-invisible   avia-builder-el-8  el_after_av_social_share  el_before_av_comments_list '><span class='hr-inner ' ><span class='hr-inner-style'><\/span><\/span><\/div>\n<div  class='av-buildercomment  av-blog-meta-html-info-disabled av-blog-meta-tag-disabled  '><\/div>\n","protected":false},"excerpt":{"rendered":"","protected":false},"author":1,"featured_media":29883,"comment_status":"open","ping_status":"open","sticky":false,"template":"","format":"standard","meta":{"footnotes":""},"categories":[38],"tags":[],"class_list":["post-29882","post","type-post","status-publish","format-standard","has-post-thumbnail","hentry","category-regional"],"jetpack_featured_media_url":"https:\/\/radiorevelacionfm.cl\/wp-content\/uploads\/2023\/04\/INST-PLUVIOM-CISNES-4-1-1.jpeg","_links":{"self":[{"href":"https:\/\/radiorevelacionfm.cl\/index.php?rest_route=\/wp\/v2\/posts\/29882","targetHints":{"allow":["GET"]}}],"collection":[{"href":"https:\/\/radiorevelacionfm.cl\/index.php?rest_route=\/wp\/v2\/posts"}],"about":[{"href":"https:\/\/radiorevelacionfm.cl\/index.php?rest_route=\/wp\/v2\/types\/post"}],"author":[{"embeddable":true,"href":"https:\/\/radiorevelacionfm.cl\/index.php?rest_route=\/wp\/v2\/users\/1"}],"replies":[{"embeddable":true,"href":"https:\/\/radiorevelacionfm.cl\/index.php?rest_route=%2Fwp%2Fv2%2Fcomments&post=29882"}],"version-history":[{"count":1,"href":"https:\/\/radiorevelacionfm.cl\/index.php?rest_route=\/wp\/v2\/posts\/29882\/revisions"}],"predecessor-version":[{"id":29884,"href":"https:\/\/radiorevelacionfm.cl\/index.php?rest_route=\/wp\/v2\/posts\/29882\/revisions\/29884"}],"wp:featuredmedia":[{"embeddable":true,"href":"https:\/\/radiorevelacionfm.cl\/index.php?rest_route=\/wp\/v2\/media\/29883"}],"wp:attachment":[{"href":"https:\/\/radiorevelacionfm.cl\/index.php?rest_route=%2Fwp%2Fv2%2Fmedia&parent=29882"}],"wp:term":[{"taxonomy":"category","embeddable":true,"href":"https:\/\/radiorevelacionfm.cl\/index.php?rest_route=%2Fwp%2Fv2%2Fcategories&post=29882"},{"taxonomy":"post_tag","embeddable":true,"href":"https:\/\/radiorevelacionfm.cl\/index.php?rest_route=%2Fwp%2Fv2%2Ftags&post=29882"}],"curies":[{"name":"wp","href":"https:\/\/api.w.org\/{rel}","templated":true}]}}