{"id":29880,"date":"2023-04-10T21:35:58","date_gmt":"2023-04-11T00:35:58","guid":{"rendered":"https:\/\/radiorevelacionfm.cl\/?p=29880"},"modified":"2023-04-10T21:37:49","modified_gmt":"2023-04-11T00:37:49","slug":"corporacion-queulat-fortalece-su-institucionalidad-y-plantea-desafios-de-rearticulacion-para-un-destino-turistico-sustentable-regional","status":"publish","type":"post","link":"https:\/\/radiorevelacionfm.cl\/?p=29880","title":{"rendered":"Corporaci\u00f3n Queulat fortalece su institucionalidad y plantea desaf\u00edos de rearticulaci\u00f3n para un destino tur\u00edstico sustentable regional"},"content":{"rendered":"<div class=\"flex_column av_one_full  flex_column_div av-zero-column-padding first  avia-builder-el-0  el_before_av_one_full  avia-builder-el-first  \" style='border-radius:0px; '><div  class='avia-image-container  av-styling-    avia-builder-el-1  avia-builder-el-no-sibling  avia-align-center '  itemprop=\"image\" itemscope=\"itemscope\" itemtype=\"https:\/\/schema.org\/ImageObject\"  ><div class='avia-image-container-inner'><div class='avia-image-overlay-wrap'><img decoding=\"async\" class='wp-image-22965 avia-img-lazy-loading-not-22965 avia_image' src=\"https:\/\/radiorevelacionfm.cl\/wp-content\/uploads\/2022\/10\/Queulat-IMG_Parque-1.jpg\" alt='' title='Queulat IMG_Parque (1)' height=\"600\" width=\"800\"  itemprop=\"thumbnailUrl\" srcset=\"https:\/\/radiorevelacionfm.cl\/wp-content\/uploads\/2022\/10\/Queulat-IMG_Parque-1.jpg 800w, https:\/\/radiorevelacionfm.cl\/wp-content\/uploads\/2022\/10\/Queulat-IMG_Parque-1-300x225.jpg 300w, https:\/\/radiorevelacionfm.cl\/wp-content\/uploads\/2022\/10\/Queulat-IMG_Parque-1-768x576.jpg 768w, https:\/\/radiorevelacionfm.cl\/wp-content\/uploads\/2022\/10\/Queulat-IMG_Parque-1-705x529.jpg 705w, https:\/\/radiorevelacionfm.cl\/wp-content\/uploads\/2022\/10\/Queulat-IMG_Parque-1-600x450.jpg 600w\" sizes=\"(max-width: 800px) 100vw, 800px\" \/><\/div><\/div><\/div><\/div><div class=\"flex_column av_one_full  flex_column_div av-zero-column-padding first  avia-builder-el-2  el_after_av_one_full  el_before_av_one_full  column-top-margin\" style='border-radius:0px; '><section class=\"av_textblock_section \"  itemscope=\"itemscope\" itemtype=\"https:\/\/schema.org\/BlogPosting\" itemprop=\"blogPost\" ><div class='avia_textblock  '   itemprop=\"text\" ><p style=\"text-align: center;\"><strong><span style=\"font-size: 18pt;\">Corporaci\u00f3n Queulat fortalece su institucionalidad y plantea desaf\u00edos de rearticulaci\u00f3n para un destino tur\u00edstico sustentable regional<\/span><\/strong><\/p>\n<div id=\"gtx-trans\" style=\"position: absolute; left: -50px; top: 4.31534px;\">\n<div class=\"gtx-trans-icon\"><\/div>\n<\/div>\n<\/div><\/section><\/div><\/p>\n<div class=\"flex_column av_one_full  flex_column_div av-zero-column-padding first  avia-builder-el-4  el_after_av_one_full  el_before_av_hr  column-top-margin\" style='border-radius:0px; '><section class=\"av_textblock_section \"  itemscope=\"itemscope\" itemtype=\"https:\/\/schema.org\/BlogPosting\" itemprop=\"blogPost\" ><div class='avia_textblock  '   itemprop=\"text\" ><p style=\"text-align: justify;\">La Corporaci\u00f3n ZOIT de Desarrollo Sustentable Ays\u00e9n Patagonia Queulat, recientemente \u2018rebautizada\u2019 como \u201c<strong>Corporaci\u00f3n Queulat<\/strong>\u201d ha brindado un espacio de reflexi\u00f3n para las asociaciones de turismo del territorio que entre otros objetivos busca promover la sustentabilidad en la actividad tur\u00edstica, posicionando la zona norte y sus atractivos como un importante foco de desarrollo regional en el \u00e1mbito del turismo aventura y de naturaleza, todo esto, entorno a un concepto m\u00e1s amplio que un atractivo en particular, \u00abel Destino Queulat lo habitamos una mixtura de comunidades e invitamos a nuestros visitantes a conocer, disfrutar y apreciar nuestro territorio como nosotros lo hacemos, con sus bosques, fiordos, r\u00edos, valles e islas, con su patrimonio, historia y sue\u00f1os.\u201d destac\u00f3 Jonathan Hechenleitner Riffo, presidente del directorio de la Organizaci\u00f3n. <strong>Destino Queulat <\/strong>es la denominaci\u00f3n que propone la Corporaci\u00f3n como concepto integral, para promover y concentrar los esfuerzos p\u00fablico-privados para el desarrollo de la industria del turismo sustentable en la zona norte de la regi\u00f3n de Ays\u00e9n.<\/p>\n<p style=\"text-align: justify;\">\u00abEn el marco del desarrollo de un proyecto de fortalecimiento gremial financiado por SERCOTEC Ays\u00e9n, iniciamos un trabajo de afianzamiento institucional, replante\u00e1ndonos desde la imagen corporativa hasta los objetivos y la misi\u00f3n de esta entidad, proponiendo un trabajo en el corto y mediano plazo que permita mejorar nuestras oportunidades de desarrollo sustentable en el mundo del turismo, queremos aprender de la experiencia de otros territorios, queremos que los emprendedores locales incorporen pr\u00e1cticas reales de sustentabilidad en sus emprendimientos, que las comunidades se involucren y se fortalezcan las redes, con emprendedores de todas las comunidades incluyendo el litoral\u201d plante\u00f3 Camila Rauld V\u00e1squez, Secretaria Ejecutiva de la Organizaci\u00f3n.<\/p>\n<p style=\"text-align: justify;\">Este fondo de fortalecimiento gremial tambi\u00e9n ha permitido instaurar un equipo administrativo para materializar las visiones y objetivos de la de la Corporaci\u00f3n, buscando oportunidades de desarrollo y formas de financiamiento que permitan el crecimiento y consolidaci\u00f3n de esta gran instancia intercomunal, realizando entre otras gestiones, el dise\u00f1o y estandarizaci\u00f3n de la org\u00e1nica, mejora en la comunicaci\u00f3n interna y postulaci\u00f3n a fondos que se alineen con la estrategia de sustentabilidad del territorio. Jos\u00e9 Urrutia Vilches, tesorero de la Corporaci\u00f3n manifest\u00f3 su opini\u00f3n respecto de c\u00f3mo se ha estado desarrollando y evolucionando la entidad, \u00abConsidero que para todos los que vivimos en Villa Amengual y alrededores, en especial para nuestra oferta tur\u00edstica, el nuevo trabajo de la corporaci\u00f3n Queulat es una inyecci\u00f3n de energ\u00eda que le abre oportunidades que hace tiempo no ten\u00eda, de darse a conocer y volver a trabajar en colaboraci\u00f3n con las otras localidades del norte de Ays\u00e9n. Habitamos una zona de inter\u00e9s tur\u00edstico de renombre y por eso es important\u00edsimo unir voluntades de asociados y no asociados que queremos un futuro sustentable, que respete el desarrollo que nuestra localidad busca y el medio ambiente que nos rodea. Personalmente agradezco este proceso y espero que otros actores tambi\u00e9n se abran a trabajar por el bien com\u00fan\u201d.<\/p>\n<p style=\"text-align: justify;\">Lo anterior, una misi\u00f3n de gran importancia para esta entidad, que seguir\u00e1 trabajando por el fortalecimiento del turismo sustentable como eje de desarrollo econ\u00f3mico, social y cultural en la zona norte de la regi\u00f3n de Ays\u00e9n en miras ya de la temporada alta del a\u00f1o 2024.<\/p>\n<\/div><\/section><\/div>\n<div  style='height:50px' class='hr hr-invisible   avia-builder-el-6  el_after_av_one_full  el_before_av_social_share '><span class='hr-inner ' ><span class='hr-inner-style'><\/span><\/span><\/div>\n<div  class='av-social-sharing-box  avia-builder-el-7  el_after_av_hr  el_before_av_hr  '><div class='av-share-box'><h5 class='av-share-link-description av-no-toc '>Compartir esta noticia<\/h5><ul class='av-share-box-list noLightbox'><li class='av-share-link av-social-link-facebook' ><a target=\"_blank\" aria-label=\"Compartir en Facebook\" href='https:\/\/www.facebook.com\/sharer.php?u=https:\/\/radiorevelacionfm.cl\/?p=29880&#038;t=Corporaci%C3%B3n%20Queulat%20fortalece%20su%20institucionalidad%20y%20plantea%20desaf%C3%ADos%20de%20rearticulaci%C3%B3n%20para%20un%20destino%20tur%C3%ADstico%20sustentable%20regional' aria-hidden='false' data-av_icon='\ue8f3' data-av_iconfont='entypo-fontello' title='' data-avia-related-tooltip='Compartir en Facebook' rel=\"noopener\"><span class='avia_hidden_link_text'>Compartir en Facebook<\/span><\/a><\/li><li class='av-share-link av-social-link-twitter' ><a target=\"_blank\" aria-label=\"Compartir en Twitter\" href='https:\/\/twitter.com\/share?text=Corporaci%C3%B3n%20Queulat%20fortalece%20su%20institucionalidad%20y%20plantea%20desaf%C3%ADos%20de%20rearticulaci%C3%B3n%20para%20un%20destino%20tur%C3%ADstico%20sustentable%20regional&#038;url=https:\/\/radiorevelacionfm.cl\/?p=29880' aria-hidden='false' data-av_icon='\ue8f1' data-av_iconfont='entypo-fontello' title='' data-avia-related-tooltip='Compartir en Twitter' rel=\"noopener\"><span class='avia_hidden_link_text'>Compartir en Twitter<\/span><\/a><\/li><li class='av-share-link av-social-link-whatsapp' ><a target=\"_blank\" aria-label=\"Compartir en Whatsapp\" href='https:\/\/api.whatsapp.com\/send?text=https:\/\/radiorevelacionfm.cl\/?p=29880' aria-hidden='false' data-av_icon='\uf232' data-av_iconfont='entypo-fontello' title='' data-avia-related-tooltip='Compartir en Whatsapp' rel=\"noopener\"><span class='avia_hidden_link_text'>Compartir en Whatsapp<\/span><\/a><\/li><li class='av-share-link av-social-link-linkedin' ><a target=\"_blank\" aria-label=\"Compartir en LinkedIn\" href='https:\/\/linkedin.com\/shareArticle?mini=true&#038;title=Corporaci%C3%B3n%20Queulat%20fortalece%20su%20institucionalidad%20y%20plantea%20desaf%C3%ADos%20de%20rearticulaci%C3%B3n%20para%20un%20destino%20tur%C3%ADstico%20sustentable%20regional&#038;url=https:\/\/radiorevelacionfm.cl\/?p=29880' aria-hidden='false' data-av_icon='\ue8fc' data-av_iconfont='entypo-fontello' title='' data-avia-related-tooltip='Compartir en LinkedIn' rel=\"noopener\"><span class='avia_hidden_link_text'>Compartir en LinkedIn<\/span><\/a><\/li><li class='av-share-link av-social-link-mail' ><a  aria-label=\"Compartir por correo\" href='mailto:?subject=Corporaci%C3%B3n%20Queulat%20fortalece%20su%20institucionalidad%20y%20plantea%20desaf%C3%ADos%20de%20rearticulaci%C3%B3n%20para%20un%20destino%20tur%C3%ADstico%20sustentable%20regional&#038;body=https:\/\/radiorevelacionfm.cl\/?p=29880' aria-hidden='false' data-av_icon='\ue805' data-av_iconfont='entypo-fontello' title='' data-avia-related-tooltip='Compartir por correo'><span class='avia_hidden_link_text'>Compartir por correo<\/span><\/a><\/li><\/ul><\/div><\/div>\n<div  style='height:50px' class='hr hr-invisible   avia-builder-el-8  el_after_av_social_share  el_before_av_comments_list '><span class='hr-inner ' ><span class='hr-inner-style'><\/span><\/span><\/div>\n<div  class='av-buildercomment  av-blog-meta-html-info-disabled av-blog-meta-tag-disabled  '><\/div>\n","protected":false},"excerpt":{"rendered":"","protected":false},"author":1,"featured_media":22965,"comment_status":"open","ping_status":"open","sticky":false,"template":"","format":"standard","meta":{"footnotes":""},"categories":[54],"tags":[],"class_list":["post-29880","post","type-post","status-publish","format-standard","has-post-thumbnail","hentry","category-turismo"],"jetpack_featured_media_url":"https:\/\/radiorevelacionfm.cl\/wp-content\/uploads\/2022\/10\/Queulat-IMG_Parque-1.jpg","_links":{"self":[{"href":"https:\/\/radiorevelacionfm.cl\/index.php?rest_route=\/wp\/v2\/posts\/29880","targetHints":{"allow":["GET"]}}],"collection":[{"href":"https:\/\/radiorevelacionfm.cl\/index.php?rest_route=\/wp\/v2\/posts"}],"about":[{"href":"https:\/\/radiorevelacionfm.cl\/index.php?rest_route=\/wp\/v2\/types\/post"}],"author":[{"embeddable":true,"href":"https:\/\/radiorevelacionfm.cl\/index.php?rest_route=\/wp\/v2\/users\/1"}],"replies":[{"embeddable":true,"href":"https:\/\/radiorevelacionfm.cl\/index.php?rest_route=%2Fwp%2Fv2%2Fcomments&post=29880"}],"version-history":[{"count":3,"href":"https:\/\/radiorevelacionfm.cl\/index.php?rest_route=\/wp\/v2\/posts\/29880\/revisions"}],"predecessor-version":[{"id":29913,"href":"https:\/\/radiorevelacionfm.cl\/index.php?rest_route=\/wp\/v2\/posts\/29880\/revisions\/29913"}],"wp:featuredmedia":[{"embeddable":true,"href":"https:\/\/radiorevelacionfm.cl\/index.php?rest_route=\/wp\/v2\/media\/22965"}],"wp:attachment":[{"href":"https:\/\/radiorevelacionfm.cl\/index.php?rest_route=%2Fwp%2Fv2%2Fmedia&parent=29880"}],"wp:term":[{"taxonomy":"category","embeddable":true,"href":"https:\/\/radiorevelacionfm.cl\/index.php?rest_route=%2Fwp%2Fv2%2Fcategories&post=29880"},{"taxonomy":"post_tag","embeddable":true,"href":"https:\/\/radiorevelacionfm.cl\/index.php?rest_route=%2Fwp%2Fv2%2Ftags&post=29880"}],"curies":[{"name":"wp","href":"https:\/\/api.w.org\/{rel}","templated":true}]}}