{"id":29870,"date":"2023-04-10T11:20:07","date_gmt":"2023-04-10T14:20:07","guid":{"rendered":"https:\/\/radiorevelacionfm.cl\/?p=29870"},"modified":"2023-04-10T11:20:07","modified_gmt":"2023-04-10T14:20:07","slug":"siguen-abiertas-inscripciones-a-talleres-de-charcuteria-chocolateria-y-fermentados-en-puerto-guadal","status":"publish","type":"post","link":"https:\/\/radiorevelacionfm.cl\/?p=29870","title":{"rendered":"Siguen abiertas inscripciones a talleres de charcuter\u00eda, chocolater\u00eda y fermentados en Puerto Guadal"},"content":{"rendered":"<div class=\"flex_column av_one_full  flex_column_div av-zero-column-padding first  avia-builder-el-0  el_before_av_one_full  avia-builder-el-first  \" style='border-radius:0px; '><div  class='avia-image-container  av-styling-    avia-builder-el-1  avia-builder-el-no-sibling  avia-align-center '  itemprop=\"image\" itemscope=\"itemscope\" itemtype=\"https:\/\/schema.org\/ImageObject\"  ><div class='avia-image-container-inner'><div class='avia-image-overlay-wrap'><img decoding=\"async\" class='wp-image-29871 avia-img-lazy-loading-not-29871 avia_image' src=\"https:\/\/radiorevelacionfm.cl\/wp-content\/uploads\/2023\/04\/sabores-5-2_optimized.jpg\" alt='' title='sabores-5-(2)_optimized' height=\"557\" width=\"920\"  itemprop=\"thumbnailUrl\" srcset=\"https:\/\/radiorevelacionfm.cl\/wp-content\/uploads\/2023\/04\/sabores-5-2_optimized.jpg 920w, https:\/\/radiorevelacionfm.cl\/wp-content\/uploads\/2023\/04\/sabores-5-2_optimized-300x182.jpg 300w, https:\/\/radiorevelacionfm.cl\/wp-content\/uploads\/2023\/04\/sabores-5-2_optimized-768x465.jpg 768w, https:\/\/radiorevelacionfm.cl\/wp-content\/uploads\/2023\/04\/sabores-5-2_optimized-705x427.jpg 705w, https:\/\/radiorevelacionfm.cl\/wp-content\/uploads\/2023\/04\/sabores-5-2_optimized-450x272.jpg 450w, https:\/\/radiorevelacionfm.cl\/wp-content\/uploads\/2023\/04\/sabores-5-2_optimized-600x363.jpg 600w\" sizes=\"(max-width: 920px) 100vw, 920px\" \/><\/div><\/div><\/div><\/div><div class=\"flex_column av_one_full  flex_column_div av-zero-column-padding first  avia-builder-el-2  el_after_av_one_full  el_before_av_one_full  column-top-margin\" style='border-radius:0px; '><section class=\"av_textblock_section \"  itemscope=\"itemscope\" itemtype=\"https:\/\/schema.org\/BlogPosting\" itemprop=\"blogPost\" ><div class='avia_textblock  '   itemprop=\"text\" ><p style=\"text-align: center;\"><span style=\"font-size: 18pt;\"><b><span lang=\"ES\">Siguen abiertas inscripciones a talleres de charcuter<\/span><\/b><b><span lang=\"X-NONE\">\u00eda, chocolater\u00eda y fermentados en Puerto Guadal<\/span><\/b><\/span><\/p>\n<div id=\"gtx-trans\" style=\"position: absolute; left: -50px; top: 4.31534px;\">\n<div class=\"gtx-trans-icon\"><\/div>\n<\/div>\n<\/div><\/section><\/div><div class=\"flex_column av_one_full  flex_column_div av-zero-column-padding first  avia-builder-el-4  el_after_av_one_full  el_before_av_hr  column-top-margin\" style='border-radius:0px; '><section class=\"av_textblock_section \"  itemscope=\"itemscope\" itemtype=\"https:\/\/schema.org\/BlogPosting\" itemprop=\"blogPost\" ><div class='avia_textblock  '   itemprop=\"text\" ><p class=\"v1MsoNormal\" style=\"text-align: justify;\"><span lang=\"ES\">Talleres de charcuter<\/span><span lang=\"X-NONE\">\u00eda (longanizas de chivo y gallina), chocolater\u00eda y fermentados\u00a0<\/span><span lang=\"ES\">se realizar<\/span><span lang=\"X-NONE\">\u00e1n a partir de este jueves 13 de abril en Puerto Guadal, cuando se realice la cuarta versi\u00f3n del encuentro\u00a0<\/span><span lang=\"ES\">\u00abSabores de la Perla del Lago\u00bb. En esta ocasi<\/span><span lang=\"X-NONE\">\u00f3n, se enfocar\u00e1 en el \u00abFestival de la Cosecha\u00bb, en el cual se desarrollar\u00e1n <\/span><span lang=\"ES\">talleres gastron\u00f3micos, una feria de artesanos y productores locales, junto a presentaciones art\u00edsticas culturales de la Compa\u00f1\u00eda de Teatro \u00abVuelo\u00bb y el D\u00fao Trapananda.<\/span><\/p>\n<p class=\"v1MsoNormal\" style=\"text-align: justify;\"><span lang=\"ES\">\u00ab<i>Hemos estado conversando con los socios y socias de la AG de Turismo de que es necesario, de alguna forma, relevar y profundizar el tema gastron<\/i><\/span><i><span lang=\"X-NONE\">\u00f3mico en la cuenca del lago.\u00a0\u00a0Por lo menos en Puerto Guadal<\/span><\/i><span lang=\"ES\">\u00bb se\u00f1al<\/span><span lang=\"X-NONE\">\u00f3 al respecto Miriam Chible Contreras, una de las dirigentas de la AG de Turismo de Puerto Guadal que organiza la actividad, con apoyo del Programa Estrat\u00e9gico Regional de Turismo (PER) de CORFO, el Gobierno Regional de Ays\u00e9n, INFOR y la Municipalidad de Chile Chico. Adem\u00e1s, como ente articulador ha actuado la Corporaci\u00f3n Chelenko.<\/span><\/p>\n<p class=\"v1MsoNormal\" style=\"text-align: justify;\"><span lang=\"X-NONE\">\u00ab<i>Notamos que en las cartas de los restoranes, las residenciales y todos quienes ofrecen comida no hay tanta presencia de materia prima local. Entonces creemos que es importante ir aprendiendo a reconocer lo que est\u00e1 alrededor nuestro, lo que es de temporada, de estaci\u00f3n, rescatando las recetas tradicionales de la cuenca<\/i>\u00bb puntualiz\u00f3.<\/span><\/p>\n<p class=\"v1MsoNormal\" style=\"text-align: justify;\"><span lang=\"ES\">El objetivo es relevar el turismo sustentable a trav\u00e9s de su v\u00ednculo con la producci\u00f3n local como valor agregado y como aporte a la disminuci\u00f3n de la generaci\u00f3n de residuos, es decir, \u00abcocina huella cero\u00bb.\u00a0<\/span><\/p>\n<p class=\"v1MsoNormal\" style=\"text-align: justify;\"><span lang=\"ES\">Los talleres ser<\/span><span lang=\"X-NONE\">\u00e1n impartidos por\u00a0<\/span><span lang=\"ES\">el investigador culinario Cristian Balboa de Coyhaique (chocolater<\/span><span lang=\"X-NONE\">\u00eda dulce y salada),\u00a0<\/span><span lang=\"ES\">Natalia Julio de Huerto 4 Estaciones (fermentados) y Emerson Y\u00e1\u00f1ez (charcuter<\/span><span lang=\"X-NONE\">\u00eda).<\/span><\/p>\n<p class=\"v1MsoNormal\" style=\"text-align: justify;\"><span lang=\"ES\">El programa contempla partir el jueves 13 de abril en la tarde con una charla te<\/span><span lang=\"X-NONE\">\u00f3rica sobre\u00a0<\/span><span lang=\"ES\">la historia del chocolate, la charcuter\u00eda y los fermentos. El viernes ser<\/span><span lang=\"X-NONE\">\u00e1n durante todo el d\u00eda los\u00a0<\/span><span lang=\"ES\">talleres de chocolate en cocina y de charcuter\u00eda, en paralelo, en tanto que el s<\/span><span lang=\"X-NONE\">\u00e1bado ser\u00e1 el taller de fermentados.<\/span><\/p>\n<p class=\"v1MsoNormal\" style=\"text-align: justify;\"><span lang=\"ES\">Las jornadas contemplar\u00e1n una feria de artesanos y productores locales, y presentaciones art\u00edsticas culturales de la Compa\u00f1\u00eda de Teatro \u00abVuelo\u00bb y el D\u00fao Trapananda. Adem<\/span><span lang=\"X-NONE\">\u00e1s, por esos\u00a0<\/span><span lang=\"ES\">mismos d\u00edas, y como parte de una alianza estrat\u00e9gica, se realizar\u00e1 en Puerto Guadal el Encuentro de Recolectoras\/es de la Zona Sur de Ays\u00e9n del Programa FNDR \u00abTransferencia para el desarrollo productivo a base de Productos Forestales no Madereros\u00bb, impulsado por el Instituto Forestal (INFOR) sede Patagonia.\u00a0\u00a0<\/span><\/p>\n<p class=\"v1MsoNormal\" style=\"text-align: justify;\"><span lang=\"ES\">Mayores informaciones (e inscripciones) se pueden solicitar al correo\u00a0<a href=\"mailto:turismoguadal@gmail.com\" rel=\"noreferrer\">turismoguadal@gmail.com<\/a><\/span><\/p>\n<\/div><\/section><\/div><div  style='height:50px' class='hr hr-invisible   avia-builder-el-6  el_after_av_one_full  el_before_av_social_share '><span class='hr-inner ' ><span class='hr-inner-style'><\/span><\/span><\/div><\/p>\n<div  class='av-social-sharing-box  avia-builder-el-7  el_after_av_hr  el_before_av_hr  '><div class='av-share-box'><h5 class='av-share-link-description av-no-toc '>Compartir esta noticia<\/h5><ul class='av-share-box-list noLightbox'><li class='av-share-link av-social-link-facebook' ><a target=\"_blank\" aria-label=\"Compartir en Facebook\" href='https:\/\/www.facebook.com\/sharer.php?u=https:\/\/radiorevelacionfm.cl\/?p=29870&#038;t=Siguen%20abiertas%20inscripciones%20a%20talleres%20de%20charcuter%C3%ADa%2C%20chocolater%C3%ADa%20y%20fermentados%20en%20Puerto%20Guadal' aria-hidden='false' data-av_icon='\ue8f3' data-av_iconfont='entypo-fontello' title='' data-avia-related-tooltip='Compartir en Facebook' rel=\"noopener\"><span class='avia_hidden_link_text'>Compartir en Facebook<\/span><\/a><\/li><li class='av-share-link av-social-link-twitter' ><a target=\"_blank\" aria-label=\"Compartir en Twitter\" href='https:\/\/twitter.com\/share?text=Siguen%20abiertas%20inscripciones%20a%20talleres%20de%20charcuter%C3%ADa%2C%20chocolater%C3%ADa%20y%20fermentados%20en%20Puerto%20Guadal&#038;url=https:\/\/radiorevelacionfm.cl\/?p=29870' aria-hidden='false' data-av_icon='\ue8f1' data-av_iconfont='entypo-fontello' title='' data-avia-related-tooltip='Compartir en Twitter' rel=\"noopener\"><span class='avia_hidden_link_text'>Compartir en Twitter<\/span><\/a><\/li><li class='av-share-link av-social-link-whatsapp' ><a target=\"_blank\" aria-label=\"Compartir en Whatsapp\" href='https:\/\/api.whatsapp.com\/send?text=https:\/\/radiorevelacionfm.cl\/?p=29870' aria-hidden='false' data-av_icon='\uf232' data-av_iconfont='entypo-fontello' title='' data-avia-related-tooltip='Compartir en Whatsapp' rel=\"noopener\"><span class='avia_hidden_link_text'>Compartir en Whatsapp<\/span><\/a><\/li><li class='av-share-link av-social-link-linkedin' ><a target=\"_blank\" aria-label=\"Compartir en LinkedIn\" href='https:\/\/linkedin.com\/shareArticle?mini=true&#038;title=Siguen%20abiertas%20inscripciones%20a%20talleres%20de%20charcuter%C3%ADa%2C%20chocolater%C3%ADa%20y%20fermentados%20en%20Puerto%20Guadal&#038;url=https:\/\/radiorevelacionfm.cl\/?p=29870' aria-hidden='false' data-av_icon='\ue8fc' data-av_iconfont='entypo-fontello' title='' data-avia-related-tooltip='Compartir en LinkedIn' rel=\"noopener\"><span class='avia_hidden_link_text'>Compartir en LinkedIn<\/span><\/a><\/li><li class='av-share-link av-social-link-mail' ><a  aria-label=\"Compartir por correo\" href='mailto:?subject=Siguen%20abiertas%20inscripciones%20a%20talleres%20de%20charcuter%C3%ADa%2C%20chocolater%C3%ADa%20y%20fermentados%20en%20Puerto%20Guadal&#038;body=https:\/\/radiorevelacionfm.cl\/?p=29870' aria-hidden='false' data-av_icon='\ue805' data-av_iconfont='entypo-fontello' title='' data-avia-related-tooltip='Compartir por correo'><span class='avia_hidden_link_text'>Compartir por correo<\/span><\/a><\/li><\/ul><\/div><\/div>\n<div  style='height:50px' class='hr hr-invisible   avia-builder-el-8  el_after_av_social_share  el_before_av_comments_list '><span class='hr-inner ' ><span class='hr-inner-style'><\/span><\/span><\/div>\n<div  class='av-buildercomment  av-blog-meta-html-info-disabled av-blog-meta-tag-disabled  '><\/div>\n","protected":false},"excerpt":{"rendered":"","protected":false},"author":1,"featured_media":29871,"comment_status":"open","ping_status":"open","sticky":false,"template":"","format":"standard","meta":{"footnotes":""},"categories":[38],"tags":[],"class_list":["post-29870","post","type-post","status-publish","format-standard","has-post-thumbnail","hentry","category-regional"],"jetpack_featured_media_url":"https:\/\/radiorevelacionfm.cl\/wp-content\/uploads\/2023\/04\/sabores-5-2_optimized.jpg","_links":{"self":[{"href":"https:\/\/radiorevelacionfm.cl\/index.php?rest_route=\/wp\/v2\/posts\/29870","targetHints":{"allow":["GET"]}}],"collection":[{"href":"https:\/\/radiorevelacionfm.cl\/index.php?rest_route=\/wp\/v2\/posts"}],"about":[{"href":"https:\/\/radiorevelacionfm.cl\/index.php?rest_route=\/wp\/v2\/types\/post"}],"author":[{"embeddable":true,"href":"https:\/\/radiorevelacionfm.cl\/index.php?rest_route=\/wp\/v2\/users\/1"}],"replies":[{"embeddable":true,"href":"https:\/\/radiorevelacionfm.cl\/index.php?rest_route=%2Fwp%2Fv2%2Fcomments&post=29870"}],"version-history":[{"count":1,"href":"https:\/\/radiorevelacionfm.cl\/index.php?rest_route=\/wp\/v2\/posts\/29870\/revisions"}],"predecessor-version":[{"id":29872,"href":"https:\/\/radiorevelacionfm.cl\/index.php?rest_route=\/wp\/v2\/posts\/29870\/revisions\/29872"}],"wp:featuredmedia":[{"embeddable":true,"href":"https:\/\/radiorevelacionfm.cl\/index.php?rest_route=\/wp\/v2\/media\/29871"}],"wp:attachment":[{"href":"https:\/\/radiorevelacionfm.cl\/index.php?rest_route=%2Fwp%2Fv2%2Fmedia&parent=29870"}],"wp:term":[{"taxonomy":"category","embeddable":true,"href":"https:\/\/radiorevelacionfm.cl\/index.php?rest_route=%2Fwp%2Fv2%2Fcategories&post=29870"},{"taxonomy":"post_tag","embeddable":true,"href":"https:\/\/radiorevelacionfm.cl\/index.php?rest_route=%2Fwp%2Fv2%2Ftags&post=29870"}],"curies":[{"name":"wp","href":"https:\/\/api.w.org\/{rel}","templated":true}]}}