{"id":29867,"date":"2023-04-10T10:24:48","date_gmt":"2023-04-10T13:24:48","guid":{"rendered":"https:\/\/radiorevelacionfm.cl\/?p=29867"},"modified":"2023-04-10T10:24:48","modified_gmt":"2023-04-10T13:24:48","slug":"vecinos-de-ribera-sur-en-puerto-aysen-recuperan-atencion-dental-en-cecosf","status":"publish","type":"post","link":"https:\/\/radiorevelacionfm.cl\/?p=29867","title":{"rendered":"Vecinos de Ribera Sur en Puerto Ays\u00e9n recuperan atenci\u00f3n dental en CECOSF"},"content":{"rendered":"<div class=\"flex_column av_one_full  flex_column_div av-zero-column-padding first  avia-builder-el-0  el_before_av_one_full  avia-builder-el-first  \" style='border-radius:0px; '><div  class='avia-image-container  av-styling-    avia-builder-el-1  avia-builder-el-no-sibling  avia-align-center '  itemprop=\"image\" itemscope=\"itemscope\" itemtype=\"https:\/\/schema.org\/ImageObject\"  ><div class='avia-image-container-inner'><div class='avia-image-overlay-wrap'><img decoding=\"async\" class='wp-image-29868 avia-img-lazy-loading-not-29868 avia_image' src=\"https:\/\/radiorevelacionfm.cl\/wp-content\/uploads\/2023\/04\/img-sillondental1-1_optimized-1.jpeg\" alt='' title='img-sillondental1-(1)_optimized (1)' height=\"600\" width=\"800\"  itemprop=\"thumbnailUrl\" srcset=\"https:\/\/radiorevelacionfm.cl\/wp-content\/uploads\/2023\/04\/img-sillondental1-1_optimized-1.jpeg 800w, https:\/\/radiorevelacionfm.cl\/wp-content\/uploads\/2023\/04\/img-sillondental1-1_optimized-1-300x225.jpeg 300w, https:\/\/radiorevelacionfm.cl\/wp-content\/uploads\/2023\/04\/img-sillondental1-1_optimized-1-768x576.jpeg 768w, https:\/\/radiorevelacionfm.cl\/wp-content\/uploads\/2023\/04\/img-sillondental1-1_optimized-1-705x529.jpeg 705w, https:\/\/radiorevelacionfm.cl\/wp-content\/uploads\/2023\/04\/img-sillondental1-1_optimized-1-450x338.jpeg 450w, https:\/\/radiorevelacionfm.cl\/wp-content\/uploads\/2023\/04\/img-sillondental1-1_optimized-1-600x450.jpeg 600w\" sizes=\"(max-width: 800px) 100vw, 800px\" \/><\/div><\/div><\/div><\/div><div class=\"flex_column av_one_full  flex_column_div av-zero-column-padding first  avia-builder-el-2  el_after_av_one_full  el_before_av_one_full  column-top-margin\" style='border-radius:0px; '><section class=\"av_textblock_section \"  itemscope=\"itemscope\" itemtype=\"https:\/\/schema.org\/BlogPosting\" itemprop=\"blogPost\" ><div class='avia_textblock  '   itemprop=\"text\" ><p style=\"text-align: center;\"><strong><span style=\"font-size: 18pt;\">Vecinos de Ribera Sur en Puerto Ays\u00e9n recuperan atenci\u00f3n dental en CECOSF<\/span><\/strong><\/p>\n<div id=\"gtx-trans\" style=\"position: absolute; left: -50px; top: 4.31534px;\">\n<div class=\"gtx-trans-icon\"><\/div>\n<\/div>\n<\/div><\/section><\/div><div class=\"flex_column av_one_full  flex_column_div av-zero-column-padding first  avia-builder-el-4  el_after_av_one_full  el_before_av_hr  column-top-margin\" style='border-radius:0px; '><section class=\"av_textblock_section \"  itemscope=\"itemscope\" itemtype=\"https:\/\/schema.org\/BlogPosting\" itemprop=\"blogPost\" ><div class='avia_textblock  '   itemprop=\"text\" ><p style=\"text-align: justify;\">M\u00e1s de un a\u00f1o esperaron los vecinos y vecinas del sector de Ribera Sur en Puerto Ays\u00e9n para recuperar las atenciones dentales en el Centro Comunitario de Salud Familiar, CECOSF, dependiente del Centro de Salud Familiar de Puerto Ays\u00e9n. Tras la asunci\u00f3n de la nueva administraci\u00f3n en el establecimiento comenzaron una serie de tratativas para escuchar las demandas m\u00e1s urgentes de la comunidad y efectuar as\u00ed un Plan de Gesti\u00f3n con niveles escalonados, de esta manera luego de un mes y medio de gesti\u00f3n se resolvi\u00f3 la restauraci\u00f3n del Sill\u00f3n Dental con el respaldo del Servicio de Salud de Ays\u00e9n.<\/p>\n<p style=\"text-align: justify;\">Al respecto, la directora del CESFAM de Puerto Ays\u00e9n, Dra. Milenka Adofacci Zamora destac\u00f3 este hito relevante para la comunidad explicando que \u201ces el segundo hito en esta semana que va en aumento a las atenciones dentales de la poblaci\u00f3n que ha sido altamente postergada en cuanto al acceso a la salud dental en Puerto Ays\u00e9n\u201d. Junto a ello, la representante del establecimiento abord\u00f3 c\u00f3mo esta acci\u00f3n permitir\u00e1 dejar atr\u00e1s las \u201cfrustraciones\u201d de los usuarios al intentar acceder a estos servicios y la contribuci\u00f3n que generar\u00e1 en los equipos de trabajo.<\/p>\n<p style=\"text-align: justify;\">En tanto, Lorena Guerrero Avenda\u00f1o, directora de Atenci\u00f3n Primaria y Salud Rural del Servicio de Salud de Ays\u00e9n se declar\u00f3 contenta al estar desde el recinto acompa\u00f1ando a la Dra. Adofacci en lo que es la restauraci\u00f3n del Sill\u00f3n Dental. \u201cEstaba pendiente esto en el sector de la Ribera Sur y tambi\u00e9n anduvimos visitando durante la tarde el Carro m\u00f3vil que est\u00e1 instalado cerca del Colegio Sina\u00ed.\u00a0 Con esto, el CECOF y el CESFAM en general van avanzando hacia otorgar mejor atenci\u00f3n odontol\u00f3gica a la comunidad y acercar estas prestaciones a la gente\u201d.<\/p>\n<p style=\"text-align: justify;\">Finalmente, el Jefe (s) del CECOSF de Ribera Sur, Dr. Mauricio Gil Huertas, relat\u00f3 el trabajo desarrollado para la operatividad del dispositivo de salud oral en el recinto. As\u00ed tambi\u00e9n, el profesional mencion\u00f3 que las prestaciones a recuperar a la brevedad tienen relaci\u00f3n con personas embarazadas, ni\u00f1os de seis a\u00f1os, control de ni\u00f1o sano y otros grupos priorizados. La asignaci\u00f3n de horas para la atenci\u00f3n dental se realizar\u00e1 directamente desde el Some del CECOSF.<\/p>\n<\/div><\/section><\/div><div  style='height:50px' class='hr hr-invisible   avia-builder-el-6  el_after_av_one_full  el_before_av_social_share '><span class='hr-inner ' ><span class='hr-inner-style'><\/span><\/span><\/div><\/p>\n<div  class='av-social-sharing-box  avia-builder-el-7  el_after_av_hr  el_before_av_hr  '><div class='av-share-box'><h5 class='av-share-link-description av-no-toc '>Compartir esta noticia<\/h5><ul class='av-share-box-list noLightbox'><li class='av-share-link av-social-link-facebook' ><a target=\"_blank\" aria-label=\"Compartir en Facebook\" href='https:\/\/www.facebook.com\/sharer.php?u=https:\/\/radiorevelacionfm.cl\/?p=29867&#038;t=Vecinos%20de%20Ribera%20Sur%20en%20Puerto%20Ays%C3%A9n%20recuperan%20atenci%C3%B3n%20dental%20en%20CECOSF' aria-hidden='false' data-av_icon='\ue8f3' data-av_iconfont='entypo-fontello' title='' data-avia-related-tooltip='Compartir en Facebook' rel=\"noopener\"><span class='avia_hidden_link_text'>Compartir en Facebook<\/span><\/a><\/li><li class='av-share-link av-social-link-twitter' ><a target=\"_blank\" aria-label=\"Compartir en Twitter\" href='https:\/\/twitter.com\/share?text=Vecinos%20de%20Ribera%20Sur%20en%20Puerto%20Ays%C3%A9n%20recuperan%20atenci%C3%B3n%20dental%20en%20CECOSF&#038;url=https:\/\/radiorevelacionfm.cl\/?p=29867' aria-hidden='false' data-av_icon='\ue8f1' data-av_iconfont='entypo-fontello' title='' data-avia-related-tooltip='Compartir en Twitter' rel=\"noopener\"><span class='avia_hidden_link_text'>Compartir en Twitter<\/span><\/a><\/li><li class='av-share-link av-social-link-whatsapp' ><a target=\"_blank\" aria-label=\"Compartir en Whatsapp\" href='https:\/\/api.whatsapp.com\/send?text=https:\/\/radiorevelacionfm.cl\/?p=29867' aria-hidden='false' data-av_icon='\uf232' data-av_iconfont='entypo-fontello' title='' data-avia-related-tooltip='Compartir en Whatsapp' rel=\"noopener\"><span class='avia_hidden_link_text'>Compartir en Whatsapp<\/span><\/a><\/li><li class='av-share-link av-social-link-linkedin' ><a target=\"_blank\" aria-label=\"Compartir en LinkedIn\" href='https:\/\/linkedin.com\/shareArticle?mini=true&#038;title=Vecinos%20de%20Ribera%20Sur%20en%20Puerto%20Ays%C3%A9n%20recuperan%20atenci%C3%B3n%20dental%20en%20CECOSF&#038;url=https:\/\/radiorevelacionfm.cl\/?p=29867' aria-hidden='false' data-av_icon='\ue8fc' data-av_iconfont='entypo-fontello' title='' data-avia-related-tooltip='Compartir en LinkedIn' rel=\"noopener\"><span class='avia_hidden_link_text'>Compartir en LinkedIn<\/span><\/a><\/li><li class='av-share-link av-social-link-mail' ><a  aria-label=\"Compartir por correo\" href='mailto:?subject=Vecinos%20de%20Ribera%20Sur%20en%20Puerto%20Ays%C3%A9n%20recuperan%20atenci%C3%B3n%20dental%20en%20CECOSF&#038;body=https:\/\/radiorevelacionfm.cl\/?p=29867' aria-hidden='false' data-av_icon='\ue805' data-av_iconfont='entypo-fontello' title='' data-avia-related-tooltip='Compartir por correo'><span class='avia_hidden_link_text'>Compartir por correo<\/span><\/a><\/li><\/ul><\/div><\/div>\n<div  style='height:50px' class='hr hr-invisible   avia-builder-el-8  el_after_av_social_share  el_before_av_comments_list '><span class='hr-inner ' ><span class='hr-inner-style'><\/span><\/span><\/div>\n<div  class='av-buildercomment  av-blog-meta-html-info-disabled av-blog-meta-tag-disabled  '><\/div>\n","protected":false},"excerpt":{"rendered":"","protected":false},"author":1,"featured_media":29868,"comment_status":"open","ping_status":"open","sticky":false,"template":"","format":"standard","meta":{"footnotes":""},"categories":[38],"tags":[],"class_list":["post-29867","post","type-post","status-publish","format-standard","has-post-thumbnail","hentry","category-regional"],"jetpack_featured_media_url":"https:\/\/radiorevelacionfm.cl\/wp-content\/uploads\/2023\/04\/img-sillondental1-1_optimized-1.jpeg","_links":{"self":[{"href":"https:\/\/radiorevelacionfm.cl\/index.php?rest_route=\/wp\/v2\/posts\/29867","targetHints":{"allow":["GET"]}}],"collection":[{"href":"https:\/\/radiorevelacionfm.cl\/index.php?rest_route=\/wp\/v2\/posts"}],"about":[{"href":"https:\/\/radiorevelacionfm.cl\/index.php?rest_route=\/wp\/v2\/types\/post"}],"author":[{"embeddable":true,"href":"https:\/\/radiorevelacionfm.cl\/index.php?rest_route=\/wp\/v2\/users\/1"}],"replies":[{"embeddable":true,"href":"https:\/\/radiorevelacionfm.cl\/index.php?rest_route=%2Fwp%2Fv2%2Fcomments&post=29867"}],"version-history":[{"count":1,"href":"https:\/\/radiorevelacionfm.cl\/index.php?rest_route=\/wp\/v2\/posts\/29867\/revisions"}],"predecessor-version":[{"id":29869,"href":"https:\/\/radiorevelacionfm.cl\/index.php?rest_route=\/wp\/v2\/posts\/29867\/revisions\/29869"}],"wp:featuredmedia":[{"embeddable":true,"href":"https:\/\/radiorevelacionfm.cl\/index.php?rest_route=\/wp\/v2\/media\/29868"}],"wp:attachment":[{"href":"https:\/\/radiorevelacionfm.cl\/index.php?rest_route=%2Fwp%2Fv2%2Fmedia&parent=29867"}],"wp:term":[{"taxonomy":"category","embeddable":true,"href":"https:\/\/radiorevelacionfm.cl\/index.php?rest_route=%2Fwp%2Fv2%2Fcategories&post=29867"},{"taxonomy":"post_tag","embeddable":true,"href":"https:\/\/radiorevelacionfm.cl\/index.php?rest_route=%2Fwp%2Fv2%2Ftags&post=29867"}],"curies":[{"name":"wp","href":"https:\/\/api.w.org\/{rel}","templated":true}]}}