{"id":29864,"date":"2023-04-10T10:40:08","date_gmt":"2023-04-10T13:40:08","guid":{"rendered":"https:\/\/radiorevelacionfm.cl\/?p=29864"},"modified":"2023-04-10T10:40:08","modified_gmt":"2023-04-10T13:40:08","slug":"seremi-de-gobierno-sobre-distribucion-de-fondos-del-proyecto-royalty-minero-esta-es-una-muestra-contundente-de-que-nuestro-gobierno-va-con-paso-firme-hacia-la-descentralizacion","status":"publish","type":"post","link":"https:\/\/radiorevelacionfm.cl\/?p=29864","title":{"rendered":"Seremi de Gobierno sobre distribuci\u00f3n de fondos del proyecto Royalty Minero: \u201cEsta es una muestra contundente de que nuestro Gobierno va con paso firme hacia la Descentralizaci\u00f3n\u201d"},"content":{"rendered":"<div class=\"flex_column av_one_full  flex_column_div av-zero-column-padding first  avia-builder-el-0  el_before_av_one_full  avia-builder-el-first  \" style='border-radius:0px; '><div  class='avia-image-container  av-styling-    avia-builder-el-1  avia-builder-el-no-sibling  avia-align-center '  itemprop=\"image\" itemscope=\"itemscope\" itemtype=\"https:\/\/schema.org\/ImageObject\"  ><div class='avia-image-container-inner'><div class='avia-image-overlay-wrap'><img decoding=\"async\" class='wp-image-29865 avia-img-lazy-loading-not-29865 avia_image' src=\"https:\/\/radiorevelacionfm.cl\/wp-content\/uploads\/2023\/04\/Tatiana-Pla1.jpg\" alt='' title='Tatiana Pla1' height=\"600\" width=\"836\"  itemprop=\"thumbnailUrl\" srcset=\"https:\/\/radiorevelacionfm.cl\/wp-content\/uploads\/2023\/04\/Tatiana-Pla1.jpg 836w, https:\/\/radiorevelacionfm.cl\/wp-content\/uploads\/2023\/04\/Tatiana-Pla1-300x215.jpg 300w, https:\/\/radiorevelacionfm.cl\/wp-content\/uploads\/2023\/04\/Tatiana-Pla1-768x551.jpg 768w, https:\/\/radiorevelacionfm.cl\/wp-content\/uploads\/2023\/04\/Tatiana-Pla1-705x506.jpg 705w, https:\/\/radiorevelacionfm.cl\/wp-content\/uploads\/2023\/04\/Tatiana-Pla1-450x323.jpg 450w, https:\/\/radiorevelacionfm.cl\/wp-content\/uploads\/2023\/04\/Tatiana-Pla1-600x431.jpg 600w\" sizes=\"(max-width: 836px) 100vw, 836px\" \/><\/div><\/div><\/div><\/div><div class=\"flex_column av_one_full  flex_column_div av-zero-column-padding first  avia-builder-el-2  el_after_av_one_full  el_before_av_one_full  column-top-margin\" style='border-radius:0px; '><section class=\"av_textblock_section \"  itemscope=\"itemscope\" itemtype=\"https:\/\/schema.org\/BlogPosting\" itemprop=\"blogPost\" ><div class='avia_textblock  '   itemprop=\"text\" ><p style=\"text-align: center;\"><strong><span style=\"font-size: 18pt;\">Seremi de Gobierno sobre distribuci\u00f3n de fondos del proyecto Royalty Minero: \u201cEsta es una muestra contundente de que nuestro Gobierno va con paso firme hacia la Descentralizaci\u00f3n\u201d<\/span><\/strong><\/p>\n<div id=\"gtx-trans\" style=\"position: absolute; left: -50px; top: 4.31534px;\">\n<div class=\"gtx-trans-icon\"><\/div>\n<\/div>\n<\/div><\/section><\/div><div class=\"flex_column av_one_full  flex_column_div av-zero-column-padding first  avia-builder-el-4  el_after_av_one_full  el_before_av_hr  column-top-margin\" style='border-radius:0px; '><section class=\"av_textblock_section \"  itemscope=\"itemscope\" itemtype=\"https:\/\/schema.org\/BlogPosting\" itemprop=\"blogPost\" ><div class='avia_textblock  '   itemprop=\"text\" ><p style=\"text-align: justify;\">La iniciativa, actualmente en discusi\u00f3n en la Comisi\u00f3n de Hacienda del Senado, establece que el 35% de la recaudaci\u00f3n esperada (unos US$ 450 millones) ser\u00e1n distribuidos en municipios y gobiernos regionales, a trav\u00e9s de tres fondos.<\/p>\n<p style=\"text-align: justify;\">Entre martes y mi\u00e9rcoles las m\u00e1ximas autoridades del Ministerio de Hacienda convocaron a los Gobernadores y Alcaldes del pa\u00eds para informarles de la distribuci\u00f3n de los fondos de beneficio comunal y regional incluidos en el proyecto de Royalty Minero, que actualmente se discute en la Comisi\u00f3n de Hacienda del Senado.<\/p>\n<p style=\"text-align: justify;\">La iniciativa, que cambia la tributaci\u00f3n de la gran miner\u00eda del cobre, establece que un 35% de la recaudaci\u00f3n esperada (equivalente a US$ 450 millones) se invertir\u00e1n en aumentar las capacidades financieras y de gesti\u00f3n de los gobiernos regionales y municipios de todo Chile, a trav\u00e9s de tres mecanismos:<\/p>\n<ul style=\"text-align: justify;\">\n<li>Fondo Regional para la Productividad y el Desarrollo, por US$ 225 millones a beneficio de los Gobiernos Regionales y que ser\u00e1n distribuidos seg\u00fan los criterios del Fondo Nacional de Desarrollo Regional (FNDR).<\/li>\n<li>Fondo de Apoyo para la Equidad Territorial, por US$ 170 millones a favor de las comunas m\u00e1s vulnerables que presentan una mayor dependencia al Fondo Com\u00fan Municipal (FCM). En total, m\u00e1s de 302 municipios recibir\u00e1n recursos por esta v\u00eda.<\/li>\n<li>Fondo Comunas Mineras, por US$ 55 millones para aquellos municipios que mantengan dentro de sus territorios faenas relacionadas directamente con la actividad minera, como yacimientos, fundiciones y refiner\u00edas, relaves, puertos, entre otros. En total son 31 comunas beneficiadas de las regiones de Tarapac\u00e1, Antofagasta, Atacama, Coquimbo, Valpara\u00edso y O\u2019Higgins.<\/li>\n<\/ul>\n<p style=\"text-align: justify;\">\u00abCon esto, nuestro Gobierno, est\u00e1 dando un paso muy importante en t\u00e9rminos de generar mayores fuentes de ingresos propios para los gobiernos regionales y municipios del pa\u00eds, y es un avance relevante en materia de descentralizaci\u00f3n\u00bb, se\u00f1al\u00f3 Tatiana Pl\u00e1, Seremi de Gobierno regi\u00f3n de Ays\u00e9n.<\/p>\n<p style=\"text-align: justify;\">Mientras que, en Santiago, el Gobernador de Antofagasta, Ricardo D\u00edaz, quien estuvo acompa\u00f1ado de los gobernadores de Arica y Parinacota, Jorge D\u00edaz; de Tarapac\u00e1, Jose Miguel Carvajal; de Coquimbo, Krist Naranjo; de Valpara\u00edso, Rodrigo Mundaca; de O\u00b4Higgins, Pablo Silva; de Maule, Cristina Bravo; de \u00d1uble, Oscar Cris\u00f3stomo; de Biob\u00edo, Rodrigo D\u00edaz; de La Araucan\u00eda, Luciano Rivas; de Los R\u00edos, Luis Cuvertino; de Los Lagos, Patricio Vallesp\u00edn; de Ays\u00e9n, Andrea Mac\u00edas; y de Magallanes, Jorge Flies, indic\u00f3: \u00abSe hace relevante que las regiones puedan acceder a nuevos recursos. Los desaf\u00edos que tenemos en los distintos territorios son demasiado grandes y la distribuci\u00f3n que hemos tenido hasta ahora no ha sido la mejor. Hay comunas y regiones que reciben muchos menos recursos, dada su lejan\u00eda o su baja poblaci\u00f3n y eso se tiene que equilibrar. Me parece muy relevante que en la discusi\u00f3n del Royalty se piense en todas las regiones y hemos encontrado en el Ministerio de Hacienda una buena disposici\u00f3n hacia la descentralizaci\u00f3n\u00bb.<\/p>\n<p style=\"text-align: justify;\">En tanto, el pasado mi\u00e9rcoles 05 de abril, el ministro Marcel, acompa\u00f1ado por la subsecretaria Berner y el subsecretario de Desarrollo Regional y Administrativo, Nicol\u00e1s Cataldo, se reunieron con la Asociaci\u00f3n Chilena de Municipalidades (AChM), representados por su presidenta, la alcaldesa de Pe\u00f1alol\u00e9n, Carolina Leitao, y los ediles de Huechuraba, Carlos Cuadrado; de Quinta Normal, Karina Delfino; de San Miguel, Erika\u00a0 Mart\u00ednez;\u00a0 de Puente\u00a0 Alto,\u00a0 Germ\u00e1n\u00a0 Codina;\u00a0 de\u00a0 Pe\u00f1aflor,\u00a0 Nibaldo\u00a0 Meza;\u00a0 y\u00a0 de\u00a0 Mar\u00eda\u00a0 Pinto,\u00a0 Jessica Mualim.<\/p>\n<p style=\"text-align: justify;\">\u00abEstos nuevos ingresos lo que hacen es ir corrigiendo, de alguna manera, la inequidad territorial que hoy existe. No va a resolver el problema en su totalidad, pero s\u00ed va a ser una inyecci\u00f3n importante de recursos frescos.\u00a0 Esa\u00a0 es\u00a0 la\u00a0 otra\u00a0 buena\u00a0 noticia,\u00a0 que\u00a0 no\u00a0 es\u00a0 una\u00a0 redistribuci\u00f3n\u00a0 de\u00a0 recursos\u00a0 entre\u00a0 los\u00a0 propios municipios, sino que el Estado se pone con nuevos recursos para el Fondo Com\u00fan\u00a0 Municipal. Y lo otro que\u00a0 son\u00a0 de\u00a0 libre\u00a0 disposici\u00f3n\u00a0 y,\u00a0 por\u00a0 lo\u00a0 tanto,\u00a0 cada\u00a0 municipio\u00a0 podr\u00e1 definir en qu\u00e9 lo gasta, en\u00a0 las necesidades que tiene\u00bb, se\u00f1al\u00f3\u00a0 Leitao.<\/p>\n<p style=\"text-align: justify;\">Finalmente, Hans Zimmermann, Seremi de Miner\u00eda regi\u00f3n de Ays\u00e9n, valor\u00f3 esta iniciativa: \u201cSi bien lo que se busca con el proyecto de Royalty es aumentar la carga tributaria, de aquellas compa\u00f1\u00edas mineras que se dedican a la explotaci\u00f3n de cobre, desde la SEREMI de Miner\u00eda de Ays\u00e9n, nosotros valoramos el esfuerzo que ha hecho nuestro Gobierno por avanzar y destrabar este proyecto de ley que, indudablemente beneficiar\u00e1 no tan solo a las comunas y regiones mineras sino tambi\u00e9n a todo nuestro pa\u00eds\u00bb.<\/p>\n<\/div><\/section><\/div><div  style='height:50px' class='hr hr-invisible   avia-builder-el-6  el_after_av_one_full  el_before_av_social_share '><span class='hr-inner ' ><span class='hr-inner-style'><\/span><\/span><\/div><\/p>\n<div  class='av-social-sharing-box  avia-builder-el-7  el_after_av_hr  el_before_av_hr  '><div class='av-share-box'><h5 class='av-share-link-description av-no-toc '>Compartir esta noticia<\/h5><ul class='av-share-box-list noLightbox'><li class='av-share-link av-social-link-facebook' ><a target=\"_blank\" aria-label=\"Compartir en Facebook\" href='https:\/\/www.facebook.com\/sharer.php?u=https:\/\/radiorevelacionfm.cl\/?p=29864&#038;t=Seremi%20de%20Gobierno%20sobre%20distribuci%C3%B3n%20de%20fondos%20del%20proyecto%20Royalty%20Minero%3A%20%E2%80%9CEsta%20es%20una%20muestra%20contundente%20de%20que%20nuestro%20Gobierno%20va%20con%20paso%20firme%20hacia%20la%20Descentralizaci%C3%B3n%E2%80%9D' aria-hidden='false' data-av_icon='\ue8f3' data-av_iconfont='entypo-fontello' title='' data-avia-related-tooltip='Compartir en Facebook' rel=\"noopener\"><span class='avia_hidden_link_text'>Compartir en Facebook<\/span><\/a><\/li><li class='av-share-link av-social-link-twitter' ><a target=\"_blank\" aria-label=\"Compartir en Twitter\" href='https:\/\/twitter.com\/share?text=Seremi%20de%20Gobierno%20sobre%20distribuci%C3%B3n%20de%20fondos%20del%20proyecto%20Royalty%20Minero%3A%20%E2%80%9CEsta%20es%20una%20muestra%20contundente%20de%20que%20nuestro%20Gobierno%20va%20con%20paso%20firme%20hacia%20la%20Descentralizaci%C3%B3n%E2%80%9D&#038;url=https:\/\/radiorevelacionfm.cl\/?p=29864' aria-hidden='false' data-av_icon='\ue8f1' data-av_iconfont='entypo-fontello' title='' data-avia-related-tooltip='Compartir en Twitter' rel=\"noopener\"><span class='avia_hidden_link_text'>Compartir en Twitter<\/span><\/a><\/li><li class='av-share-link av-social-link-whatsapp' ><a target=\"_blank\" aria-label=\"Compartir en Whatsapp\" href='https:\/\/api.whatsapp.com\/send?text=https:\/\/radiorevelacionfm.cl\/?p=29864' aria-hidden='false' data-av_icon='\uf232' data-av_iconfont='entypo-fontello' title='' data-avia-related-tooltip='Compartir en Whatsapp' rel=\"noopener\"><span class='avia_hidden_link_text'>Compartir en Whatsapp<\/span><\/a><\/li><li class='av-share-link av-social-link-linkedin' ><a target=\"_blank\" aria-label=\"Compartir en LinkedIn\" href='https:\/\/linkedin.com\/shareArticle?mini=true&#038;title=Seremi%20de%20Gobierno%20sobre%20distribuci%C3%B3n%20de%20fondos%20del%20proyecto%20Royalty%20Minero%3A%20%E2%80%9CEsta%20es%20una%20muestra%20contundente%20de%20que%20nuestro%20Gobierno%20va%20con%20paso%20firme%20hacia%20la%20Descentralizaci%C3%B3n%E2%80%9D&#038;url=https:\/\/radiorevelacionfm.cl\/?p=29864' aria-hidden='false' data-av_icon='\ue8fc' data-av_iconfont='entypo-fontello' title='' data-avia-related-tooltip='Compartir en LinkedIn' rel=\"noopener\"><span class='avia_hidden_link_text'>Compartir en LinkedIn<\/span><\/a><\/li><li class='av-share-link av-social-link-mail' ><a  aria-label=\"Compartir por correo\" href='mailto:?subject=Seremi%20de%20Gobierno%20sobre%20distribuci%C3%B3n%20de%20fondos%20del%20proyecto%20Royalty%20Minero%3A%20%E2%80%9CEsta%20es%20una%20muestra%20contundente%20de%20que%20nuestro%20Gobierno%20va%20con%20paso%20firme%20hacia%20la%20Descentralizaci%C3%B3n%E2%80%9D&#038;body=https:\/\/radiorevelacionfm.cl\/?p=29864' aria-hidden='false' data-av_icon='\ue805' data-av_iconfont='entypo-fontello' title='' data-avia-related-tooltip='Compartir por correo'><span class='avia_hidden_link_text'>Compartir por correo<\/span><\/a><\/li><\/ul><\/div><\/div>\n<div  style='height:50px' class='hr hr-invisible   avia-builder-el-8  el_after_av_social_share  el_before_av_comments_list '><span class='hr-inner ' ><span class='hr-inner-style'><\/span><\/span><\/div>\n<div  class='av-buildercomment  av-blog-meta-html-info-disabled av-blog-meta-tag-disabled  '><\/div>\n","protected":false},"excerpt":{"rendered":"","protected":false},"author":1,"featured_media":29865,"comment_status":"open","ping_status":"open","sticky":false,"template":"","format":"standard","meta":{"footnotes":""},"categories":[38],"tags":[],"class_list":["post-29864","post","type-post","status-publish","format-standard","has-post-thumbnail","hentry","category-regional"],"jetpack_featured_media_url":"https:\/\/radiorevelacionfm.cl\/wp-content\/uploads\/2023\/04\/Tatiana-Pla1.jpg","_links":{"self":[{"href":"https:\/\/radiorevelacionfm.cl\/index.php?rest_route=\/wp\/v2\/posts\/29864","targetHints":{"allow":["GET"]}}],"collection":[{"href":"https:\/\/radiorevelacionfm.cl\/index.php?rest_route=\/wp\/v2\/posts"}],"about":[{"href":"https:\/\/radiorevelacionfm.cl\/index.php?rest_route=\/wp\/v2\/types\/post"}],"author":[{"embeddable":true,"href":"https:\/\/radiorevelacionfm.cl\/index.php?rest_route=\/wp\/v2\/users\/1"}],"replies":[{"embeddable":true,"href":"https:\/\/radiorevelacionfm.cl\/index.php?rest_route=%2Fwp%2Fv2%2Fcomments&post=29864"}],"version-history":[{"count":1,"href":"https:\/\/radiorevelacionfm.cl\/index.php?rest_route=\/wp\/v2\/posts\/29864\/revisions"}],"predecessor-version":[{"id":29866,"href":"https:\/\/radiorevelacionfm.cl\/index.php?rest_route=\/wp\/v2\/posts\/29864\/revisions\/29866"}],"wp:featuredmedia":[{"embeddable":true,"href":"https:\/\/radiorevelacionfm.cl\/index.php?rest_route=\/wp\/v2\/media\/29865"}],"wp:attachment":[{"href":"https:\/\/radiorevelacionfm.cl\/index.php?rest_route=%2Fwp%2Fv2%2Fmedia&parent=29864"}],"wp:term":[{"taxonomy":"category","embeddable":true,"href":"https:\/\/radiorevelacionfm.cl\/index.php?rest_route=%2Fwp%2Fv2%2Fcategories&post=29864"},{"taxonomy":"post_tag","embeddable":true,"href":"https:\/\/radiorevelacionfm.cl\/index.php?rest_route=%2Fwp%2Fv2%2Ftags&post=29864"}],"curies":[{"name":"wp","href":"https:\/\/api.w.org\/{rel}","templated":true}]}}