{"id":29861,"date":"2023-04-09T19:21:40","date_gmt":"2023-04-09T22:21:40","guid":{"rendered":"https:\/\/radiorevelacionfm.cl\/?p=29861"},"modified":"2023-04-09T19:21:40","modified_gmt":"2023-04-09T22:21:40","slug":"sandoval-y-conectividad-austral-no-hay-peor-cadena-que-no-tener-un-camino-para-unirnos-al-resto-de-chile","status":"publish","type":"post","link":"https:\/\/radiorevelacionfm.cl\/?p=29861","title":{"rendered":"Sandoval y conectividad austral: \u201cNo hay peor cadena que no tener un camino para unirnos al resto de Chile\u201d"},"content":{"rendered":"<div class=\"flex_column av_one_full  flex_column_div av-zero-column-padding first  avia-builder-el-0  el_before_av_one_full  avia-builder-el-first  \" style='border-radius:0px; '><div  class='avia-image-container  av-styling-    avia-builder-el-1  avia-builder-el-no-sibling  avia-align-center '  itemprop=\"image\" itemscope=\"itemscope\" itemtype=\"https:\/\/schema.org\/ImageObject\"  ><div class='avia-image-container-inner'><div class='avia-image-overlay-wrap'><img decoding=\"async\" class='wp-image-29862 avia-img-lazy-loading-not-29862 avia_image' src=\"https:\/\/radiorevelacionfm.cl\/wp-content\/uploads\/2023\/04\/REUNION-3-1-1.jpg\" alt='' title='REUNI\u00d3N (3) (1) (1)' height=\"600\" width=\"900\"  itemprop=\"thumbnailUrl\" srcset=\"https:\/\/radiorevelacionfm.cl\/wp-content\/uploads\/2023\/04\/REUNION-3-1-1.jpg 900w, https:\/\/radiorevelacionfm.cl\/wp-content\/uploads\/2023\/04\/REUNION-3-1-1-300x200.jpg 300w, https:\/\/radiorevelacionfm.cl\/wp-content\/uploads\/2023\/04\/REUNION-3-1-1-768x512.jpg 768w, https:\/\/radiorevelacionfm.cl\/wp-content\/uploads\/2023\/04\/REUNION-3-1-1-705x470.jpg 705w, https:\/\/radiorevelacionfm.cl\/wp-content\/uploads\/2023\/04\/REUNION-3-1-1-450x300.jpg 450w, https:\/\/radiorevelacionfm.cl\/wp-content\/uploads\/2023\/04\/REUNION-3-1-1-600x400.jpg 600w\" sizes=\"(max-width: 900px) 100vw, 900px\" \/><\/div><\/div><\/div><\/div><div class=\"flex_column av_one_full  flex_column_div av-zero-column-padding first  avia-builder-el-2  el_after_av_one_full  el_before_av_one_full  column-top-margin\" style='border-radius:0px; '><section class=\"av_textblock_section \"  itemscope=\"itemscope\" itemtype=\"https:\/\/schema.org\/BlogPosting\" itemprop=\"blogPost\" ><div class='avia_textblock  '   itemprop=\"text\" ><p style=\"text-align: center;\"><strong><span style=\"font-size: 18pt;\">Sandoval y conectividad austral: \u201cNo hay peor cadena que no tener un camino para unirnos al resto de Chile\u201d<\/span><\/strong><\/p>\n<div id=\"gtx-trans\" style=\"position: absolute; left: -50px; top: 4.31534px;\">\n<div class=\"gtx-trans-icon\"><\/div>\n<\/div>\n<\/div><\/section><\/div><div class=\"flex_column av_one_full  flex_column_div av-zero-column-padding first  avia-builder-el-4  el_after_av_one_full  el_before_av_hr  column-top-margin\" style='border-radius:0px; '><section class=\"av_textblock_section \"  itemscope=\"itemscope\" itemtype=\"https:\/\/schema.org\/BlogPosting\" itemprop=\"blogPost\" ><div class='avia_textblock  '   itemprop=\"text\" ><p style=\"text-align: justify;\">\u201cNo hay peor cadena que tenemos para enfrentar nuestro crecimiento, que no tener un camino para unirnos al resto del pa\u00eds\u201d. Con estas palabras se refiri\u00f3 el senador David Sandoval, a la reuni\u00f3n que sostuvo en los \u00faltimos d\u00edas con la ministra de Obras P\u00fablicas, Jesica L\u00f3pez, en un encuentro en el que tambi\u00e9n participaron la senadora Ximena \u00d3rdenes y los senadores Carlos Kuschel (Los Lagos) y Alejandro Kusanovic (Magallanes).<\/p>\n<p style=\"text-align: justify;\">Al respecto, Sandoval insisti\u00f3 que este requerimiento de conectividad no es un objetivo de regi\u00f3n sino que de Estado, considerando que Ays\u00e9n y Magallanes, junto a la Provincia de Palena, representan m\u00e1s de un tercio de Chile continental. \u201cUnir estos territorios va a significar un cambio sustantivo en el desarrollo, que es el sue\u00f1o de todo aysenino y aysenina, que es una condici\u00f3n de vida mejor\u201d, indic\u00f3.<\/p>\n<p style=\"text-align: justify;\">El parlamentario valor\u00f3 que el a\u00f1o pasado se lograra el compromiso de que la ruta 7 sea financiada con recursos del MOP a partir de 2024, liberando as\u00ed a Ays\u00e9n a tener que concurrir con un financiamiento, a trav\u00e9s del FNDR, que no ha sido menor \u201ccuando esto deber\u00eda ser un objetivo del Estado\u201d, recordando la manera en que se financia el puente sobre el canal de Chacao o la propia ruta 5. \u201c(Se entendi\u00f3) que esta conectividad debe ser un objetivo de Estado, de pa\u00eds, para unir su territorio\u201d, indic\u00f3.<\/p>\n<p style=\"text-align: justify;\">Por lo mismo es que se\u00f1al\u00f3: \u201cHemos querido que esto sea un esfuerzo de todos los parlamentarios de Ays\u00e9n, Los Lagos y Magallanes\u201d, agregando que abrir la ruta en Palena, es tan significativo como abrir las rutas dentro de la propia regi\u00f3n, porque es la forma de unirse con el resto del pa\u00eds.<\/p>\n<p style=\"text-align: justify;\">En dicho contexto, durante el encuentro se plante\u00f3 a la ministra MOP, la necesidad de definir plazos y tiempos de cu\u00e1ndo y c\u00f3mo se ver\u00e1 concretada la meta de terminar de unir a toda la regi\u00f3n de Ays\u00e9n, por la ruta 7, con el resto de Chile. \u201cEso es lo que hemos hecho como planteamiento, colegiadamente, todos los parlamentarios, porque all\u00ed est\u00e1 centrado las posibilidades de sacar del aislamiento y limitaciones que tenemos y de paso, dar respuesta a cuantos gremios organizaciones, alcaldes, concejales, que a lo largo de muchos a\u00f1os han planteado este tema\u201d, recalc\u00f3.<\/p>\n<p style=\"text-align: justify;\">Sandoval dijo valorar la recepci\u00f3n de la jefa de cartera, esperando que se concrete prontamente una audiencia con el propio presidente Gabriel Boric, para que estos temas tengan un correlato desde el punto de vista de plazos y recursos. \u201cEso es lo que queremos. Va a ser una se\u00f1al potente y avanzar en el sue\u00f1o que ha tenido la regi\u00f3n a lo largo de su historia y desarrollo\u201d, concluy\u00f3.<\/p>\n<\/div><\/section><\/div><div  style='height:50px' class='hr hr-invisible   avia-builder-el-6  el_after_av_one_full  el_before_av_social_share '><span class='hr-inner ' ><span class='hr-inner-style'><\/span><\/span><\/div><\/p>\n<div  class='av-social-sharing-box  avia-builder-el-7  el_after_av_hr  el_before_av_hr  '><div class='av-share-box'><h5 class='av-share-link-description av-no-toc '>Compartir esta noticia<\/h5><ul class='av-share-box-list noLightbox'><li class='av-share-link av-social-link-facebook' ><a target=\"_blank\" aria-label=\"Compartir en Facebook\" href='https:\/\/www.facebook.com\/sharer.php?u=https:\/\/radiorevelacionfm.cl\/?p=29861&#038;t=Sandoval%20y%20conectividad%20austral%3A%20%E2%80%9CNo%20hay%20peor%20cadena%20que%20no%20tener%20un%20camino%20para%20unirnos%20al%20resto%20de%20Chile%E2%80%9D' aria-hidden='false' data-av_icon='\ue8f3' data-av_iconfont='entypo-fontello' title='' data-avia-related-tooltip='Compartir en Facebook' rel=\"noopener\"><span class='avia_hidden_link_text'>Compartir en Facebook<\/span><\/a><\/li><li class='av-share-link av-social-link-twitter' ><a target=\"_blank\" aria-label=\"Compartir en Twitter\" href='https:\/\/twitter.com\/share?text=Sandoval%20y%20conectividad%20austral%3A%20%E2%80%9CNo%20hay%20peor%20cadena%20que%20no%20tener%20un%20camino%20para%20unirnos%20al%20resto%20de%20Chile%E2%80%9D&#038;url=https:\/\/radiorevelacionfm.cl\/?p=29861' aria-hidden='false' data-av_icon='\ue8f1' data-av_iconfont='entypo-fontello' title='' data-avia-related-tooltip='Compartir en Twitter' rel=\"noopener\"><span class='avia_hidden_link_text'>Compartir en Twitter<\/span><\/a><\/li><li class='av-share-link av-social-link-whatsapp' ><a target=\"_blank\" aria-label=\"Compartir en Whatsapp\" href='https:\/\/api.whatsapp.com\/send?text=https:\/\/radiorevelacionfm.cl\/?p=29861' aria-hidden='false' data-av_icon='\uf232' data-av_iconfont='entypo-fontello' title='' data-avia-related-tooltip='Compartir en Whatsapp' rel=\"noopener\"><span class='avia_hidden_link_text'>Compartir en Whatsapp<\/span><\/a><\/li><li class='av-share-link av-social-link-linkedin' ><a target=\"_blank\" aria-label=\"Compartir en LinkedIn\" href='https:\/\/linkedin.com\/shareArticle?mini=true&#038;title=Sandoval%20y%20conectividad%20austral%3A%20%E2%80%9CNo%20hay%20peor%20cadena%20que%20no%20tener%20un%20camino%20para%20unirnos%20al%20resto%20de%20Chile%E2%80%9D&#038;url=https:\/\/radiorevelacionfm.cl\/?p=29861' aria-hidden='false' data-av_icon='\ue8fc' data-av_iconfont='entypo-fontello' title='' data-avia-related-tooltip='Compartir en LinkedIn' rel=\"noopener\"><span class='avia_hidden_link_text'>Compartir en LinkedIn<\/span><\/a><\/li><li class='av-share-link av-social-link-mail' ><a  aria-label=\"Compartir por correo\" href='mailto:?subject=Sandoval%20y%20conectividad%20austral%3A%20%E2%80%9CNo%20hay%20peor%20cadena%20que%20no%20tener%20un%20camino%20para%20unirnos%20al%20resto%20de%20Chile%E2%80%9D&#038;body=https:\/\/radiorevelacionfm.cl\/?p=29861' aria-hidden='false' data-av_icon='\ue805' data-av_iconfont='entypo-fontello' title='' data-avia-related-tooltip='Compartir por correo'><span class='avia_hidden_link_text'>Compartir por correo<\/span><\/a><\/li><\/ul><\/div><\/div>\n<div  style='height:50px' class='hr hr-invisible   avia-builder-el-8  el_after_av_social_share  el_before_av_comments_list '><span class='hr-inner ' ><span class='hr-inner-style'><\/span><\/span><\/div>\n<div  class='av-buildercomment  av-blog-meta-html-info-disabled av-blog-meta-tag-disabled  '><\/div>\n","protected":false},"excerpt":{"rendered":"","protected":false},"author":1,"featured_media":29862,"comment_status":"open","ping_status":"open","sticky":false,"template":"","format":"standard","meta":{"footnotes":""},"categories":[35],"tags":[],"class_list":["post-29861","post","type-post","status-publish","format-standard","has-post-thumbnail","hentry","category-politica"],"jetpack_featured_media_url":"https:\/\/radiorevelacionfm.cl\/wp-content\/uploads\/2023\/04\/REUNION-3-1-1.jpg","_links":{"self":[{"href":"https:\/\/radiorevelacionfm.cl\/index.php?rest_route=\/wp\/v2\/posts\/29861","targetHints":{"allow":["GET"]}}],"collection":[{"href":"https:\/\/radiorevelacionfm.cl\/index.php?rest_route=\/wp\/v2\/posts"}],"about":[{"href":"https:\/\/radiorevelacionfm.cl\/index.php?rest_route=\/wp\/v2\/types\/post"}],"author":[{"embeddable":true,"href":"https:\/\/radiorevelacionfm.cl\/index.php?rest_route=\/wp\/v2\/users\/1"}],"replies":[{"embeddable":true,"href":"https:\/\/radiorevelacionfm.cl\/index.php?rest_route=%2Fwp%2Fv2%2Fcomments&post=29861"}],"version-history":[{"count":1,"href":"https:\/\/radiorevelacionfm.cl\/index.php?rest_route=\/wp\/v2\/posts\/29861\/revisions"}],"predecessor-version":[{"id":29863,"href":"https:\/\/radiorevelacionfm.cl\/index.php?rest_route=\/wp\/v2\/posts\/29861\/revisions\/29863"}],"wp:featuredmedia":[{"embeddable":true,"href":"https:\/\/radiorevelacionfm.cl\/index.php?rest_route=\/wp\/v2\/media\/29862"}],"wp:attachment":[{"href":"https:\/\/radiorevelacionfm.cl\/index.php?rest_route=%2Fwp%2Fv2%2Fmedia&parent=29861"}],"wp:term":[{"taxonomy":"category","embeddable":true,"href":"https:\/\/radiorevelacionfm.cl\/index.php?rest_route=%2Fwp%2Fv2%2Fcategories&post=29861"},{"taxonomy":"post_tag","embeddable":true,"href":"https:\/\/radiorevelacionfm.cl\/index.php?rest_route=%2Fwp%2Fv2%2Ftags&post=29861"}],"curies":[{"name":"wp","href":"https:\/\/api.w.org\/{rel}","templated":true}]}}