{"id":29854,"date":"2023-04-09T16:33:24","date_gmt":"2023-04-09T19:33:24","guid":{"rendered":"https:\/\/radiorevelacionfm.cl\/?p=29854"},"modified":"2023-04-09T16:33:24","modified_gmt":"2023-04-09T19:33:24","slug":"vecinos-y-autoridades-dieron-el-vamos-a-la-ejecucion-del-programa-quiero-mi-barrio-en-cochrane","status":"publish","type":"post","link":"https:\/\/radiorevelacionfm.cl\/?p=29854","title":{"rendered":"Vecinos y autoridades dieron el vamos a la ejecuci\u00f3n del Programa \u201cQuiero Mi Barrio\u201d en Cochrane"},"content":{"rendered":"<div class=\"flex_column av_one_full  flex_column_div av-zero-column-padding first  avia-builder-el-0  el_before_av_one_full  avia-builder-el-first  \" style='border-radius:0px; '><div  class='avia-image-container  av-styling-    avia-builder-el-1  avia-builder-el-no-sibling  avia-align-center '  itemprop=\"image\" itemscope=\"itemscope\" itemtype=\"https:\/\/schema.org\/ImageObject\"  ><div class='avia-image-container-inner'><div class='avia-image-overlay-wrap'><img decoding=\"async\" class='wp-image-29855 avia-img-lazy-loading-not-29855 avia_image' src=\"https:\/\/radiorevelacionfm.cl\/wp-content\/uploads\/2023\/04\/vecinos-y-autoridades-dan-el-vamos-al-trabajo-del-Quiero-mi-Barrio-en-Cochrane-1-1.jpg\" alt='' title='vecinos y autoridades dan el vamos al trabajo del Quiero mi Barrio en Cochrane (1) (1)' height=\"600\" width=\"800\"  itemprop=\"thumbnailUrl\" srcset=\"https:\/\/radiorevelacionfm.cl\/wp-content\/uploads\/2023\/04\/vecinos-y-autoridades-dan-el-vamos-al-trabajo-del-Quiero-mi-Barrio-en-Cochrane-1-1.jpg 800w, https:\/\/radiorevelacionfm.cl\/wp-content\/uploads\/2023\/04\/vecinos-y-autoridades-dan-el-vamos-al-trabajo-del-Quiero-mi-Barrio-en-Cochrane-1-1-300x225.jpg 300w, https:\/\/radiorevelacionfm.cl\/wp-content\/uploads\/2023\/04\/vecinos-y-autoridades-dan-el-vamos-al-trabajo-del-Quiero-mi-Barrio-en-Cochrane-1-1-768x576.jpg 768w, https:\/\/radiorevelacionfm.cl\/wp-content\/uploads\/2023\/04\/vecinos-y-autoridades-dan-el-vamos-al-trabajo-del-Quiero-mi-Barrio-en-Cochrane-1-1-705x529.jpg 705w, https:\/\/radiorevelacionfm.cl\/wp-content\/uploads\/2023\/04\/vecinos-y-autoridades-dan-el-vamos-al-trabajo-del-Quiero-mi-Barrio-en-Cochrane-1-1-450x338.jpg 450w, https:\/\/radiorevelacionfm.cl\/wp-content\/uploads\/2023\/04\/vecinos-y-autoridades-dan-el-vamos-al-trabajo-del-Quiero-mi-Barrio-en-Cochrane-1-1-600x450.jpg 600w\" sizes=\"(max-width: 800px) 100vw, 800px\" \/><\/div><\/div><\/div><\/div><div class=\"flex_column av_one_full  flex_column_div av-zero-column-padding first  avia-builder-el-2  el_after_av_one_full  el_before_av_one_full  column-top-margin\" style='border-radius:0px; '><section class=\"av_textblock_section \"  itemscope=\"itemscope\" itemtype=\"https:\/\/schema.org\/BlogPosting\" itemprop=\"blogPost\" ><div class='avia_textblock  '   itemprop=\"text\" ><p style=\"text-align: center;\"><strong><span style=\"font-size: 18pt;\">Vecinos y autoridades dieron el vamos a la ejecuci\u00f3n del Programa \u201cQuiero Mi Barrio\u201d en Cochrane<\/span><\/strong><\/p>\n<div id=\"gtx-trans\" style=\"position: absolute; left: -50px; top: 4.31534px;\">\n<div class=\"gtx-trans-icon\"><\/div>\n<\/div>\n<\/div><\/section><\/div><div class=\"flex_column av_one_full  flex_column_div av-zero-column-padding first  avia-builder-el-4  el_after_av_one_full  el_before_av_hr  column-top-margin\" style='border-radius:0px; '><section class=\"av_textblock_section \"  itemscope=\"itemscope\" itemtype=\"https:\/\/schema.org\/BlogPosting\" itemprop=\"blogPost\" ><div class='avia_textblock  '   itemprop=\"text\" ><p style=\"text-align: justify;\">Con grandes expectativas y un renovado inter\u00e9s por participar, vecinos y autoridades celebraron la semana pasada el inicio oficial de la ejecuci\u00f3n del Programa de Recuperaci\u00f3n de Barrios \u201cQuiero Mi Barrio\u201d en la ciudad de Cochrane.<\/p>\n<p style=\"text-align: justify;\">El encuentro se desarroll\u00f3 en la plaza las Rosas, donde se present\u00f3 al equipo de profesionales que estar\u00e1 encargado de impulsar este exitoso programa del Ministerio de Vivienda y Urbanismo, el cual se desarrolla en conjunto con el Municipio y la comunidad, siendo esta la primera vez que se aplica fuera de las comunas de Ays\u00e9n y Coyhaique.<\/p>\n<p style=\"text-align: justify;\">Tal como indic\u00f3 la Seremi de Vivienda, Paulina Ruz, se trata de una positiva noticia para la comuna, ya que muy pronto los profesionales empezar\u00e1n a trabajar en el diagn\u00f3stico con las vecinas y vecinos. \u201cEn esta etapa son m\u00e1s de 90 millones de pesos involucrados, pero m\u00e1s all\u00e1 de eso es el beneficio que trae para m\u00e1s de 400 familias, donde generamos empleo y fortalecemos el componente de participaci\u00f3n ciudadana. Escuchamos a los vecinos y vamos haciendo proyectos con ellos para mejorar y recuperar los espacios p\u00fablicos y para volver a encontrarnos. Ceremonias como estas nos llenan de energ\u00eda porque reafirma que estamos haciendo bien las cosas al descentralizar los beneficios, ya que no todo se puede concentrar en las ciudades m\u00e1s grandes de la regi\u00f3n, sino que tenemos que ir m\u00e1s all\u00e1, a localidades rurales y territorios m\u00e1s apartados, como ocurre con el Quiero Mi Barrio\u201d, precis\u00f3.<\/p>\n<p style=\"text-align: justify;\">La puesta en marcha del programa en la comuna fue destacada tambi\u00e9n por el Alcalde Jorge Calder\u00f3n, se\u00f1alando que se trata de una gran oportunidad para el municipio, pero sobre todo para los vecinos y vecinas. \u201cPrimero para poder reencontrarnos y reunirnos despu\u00e9s de la Pandemia, para ojal\u00e1 reactivar las diferentes juntas de vecinos y sobre todo so\u00f1ar y planificar de manera conjunta las distintas iniciativas que queremos desarrollar en este territorio. Y por lo tanto la invitaci\u00f3n es para toda nuestra comunidad y en especial a quienes habitan el casco hist\u00f3rico. Creemos que tenemos la oportunidad a trav\u00e9s de este programa de repensar el c\u00f3mo queremos seguir proyectando a Cochrane y por lo tanto las decisiones no van a ser tomadas por el municipio ni por sus equipos t\u00e9cnicos, sino que ser\u00e1n tomadas de manera conjunta con los vecinos y eso por supuesto es un proceso relevante \u201c, afirm\u00f3.<\/p>\n<p style=\"text-align: justify;\">El inicio de las actividades fue valorado tambi\u00e9n por la dirigente de la Junta de Vecinos N\u00b0 2, Lucila Aguilar Calisto, quien dijo tener muchas expectativas para lo que se viene. \u201cCreo que es de gran importancia, porque se logra mejorar el tema de los barrios para la comunidad. Yo les agradezco mucho que iniciaran este programa en nuestra junta vecinal, porque estamos en el l\u00edmite de las juntas de vecinos, as\u00ed que esto comprende toda la Junta de vecinos N\u00b0 2 Sargento Aldea, as\u00ed que estamos s\u00faper agradecidos\u201d, manifest\u00f3<\/p>\n<p style=\"text-align: justify;\">La vecina Raquel Sep\u00falveda tambi\u00e9n se mostr\u00f3 feliz con la llegada del Programa Quiero Mi barrio a su ciudad, esperando que se logre mucho inter\u00e9s y participaci\u00f3n. \u201cPara m\u00ed, como cochranina, creo que es s\u00faper importante que nuestra ciudad est\u00e9 a los ojos de las autoridades a nivel regional, ya que eso nos permite m\u00e1s desarrollo y qu\u00e9 mejor que tomen en cuenta a los vecinos y que nosotros tambi\u00e9n tengamos opini\u00f3n para decir lo que queremos para mi pueblo, as\u00ed que muy contenta con todo esto\u201d, se\u00f1al\u00f3.<\/p>\n<p style=\"text-align: justify;\">La Delegada Presidencial de la Provincia Capit\u00e1n Prat, Marta Montiel, enfatiz\u00f3 tambi\u00e9n en los beneficios del Programa, no solo en la parte material sino sobre todo en la parte humana. \u201cDestacar el programa Quiero Mi Barrio, que es muy integral, no es solo de infraestructura, porque no se trata de poner bancas y cer\u00e1micas, se trata de generar barrio y hacer comunidad. Y ese es el desaf\u00edo. Recordaba que en un mes de invierno tuvimos el primer paso que fue la firma del convenio y hoy todo se est\u00e1 materializando con la contrataci\u00f3n del equipo con tres profesionales j\u00f3venes que est\u00e1n presentes en el territorio, que van a ir desarrollando estas iniciativas, pero no las van a estar mirando desde un escritorio, sino que van a estar participando desde y con el barrio y eso es lo m\u00e1s destacable\u201d, concluy\u00f3.<\/p>\n<p style=\"text-align: justify;\">La intervenci\u00f3n del programa Quiero Mi Barrio en Cochrane se extender\u00e1 por tres a\u00f1os, sumando una inversi\u00f3n que bordea los 800 millones de pesos para fortalecer las organizaciones vecinales y ejecutar diversas obras de adelanto que ir\u00e1n siendo definidas en conjunto por la misma comunidad organizada, quienes adem\u00e1s actuar\u00e1n como fiscalizadores en diferentes etapas de ejecuci\u00f3n de los proyectos.<\/p>\n<\/div><\/section><\/div><div  style='height:50px' class='hr hr-invisible   avia-builder-el-6  el_after_av_one_full  el_before_av_social_share '><span class='hr-inner ' ><span class='hr-inner-style'><\/span><\/span><\/div><\/p>\n<div  class='av-social-sharing-box  avia-builder-el-7  el_after_av_hr  el_before_av_hr  '><div class='av-share-box'><h5 class='av-share-link-description av-no-toc '>Compartir esta noticia<\/h5><ul class='av-share-box-list noLightbox'><li class='av-share-link av-social-link-facebook' ><a target=\"_blank\" aria-label=\"Compartir en Facebook\" href='https:\/\/www.facebook.com\/sharer.php?u=https:\/\/radiorevelacionfm.cl\/?p=29854&#038;t=Vecinos%20y%20autoridades%20dieron%20el%20vamos%20a%20la%20ejecuci%C3%B3n%20del%20Programa%20%E2%80%9CQuiero%20Mi%20Barrio%E2%80%9D%20en%20Cochrane' aria-hidden='false' data-av_icon='\ue8f3' data-av_iconfont='entypo-fontello' title='' data-avia-related-tooltip='Compartir en Facebook' rel=\"noopener\"><span class='avia_hidden_link_text'>Compartir en Facebook<\/span><\/a><\/li><li class='av-share-link av-social-link-twitter' ><a target=\"_blank\" aria-label=\"Compartir en Twitter\" href='https:\/\/twitter.com\/share?text=Vecinos%20y%20autoridades%20dieron%20el%20vamos%20a%20la%20ejecuci%C3%B3n%20del%20Programa%20%E2%80%9CQuiero%20Mi%20Barrio%E2%80%9D%20en%20Cochrane&#038;url=https:\/\/radiorevelacionfm.cl\/?p=29854' aria-hidden='false' data-av_icon='\ue8f1' data-av_iconfont='entypo-fontello' title='' data-avia-related-tooltip='Compartir en Twitter' rel=\"noopener\"><span class='avia_hidden_link_text'>Compartir en Twitter<\/span><\/a><\/li><li class='av-share-link av-social-link-whatsapp' ><a target=\"_blank\" aria-label=\"Compartir en Whatsapp\" href='https:\/\/api.whatsapp.com\/send?text=https:\/\/radiorevelacionfm.cl\/?p=29854' aria-hidden='false' data-av_icon='\uf232' data-av_iconfont='entypo-fontello' title='' data-avia-related-tooltip='Compartir en Whatsapp' rel=\"noopener\"><span class='avia_hidden_link_text'>Compartir en Whatsapp<\/span><\/a><\/li><li class='av-share-link av-social-link-linkedin' ><a target=\"_blank\" aria-label=\"Compartir en LinkedIn\" href='https:\/\/linkedin.com\/shareArticle?mini=true&#038;title=Vecinos%20y%20autoridades%20dieron%20el%20vamos%20a%20la%20ejecuci%C3%B3n%20del%20Programa%20%E2%80%9CQuiero%20Mi%20Barrio%E2%80%9D%20en%20Cochrane&#038;url=https:\/\/radiorevelacionfm.cl\/?p=29854' aria-hidden='false' data-av_icon='\ue8fc' data-av_iconfont='entypo-fontello' title='' data-avia-related-tooltip='Compartir en LinkedIn' rel=\"noopener\"><span class='avia_hidden_link_text'>Compartir en LinkedIn<\/span><\/a><\/li><li class='av-share-link av-social-link-mail' ><a  aria-label=\"Compartir por correo\" href='mailto:?subject=Vecinos%20y%20autoridades%20dieron%20el%20vamos%20a%20la%20ejecuci%C3%B3n%20del%20Programa%20%E2%80%9CQuiero%20Mi%20Barrio%E2%80%9D%20en%20Cochrane&#038;body=https:\/\/radiorevelacionfm.cl\/?p=29854' aria-hidden='false' data-av_icon='\ue805' data-av_iconfont='entypo-fontello' title='' data-avia-related-tooltip='Compartir por correo'><span class='avia_hidden_link_text'>Compartir por correo<\/span><\/a><\/li><\/ul><\/div><\/div>\n<div  style='height:50px' class='hr hr-invisible   avia-builder-el-8  el_after_av_social_share  el_before_av_comments_list '><span class='hr-inner ' ><span class='hr-inner-style'><\/span><\/span><\/div>\n<div  class='av-buildercomment  av-blog-meta-html-info-disabled av-blog-meta-tag-disabled  '><\/div>\n","protected":false},"excerpt":{"rendered":"","protected":false},"author":1,"featured_media":29855,"comment_status":"open","ping_status":"open","sticky":false,"template":"","format":"standard","meta":{"footnotes":""},"categories":[57],"tags":[],"class_list":["post-29854","post","type-post","status-publish","format-standard","has-post-thumbnail","hentry","category-vivienda"],"jetpack_featured_media_url":"https:\/\/radiorevelacionfm.cl\/wp-content\/uploads\/2023\/04\/vecinos-y-autoridades-dan-el-vamos-al-trabajo-del-Quiero-mi-Barrio-en-Cochrane-1-1.jpg","_links":{"self":[{"href":"https:\/\/radiorevelacionfm.cl\/index.php?rest_route=\/wp\/v2\/posts\/29854","targetHints":{"allow":["GET"]}}],"collection":[{"href":"https:\/\/radiorevelacionfm.cl\/index.php?rest_route=\/wp\/v2\/posts"}],"about":[{"href":"https:\/\/radiorevelacionfm.cl\/index.php?rest_route=\/wp\/v2\/types\/post"}],"author":[{"embeddable":true,"href":"https:\/\/radiorevelacionfm.cl\/index.php?rest_route=\/wp\/v2\/users\/1"}],"replies":[{"embeddable":true,"href":"https:\/\/radiorevelacionfm.cl\/index.php?rest_route=%2Fwp%2Fv2%2Fcomments&post=29854"}],"version-history":[{"count":1,"href":"https:\/\/radiorevelacionfm.cl\/index.php?rest_route=\/wp\/v2\/posts\/29854\/revisions"}],"predecessor-version":[{"id":29856,"href":"https:\/\/radiorevelacionfm.cl\/index.php?rest_route=\/wp\/v2\/posts\/29854\/revisions\/29856"}],"wp:featuredmedia":[{"embeddable":true,"href":"https:\/\/radiorevelacionfm.cl\/index.php?rest_route=\/wp\/v2\/media\/29855"}],"wp:attachment":[{"href":"https:\/\/radiorevelacionfm.cl\/index.php?rest_route=%2Fwp%2Fv2%2Fmedia&parent=29854"}],"wp:term":[{"taxonomy":"category","embeddable":true,"href":"https:\/\/radiorevelacionfm.cl\/index.php?rest_route=%2Fwp%2Fv2%2Fcategories&post=29854"},{"taxonomy":"post_tag","embeddable":true,"href":"https:\/\/radiorevelacionfm.cl\/index.php?rest_route=%2Fwp%2Fv2%2Ftags&post=29854"}],"curies":[{"name":"wp","href":"https:\/\/api.w.org\/{rel}","templated":true}]}}