{"id":29850,"date":"2023-04-08T17:51:10","date_gmt":"2023-04-08T20:51:10","guid":{"rendered":"https:\/\/radiorevelacionfm.cl\/?p=29850"},"modified":"2023-04-08T17:51:10","modified_gmt":"2023-04-08T20:51:10","slug":"salud-realizo-llamado-a-hacer-buen-uso-de-la-red-asistencial-durante-este-fin-de-semana-largo","status":"publish","type":"post","link":"https:\/\/radiorevelacionfm.cl\/?p=29850","title":{"rendered":"Salud realiz\u00f3 llamado a hacer buen uso de la Red Asistencial durante este fin de semana largo"},"content":{"rendered":"<div class=\"flex_column av_one_full  flex_column_div av-zero-column-padding first  avia-builder-el-0  el_before_av_one_full  avia-builder-el-first  \" style='border-radius:0px; '><div  class='avia-image-container  av-styling-    avia-builder-el-1  avia-builder-el-no-sibling  avia-align-center '  itemprop=\"image\" itemscope=\"itemscope\" itemtype=\"https:\/\/schema.org\/ImageObject\"  ><div class='avia-image-container-inner'><div class='avia-image-overlay-wrap'><img decoding=\"async\" class='wp-image-29851 avia-img-lazy-loading-not-29851 avia_image' src=\"https:\/\/radiorevelacionfm.cl\/wp-content\/uploads\/2023\/04\/WhatsApp-Image-2023-04-06-at-12.41.42-PM-5-1-1.jpeg\" alt='' title='WhatsApp Image 2023-04-06 at 12.41.42 PM (5) (1) (1)' height=\"600\" width=\"800\"  itemprop=\"thumbnailUrl\" srcset=\"https:\/\/radiorevelacionfm.cl\/wp-content\/uploads\/2023\/04\/WhatsApp-Image-2023-04-06-at-12.41.42-PM-5-1-1.jpeg 800w, https:\/\/radiorevelacionfm.cl\/wp-content\/uploads\/2023\/04\/WhatsApp-Image-2023-04-06-at-12.41.42-PM-5-1-1-300x225.jpeg 300w, https:\/\/radiorevelacionfm.cl\/wp-content\/uploads\/2023\/04\/WhatsApp-Image-2023-04-06-at-12.41.42-PM-5-1-1-768x576.jpeg 768w, https:\/\/radiorevelacionfm.cl\/wp-content\/uploads\/2023\/04\/WhatsApp-Image-2023-04-06-at-12.41.42-PM-5-1-1-705x529.jpeg 705w, https:\/\/radiorevelacionfm.cl\/wp-content\/uploads\/2023\/04\/WhatsApp-Image-2023-04-06-at-12.41.42-PM-5-1-1-450x338.jpeg 450w, https:\/\/radiorevelacionfm.cl\/wp-content\/uploads\/2023\/04\/WhatsApp-Image-2023-04-06-at-12.41.42-PM-5-1-1-600x450.jpeg 600w\" sizes=\"(max-width: 800px) 100vw, 800px\" \/><\/div><\/div><\/div><\/div><div class=\"flex_column av_one_full  flex_column_div av-zero-column-padding first  avia-builder-el-2  el_after_av_one_full  el_before_av_one_full  column-top-margin\" style='border-radius:0px; '><section class=\"av_textblock_section \"  itemscope=\"itemscope\" itemtype=\"https:\/\/schema.org\/BlogPosting\" itemprop=\"blogPost\" ><div class='avia_textblock  '   itemprop=\"text\" ><p style=\"text-align: center;\"><strong><span style=\"font-size: 18pt;\">Salud realiz\u00f3 llamado a hacer buen uso de la Red Asistencial durante este fin de semana largo<\/span><\/strong><\/p>\n<div id=\"gtx-trans\" style=\"position: absolute; left: -50px; top: 4.31534px;\">\n<div class=\"gtx-trans-icon\"><\/div>\n<\/div>\n<\/div><\/section><\/div><div class=\"flex_column av_one_full  flex_column_div av-zero-column-padding first  avia-builder-el-4  el_after_av_one_full  el_before_av_hr  column-top-margin\" style='border-radius:0px; '><section class=\"av_textblock_section \"  itemscope=\"itemscope\" itemtype=\"https:\/\/schema.org\/BlogPosting\" itemprop=\"blogPost\" ><div class='avia_textblock  '   itemprop=\"text\" ><p style=\"text-align: justify;\">En el marco de la celebraci\u00f3n cat\u00f3lica de semana santa y con tres d\u00edas festivos por delante, las autoridades del Sector Salud se reunieron en el CESFAM Alejandro Guti\u00e9rrez, de Coyhaique, para reforzar el llamado a la poblaci\u00f3n a hacer un buen uso de la Red Asistencial.<\/p>\n<p style=\"text-align: justify;\">Uno de los principales objetivos es evitar la saturaci\u00f3n de las Urgencias del Hospital Regional Coyhaique para que \u00e9sta se dedique s\u00f3lo a tratar aquellos casos donde la vida del paciente est\u00e1 en riesgo.<\/p>\n<p style=\"text-align: justify;\">\u201cNuestra Red Asistencial ya est\u00e1 preparada para este fin de semana santo, todos los hospitales est\u00e1n con sus turnos cubiertos y tambi\u00e9n vamos a tener el SAPU del CESFAM Alejandro Guti\u00e9rrez en operaci\u00f3n. El llamado es hacer buen uso de los dispositivos y acudir solo cuando sean reales emergencias para tener responsabilidad en el uso de los servicios\u201d, explic\u00f3 Claudio Arriagada Momberg, Director(s) del Servicio de Salud Ays\u00e9n (SSA).<\/p>\n<p style=\"text-align: justify;\">El Subdirector M\u00e9dico del SSA, Dr. Rodrigo Verdugo Cofr\u00e9, se\u00f1al\u00f3 que \u201cestamos en el CESFAM Alejandro Guti\u00e9rrez, chequeando que para este fin de semana tengamos disponibles todos los equipos m\u00e9dicos y de colaboraci\u00f3n m\u00e9dica con todos los recursos disponibles para atender a lo que tenemos que abocarnos este fin de semana que son nuestras reales urgencias\u201d<\/p>\n<p style=\"text-align: justify;\">Actualmente la principal demanda de atenci\u00f3n en las unidades de emergencia del Hospital Regional son casos de menor gravedad. 8 de cada 10 pacientes perfectamente podr\u00eda haber resuelto su necesidad m\u00e9dica en el Servicio de Atenci\u00f3n Primaria de Urgencias (SAPU), que funciona en el CESFAM Alejandro Guti\u00e9rrez.<\/p>\n<p style=\"text-align: justify;\">\u201cEl llamado es a que la comunidad haga uso del SAPU que estar\u00e1 funcionando desde las 12 de la tarde, hasta las cero horas, todo el fin de semana, as\u00ed que insistimos a la comunidad que acuda a este SAPU que ya est\u00e1 establecido para la atenci\u00f3n de estas urgencias\u201d, agreg\u00f3 el Director(s) CESFAM Alejandro Guti\u00e9rrez, Doctor Davis Cruz.<\/p>\n<p style=\"text-align: justify;\">Adem\u00e1s, es importante recordar, que ante dudas o consultas la comunidad puede acceder a los profesionales de la salud que, los 365 d\u00edas del a\u00f1o y las 24 horas del d\u00eda, trabajan en el centro de atenci\u00f3n telef\u00f3nica de Salud Responde 600 360 77 77.<\/p>\n<p style=\"text-align: justify;\"><strong>Prevenci\u00f3n de la Marea Roja<\/strong><\/p>\n<p style=\"text-align: justify;\">Intenso ha sido el trabajo para las y los funcionarios de la autoridad sanitaria, labores encabezadas por la Seremi, Carmen Gloria Monsalve G\u00f3mez, tendientes a evitar intoxicaciones por marea roja.<\/p>\n<p style=\"text-align: justify;\">\u201cSe ha desarrollado este a\u00f1o un plan adelantado para llevar a cabo estrategias de sensibilizaci\u00f3n a la comunidad, informar sobre el consumo seguro de estos mariscos. El llamado es que si deciden consumir mariscos h\u00e1ganlo en lugares establecidos, en pescader\u00edas o marisquer\u00edas establecidas y si tiene dudas sobre los productos puede solicitar al vendedor el certificado que otorga la autoridad sanitaria una vez que los mariscos han sido procesados y se ha descartado la presencia del veneno\u201d, indic\u00f3 la Autoridad Sanitaria Regional, Carmen Gloria Monsalve G\u00f3mez.<\/p>\n<p style=\"text-align: justify;\">Tanto el veneno paralizante como el diarreico de la marea roja, resisten altas temperaturas por lo que la cocci\u00f3n de los productos no elimina las toxinas, por eso es importante recordar, en estas fechas y todo el a\u00f1o, \u00a0consumir productos del mar solo de origen conocido.<\/p>\n<\/div><\/section><\/div><div  style='height:50px' class='hr hr-invisible   avia-builder-el-6  el_after_av_one_full  el_before_av_social_share '><span class='hr-inner ' ><span class='hr-inner-style'><\/span><\/span><\/div><\/p>\n<div  class='av-social-sharing-box  avia-builder-el-7  el_after_av_hr  el_before_av_hr  '><div class='av-share-box'><h5 class='av-share-link-description av-no-toc '>Compartir esta noticia<\/h5><ul class='av-share-box-list noLightbox'><li class='av-share-link av-social-link-facebook' ><a target=\"_blank\" aria-label=\"Compartir en Facebook\" href='https:\/\/www.facebook.com\/sharer.php?u=https:\/\/radiorevelacionfm.cl\/?p=29850&#038;t=Salud%20realiz%C3%B3%20llamado%20a%20hacer%20buen%20uso%20de%20la%20Red%20Asistencial%20durante%20este%20fin%20de%20semana%20largo' aria-hidden='false' data-av_icon='\ue8f3' data-av_iconfont='entypo-fontello' title='' data-avia-related-tooltip='Compartir en Facebook' rel=\"noopener\"><span class='avia_hidden_link_text'>Compartir en Facebook<\/span><\/a><\/li><li class='av-share-link av-social-link-twitter' ><a target=\"_blank\" aria-label=\"Compartir en Twitter\" href='https:\/\/twitter.com\/share?text=Salud%20realiz%C3%B3%20llamado%20a%20hacer%20buen%20uso%20de%20la%20Red%20Asistencial%20durante%20este%20fin%20de%20semana%20largo&#038;url=https:\/\/radiorevelacionfm.cl\/?p=29850' aria-hidden='false' data-av_icon='\ue8f1' data-av_iconfont='entypo-fontello' title='' data-avia-related-tooltip='Compartir en Twitter' rel=\"noopener\"><span class='avia_hidden_link_text'>Compartir en Twitter<\/span><\/a><\/li><li class='av-share-link av-social-link-whatsapp' ><a target=\"_blank\" aria-label=\"Compartir en Whatsapp\" href='https:\/\/api.whatsapp.com\/send?text=https:\/\/radiorevelacionfm.cl\/?p=29850' aria-hidden='false' data-av_icon='\uf232' data-av_iconfont='entypo-fontello' title='' data-avia-related-tooltip='Compartir en Whatsapp' rel=\"noopener\"><span class='avia_hidden_link_text'>Compartir en Whatsapp<\/span><\/a><\/li><li class='av-share-link av-social-link-linkedin' ><a target=\"_blank\" aria-label=\"Compartir en LinkedIn\" href='https:\/\/linkedin.com\/shareArticle?mini=true&#038;title=Salud%20realiz%C3%B3%20llamado%20a%20hacer%20buen%20uso%20de%20la%20Red%20Asistencial%20durante%20este%20fin%20de%20semana%20largo&#038;url=https:\/\/radiorevelacionfm.cl\/?p=29850' aria-hidden='false' data-av_icon='\ue8fc' data-av_iconfont='entypo-fontello' title='' data-avia-related-tooltip='Compartir en LinkedIn' rel=\"noopener\"><span class='avia_hidden_link_text'>Compartir en LinkedIn<\/span><\/a><\/li><li class='av-share-link av-social-link-mail' ><a  aria-label=\"Compartir por correo\" href='mailto:?subject=Salud%20realiz%C3%B3%20llamado%20a%20hacer%20buen%20uso%20de%20la%20Red%20Asistencial%20durante%20este%20fin%20de%20semana%20largo&#038;body=https:\/\/radiorevelacionfm.cl\/?p=29850' aria-hidden='false' data-av_icon='\ue805' data-av_iconfont='entypo-fontello' title='' data-avia-related-tooltip='Compartir por correo'><span class='avia_hidden_link_text'>Compartir por correo<\/span><\/a><\/li><\/ul><\/div><\/div>\n<div  style='height:50px' class='hr hr-invisible   avia-builder-el-8  el_after_av_social_share  el_before_av_comments_list '><span class='hr-inner ' ><span class='hr-inner-style'><\/span><\/span><\/div>\n<div  class='av-buildercomment  av-blog-meta-html-info-disabled av-blog-meta-tag-disabled  '><\/div>\n","protected":false},"excerpt":{"rendered":"","protected":false},"author":1,"featured_media":29851,"comment_status":"open","ping_status":"open","sticky":false,"template":"","format":"standard","meta":{"footnotes":""},"categories":[46],"tags":[],"class_list":["post-29850","post","type-post","status-publish","format-standard","has-post-thumbnail","hentry","category-salud"],"jetpack_featured_media_url":"https:\/\/radiorevelacionfm.cl\/wp-content\/uploads\/2023\/04\/WhatsApp-Image-2023-04-06-at-12.41.42-PM-5-1-1.jpeg","_links":{"self":[{"href":"https:\/\/radiorevelacionfm.cl\/index.php?rest_route=\/wp\/v2\/posts\/29850","targetHints":{"allow":["GET"]}}],"collection":[{"href":"https:\/\/radiorevelacionfm.cl\/index.php?rest_route=\/wp\/v2\/posts"}],"about":[{"href":"https:\/\/radiorevelacionfm.cl\/index.php?rest_route=\/wp\/v2\/types\/post"}],"author":[{"embeddable":true,"href":"https:\/\/radiorevelacionfm.cl\/index.php?rest_route=\/wp\/v2\/users\/1"}],"replies":[{"embeddable":true,"href":"https:\/\/radiorevelacionfm.cl\/index.php?rest_route=%2Fwp%2Fv2%2Fcomments&post=29850"}],"version-history":[{"count":1,"href":"https:\/\/radiorevelacionfm.cl\/index.php?rest_route=\/wp\/v2\/posts\/29850\/revisions"}],"predecessor-version":[{"id":29852,"href":"https:\/\/radiorevelacionfm.cl\/index.php?rest_route=\/wp\/v2\/posts\/29850\/revisions\/29852"}],"wp:featuredmedia":[{"embeddable":true,"href":"https:\/\/radiorevelacionfm.cl\/index.php?rest_route=\/wp\/v2\/media\/29851"}],"wp:attachment":[{"href":"https:\/\/radiorevelacionfm.cl\/index.php?rest_route=%2Fwp%2Fv2%2Fmedia&parent=29850"}],"wp:term":[{"taxonomy":"category","embeddable":true,"href":"https:\/\/radiorevelacionfm.cl\/index.php?rest_route=%2Fwp%2Fv2%2Fcategories&post=29850"},{"taxonomy":"post_tag","embeddable":true,"href":"https:\/\/radiorevelacionfm.cl\/index.php?rest_route=%2Fwp%2Fv2%2Ftags&post=29850"}],"curies":[{"name":"wp","href":"https:\/\/api.w.org\/{rel}","templated":true}]}}