{"id":2985,"date":"2021-02-26T15:47:03","date_gmt":"2021-02-26T18:47:03","guid":{"rendered":"https:\/\/radiorevelacionfm.cl\/?p=2985"},"modified":"2021-02-26T15:47:03","modified_gmt":"2021-02-26T18:47:03","slug":"destacados-deportistas-de-diversas-disciplinas-reciben-beca-deportiva-en-chile-chico","status":"publish","type":"post","link":"https:\/\/radiorevelacionfm.cl\/?p=2985","title":{"rendered":"Destacados deportistas de diversas disciplinas reciben beca deportiva en Chile Chico"},"content":{"rendered":"<div class=\"flex_column av_one_full  flex_column_div av-zero-column-padding first  avia-builder-el-0  el_before_av_one_full  avia-builder-el-first  \" style='border-radius:0px; '><div  class='avia-image-container  av-styling-    avia-builder-el-1  avia-builder-el-no-sibling  avia-align-center '  itemprop=\"image\" itemscope=\"itemscope\" itemtype=\"https:\/\/schema.org\/ImageObject\"  ><div class='avia-image-container-inner'><div class='avia-image-overlay-wrap'><img decoding=\"async\" class='wp-image-0 avia-img-lazy-loading-not-0 avia_image' src=\"https:\/\/radiorevelacionfm.cl\/wp-content\/uploads\/2021\/02\/ENTREGA-BECA-DEPORTIVA-10-1.jpeg\" alt='' title=''   itemprop=\"thumbnailUrl\"  \/><\/div><\/div><\/div><\/div><div class=\"flex_column av_one_full  flex_column_div av-zero-column-padding first  avia-builder-el-2  el_after_av_one_full  el_before_av_one_full  column-top-margin\" style='border-radius:0px; '><section class=\"av_textblock_section \"  itemscope=\"itemscope\" itemtype=\"https:\/\/schema.org\/BlogPosting\" itemprop=\"blogPost\" ><div class='avia_textblock  '   itemprop=\"text\" ><p style=\"text-align: center;\"><span style=\"font-size: 18pt;\"><strong>Destacados deportistas de diversas disciplinas reciben beca deportiva en Chile Chico<\/strong><\/span><\/p>\n<div id=\"gtx-trans\" style=\"position: absolute; left: -50px; top: 4.31534px;\">\n<div class=\"gtx-trans-icon\"><\/div>\n<\/div>\n<\/div><\/section><\/div><div class=\"flex_column av_one_full  flex_column_div av-zero-column-padding first  avia-builder-el-4  el_after_av_one_full  el_before_av_hr  column-top-margin\" style='border-radius:0px; '><section class=\"av_textblock_section \"  itemscope=\"itemscope\" itemtype=\"https:\/\/schema.org\/BlogPosting\" itemprop=\"blogPost\" ><div class='avia_textblock  '   itemprop=\"text\" ><p style=\"text-align: justify;\">Alonso Mendoza, Sebasti\u00e1n Andrade, Mauricio Herrera, Paola Oyarz\u00fan, Patricio Garnica, Jessica Mayorga, Mat\u00edas Urra, Jorge Pe\u00f1a, Felipe Morales y Daniela Aguilar, son quienes postularon y tras el proceso de revisi\u00f3n de antecedentes, fueron los seleccionados para este beneficio.<\/p>\n<p style=\"text-align: justify;\">En una ceremonia que cont\u00f3 con la presencia del Alcalde Ricardo Ibarra y algunos integrantes del Concejo, se realiz\u00f3 la entrega de la Beca Deportiva Municipal a hombres y mujeres que han destacado en diversas disciplinas, algunos de ellos j\u00f3venes y adolescentes que a su corta edad han puesto el nombre de la comuna de Chile Chico a nivel internacional.<\/p>\n<p style=\"text-align: justify;\">Esta es una iniciativa que nace en la actual gesti\u00f3n municipal, con la idea de reconocer el esfuerzo, la perseverancia, las ganas de salir adelante y crecer en el deporte que practican personas de distintas edades y sin discriminar por condici\u00f3n econ\u00f3mica social, m\u00e1s bien por sus logros ya sea nivel regional, nacional e internacional.<\/p>\n<p style=\"text-align: justify;\">El Alcalde Ricardo Ibarra, se mostr\u00f3 feliz de haber instaurado un apoyo que destaca a los y las deportistas junto con motivarlos a ser un ejemplo para futuras generaciones.<\/p>\n<p style=\"text-align: justify;\">\u201cMuy contento con esta iniciativa del Municipio a trav\u00e9s del \u00e1rea de deportes y al ver las expresiones de alegr\u00eda de los beneficiarios y beneficiarias al recibir este peque\u00f1o apoyo, que por una parte destaca el trabajo que hacen ellos y por otro los motiva a seguir siendo un ejemplo para la comunidad y tambi\u00e9n un orgullo llevar la camiseta de Chile Chico a los lugares donde van a competir. As\u00ed es que, este aporte espero que les ayude a todos y a todas, porque tambi\u00e9n de alguna forma contribuye a crear m\u00e1s deportistas para la comuna\u201d.<\/p>\n<p style=\"text-align: justify;\">Una de las personas becadas es, Daniela Aguilar, quien practica diversos deportes que le permiten conectarse con la naturaleza y ha representado a Chile Chico en competencias regionales, nacionales e internacionales.<\/p>\n<p style=\"text-align: justify;\">\u201cLa verdad es que, obtener una beca, independiente del valor monetario, permite dar mayor motivaci\u00f3n a lo que uno est\u00e1 practicando d\u00eda a d\u00eda, con la idea de representar a Chile Chico y seguir en la misma. As\u00ed es que, muchas gracias a la Municipalidad de Chile Chico por esta nueva oportunidad, de tener un beneficio que no me lo esperaba\u201d.<\/p>\n<p style=\"text-align: justify;\">Mauricio Herrera, tambi\u00e9n obtuvo la Beca Deportiva Municipal y es dirigente del Club de Ciclismo Lago General Carrera y activo participante en diversas competencias de esta disciplina, promoviendo permanentemente el deporte y el desarrollo de actividad f\u00edsica.<\/p>\n<p style=\"text-align: justify;\">\u201cEstamos muy contentos porque dos integrantes del club sacamos esta beca y esto tambi\u00e9n va ayudar para que impulsemos un poco m\u00e1s el ciclismo y ayudemos a nuestros compa\u00f1eros tambi\u00e9n. No solo la beca es para nosotros, sino que es para ayudar a nuestros compa\u00f1eros, as\u00ed es que, agradecido de la Municipalidad que est\u00e1 entregando esta beca y realmente es la \u00fanica Municipalidad que la est\u00e1 otorgando a nivel regional, as\u00ed es que, estamos agradecidos de ser beneficiados\u201d.<\/p>\n<p style=\"text-align: justify;\">Otro de los deportistas que ha destacado en diversas competencias es, Patricio Garnica, quien agradeci\u00f3 este respaldo de la Municipalidad hacia el deporte.<\/p>\n<p style=\"text-align: justify;\">\u201cBastante satisfecho, esto es una peque\u00f1a ayuda para poder seguir practicando nuestro deporte, que en realidad lleva un amplio rango de inversi\u00f3n para poder realizarlo y esta ayuda nos va bien, no solamente a m\u00ed, sino que tambi\u00e9n a todos los que la ganaron. Y este a\u00f1o me voy a proponer representar de la mejor manera en competencias nacionales el nombre de Chile Chico, as\u00ed es que, es el objetivo de parte m\u00eda y tambi\u00e9n de Sebasti\u00e1n, con quien estamos tratando de llegar al mejor nivel en mountain bike\u201d.<\/p>\n<p style=\"text-align: justify;\">Alonso Mendoza, Sebasti\u00e1n Andrade, Mauricio Herrera, Paola Oyarz\u00fan, Patricio Garnica, Jessica Mayorga, Mat\u00edas Urra, Jorge Pe\u00f1a, Felipe Morales y Daniela Aguilar, son quienes postularon y tras el proceso de revisi\u00f3n de antecedentes, fueron los seleccionados para adjudicarse la Beca Deportiva Municipal.<\/p>\n<\/div><\/section><\/div><div  style='height:50px' class='hr hr-invisible   avia-builder-el-6  el_after_av_one_full  el_before_av_social_share '><span class='hr-inner ' ><span class='hr-inner-style'><\/span><\/span><\/div><\/p>\n<div  class='av-social-sharing-box  avia-builder-el-7  el_after_av_hr  el_before_av_hr  '><div class='av-share-box'><h5 class='av-share-link-description av-no-toc '>Compartir esta noticia<\/h5><ul class='av-share-box-list noLightbox'><li class='av-share-link av-social-link-facebook' ><a target=\"_blank\" aria-label=\"Compartir en Facebook\" href='https:\/\/www.facebook.com\/sharer.php?u=https:\/\/radiorevelacionfm.cl\/?p=2985&#038;t=Destacados%20deportistas%20de%20diversas%20disciplinas%20reciben%20beca%20deportiva%20en%20Chile%20Chico' aria-hidden='false' data-av_icon='\ue8f3' data-av_iconfont='entypo-fontello' title='' data-avia-related-tooltip='Compartir en Facebook' rel=\"noopener\"><span class='avia_hidden_link_text'>Compartir en Facebook<\/span><\/a><\/li><li class='av-share-link av-social-link-twitter' ><a target=\"_blank\" aria-label=\"Compartir en Twitter\" href='https:\/\/twitter.com\/share?text=Destacados%20deportistas%20de%20diversas%20disciplinas%20reciben%20beca%20deportiva%20en%20Chile%20Chico&#038;url=https:\/\/radiorevelacionfm.cl\/?p=2985' aria-hidden='false' data-av_icon='\ue8f1' data-av_iconfont='entypo-fontello' title='' data-avia-related-tooltip='Compartir en Twitter' rel=\"noopener\"><span class='avia_hidden_link_text'>Compartir en Twitter<\/span><\/a><\/li><li class='av-share-link av-social-link-whatsapp' ><a target=\"_blank\" aria-label=\"Compartir en Whatsapp\" href='https:\/\/api.whatsapp.com\/send?text=https:\/\/radiorevelacionfm.cl\/?p=2985' aria-hidden='false' data-av_icon='\uf232' data-av_iconfont='entypo-fontello' title='' data-avia-related-tooltip='Compartir en Whatsapp' rel=\"noopener\"><span class='avia_hidden_link_text'>Compartir en Whatsapp<\/span><\/a><\/li><li class='av-share-link av-social-link-linkedin' ><a target=\"_blank\" aria-label=\"Compartir en LinkedIn\" href='https:\/\/linkedin.com\/shareArticle?mini=true&#038;title=Destacados%20deportistas%20de%20diversas%20disciplinas%20reciben%20beca%20deportiva%20en%20Chile%20Chico&#038;url=https:\/\/radiorevelacionfm.cl\/?p=2985' aria-hidden='false' data-av_icon='\ue8fc' data-av_iconfont='entypo-fontello' title='' data-avia-related-tooltip='Compartir en LinkedIn' rel=\"noopener\"><span class='avia_hidden_link_text'>Compartir en LinkedIn<\/span><\/a><\/li><li class='av-share-link av-social-link-mail' ><a  aria-label=\"Compartir por correo\" href='mailto:?subject=Destacados%20deportistas%20de%20diversas%20disciplinas%20reciben%20beca%20deportiva%20en%20Chile%20Chico&#038;body=https:\/\/radiorevelacionfm.cl\/?p=2985' aria-hidden='false' data-av_icon='\ue805' data-av_iconfont='entypo-fontello' title='' data-avia-related-tooltip='Compartir por correo'><span class='avia_hidden_link_text'>Compartir por correo<\/span><\/a><\/li><\/ul><\/div><\/div>\n<div  style='height:50px' class='hr hr-invisible   avia-builder-el-8  el_after_av_social_share  el_before_av_comments_list '><span class='hr-inner ' ><span class='hr-inner-style'><\/span><\/span><\/div>\n<div  class='av-buildercomment  av-blog-meta-html-info-disabled av-blog-meta-tag-disabled  '><\/div>\n","protected":false},"excerpt":{"rendered":"","protected":false},"author":1,"featured_media":0,"comment_status":"open","ping_status":"open","sticky":false,"template":"","format":"standard","meta":{"footnotes":""},"categories":[40],"tags":[],"class_list":["post-2985","post","type-post","status-publish","format-standard","hentry","category-deportes"],"jetpack_featured_media_url":"","_links":{"self":[{"href":"https:\/\/radiorevelacionfm.cl\/index.php?rest_route=\/wp\/v2\/posts\/2985","targetHints":{"allow":["GET"]}}],"collection":[{"href":"https:\/\/radiorevelacionfm.cl\/index.php?rest_route=\/wp\/v2\/posts"}],"about":[{"href":"https:\/\/radiorevelacionfm.cl\/index.php?rest_route=\/wp\/v2\/types\/post"}],"author":[{"embeddable":true,"href":"https:\/\/radiorevelacionfm.cl\/index.php?rest_route=\/wp\/v2\/users\/1"}],"replies":[{"embeddable":true,"href":"https:\/\/radiorevelacionfm.cl\/index.php?rest_route=%2Fwp%2Fv2%2Fcomments&post=2985"}],"version-history":[{"count":1,"href":"https:\/\/radiorevelacionfm.cl\/index.php?rest_route=\/wp\/v2\/posts\/2985\/revisions"}],"predecessor-version":[{"id":2987,"href":"https:\/\/radiorevelacionfm.cl\/index.php?rest_route=\/wp\/v2\/posts\/2985\/revisions\/2987"}],"wp:attachment":[{"href":"https:\/\/radiorevelacionfm.cl\/index.php?rest_route=%2Fwp%2Fv2%2Fmedia&parent=2985"}],"wp:term":[{"taxonomy":"category","embeddable":true,"href":"https:\/\/radiorevelacionfm.cl\/index.php?rest_route=%2Fwp%2Fv2%2Fcategories&post=2985"},{"taxonomy":"post_tag","embeddable":true,"href":"https:\/\/radiorevelacionfm.cl\/index.php?rest_route=%2Fwp%2Fv2%2Ftags&post=2985"}],"curies":[{"name":"wp","href":"https:\/\/api.w.org\/{rel}","templated":true}]}}