{"id":29844,"date":"2023-04-09T16:08:26","date_gmt":"2023-04-09T19:08:26","guid":{"rendered":"https:\/\/radiorevelacionfm.cl\/?p=29844"},"modified":"2023-04-09T16:08:26","modified_gmt":"2023-04-09T19:08:26","slug":"con-placa-de-memoria-en-ex-guarderia-la-paz-gobierno-reconoce-labor-de-comunidades-de-fe-durante-la-dictadura","status":"publish","type":"post","link":"https:\/\/radiorevelacionfm.cl\/?p=29844","title":{"rendered":"Con Placa de Memoria en ex Guarder\u00eda La Paz, Gobierno reconoce labor de comunidades de fe durante la dictadura"},"content":{"rendered":"<div class=\"flex_column av_one_full  flex_column_div av-zero-column-padding first  avia-builder-el-0  el_before_av_one_full  avia-builder-el-first  \" style='border-radius:0px; '><div  class='avia-image-container  av-styling-    avia-builder-el-1  avia-builder-el-no-sibling  avia-align-center '  itemprop=\"image\" itemscope=\"itemscope\" itemtype=\"https:\/\/schema.org\/ImageObject\"  ><div class='avia-image-container-inner'><div class='avia-image-overlay-wrap'><img decoding=\"async\" class='wp-image-29845 avia-img-lazy-loading-not-29845 avia_image' src=\"https:\/\/radiorevelacionfm.cl\/wp-content\/uploads\/2023\/04\/whatsapp-image-2023-04-06-at-12_optimized.51.59-1.jpeg\" alt='' title='whatsapp-image-2023-04-06-at-12_optimized.51.59-(1)' height=\"600\" width=\"1067\"  itemprop=\"thumbnailUrl\" srcset=\"https:\/\/radiorevelacionfm.cl\/wp-content\/uploads\/2023\/04\/whatsapp-image-2023-04-06-at-12_optimized.51.59-1.jpeg 1067w, https:\/\/radiorevelacionfm.cl\/wp-content\/uploads\/2023\/04\/whatsapp-image-2023-04-06-at-12_optimized.51.59-1-300x169.jpeg 300w, https:\/\/radiorevelacionfm.cl\/wp-content\/uploads\/2023\/04\/whatsapp-image-2023-04-06-at-12_optimized.51.59-1-1030x579.jpeg 1030w, https:\/\/radiorevelacionfm.cl\/wp-content\/uploads\/2023\/04\/whatsapp-image-2023-04-06-at-12_optimized.51.59-1-768x432.jpeg 768w, https:\/\/radiorevelacionfm.cl\/wp-content\/uploads\/2023\/04\/whatsapp-image-2023-04-06-at-12_optimized.51.59-1-705x396.jpeg 705w, https:\/\/radiorevelacionfm.cl\/wp-content\/uploads\/2023\/04\/whatsapp-image-2023-04-06-at-12_optimized.51.59-1-450x253.jpeg 450w, https:\/\/radiorevelacionfm.cl\/wp-content\/uploads\/2023\/04\/whatsapp-image-2023-04-06-at-12_optimized.51.59-1-600x337.jpeg 600w\" sizes=\"(max-width: 1067px) 100vw, 1067px\" \/><\/div><\/div><\/div><\/div><div class=\"flex_column av_one_full  flex_column_div av-zero-column-padding first  avia-builder-el-2  el_after_av_one_full  el_before_av_one_full  column-top-margin\" style='border-radius:0px; '><section class=\"av_textblock_section \"  itemscope=\"itemscope\" itemtype=\"https:\/\/schema.org\/BlogPosting\" itemprop=\"blogPost\" ><div class='avia_textblock  '   itemprop=\"text\" ><p style=\"text-align: center;\"><strong><span style=\"font-size: 18pt;\">Con Placa de Memoria en ex Guarder\u00eda La Paz, Gobierno reconoce labor de comunidades de fe durante la dictadura<\/span><\/strong><\/p>\n<div id=\"gtx-trans\" style=\"position: absolute; left: -50px; top: 4.31534px;\">\n<div class=\"gtx-trans-icon\"><\/div>\n<\/div>\n<\/div><\/section><\/div><div class=\"flex_column av_one_full  flex_column_div av-zero-column-padding first  avia-builder-el-4  el_after_av_one_full  el_before_av_hr  column-top-margin\" style='border-radius:0px; '><section class=\"av_textblock_section \"  itemscope=\"itemscope\" itemtype=\"https:\/\/schema.org\/BlogPosting\" itemprop=\"blogPost\" ><div class='avia_textblock  '   itemprop=\"text\" ><p style=\"font-weight: 400; text-align: justify;\">Entre dos poblaciones emblem\u00e1ticas de Coyhaique, Bernardo O\u2019Higgins y V\u00edctor Domingo Silva, se instal\u00f3 durante los primeros a\u00f1os de la d\u00e9cada del 70 la Guarder\u00eda La Paz, un espacio autogestionado por vecinas, con acompa\u00f1amiento de la iglesia -propietaria del inmueble-, la Pastoral Social del Vicariato Apost\u00f3lico de Ays\u00e9n, FUNDA y C\u00e1ritas.<\/p>\n<p style=\"font-weight: 400; text-align: justify;\">En el frontis del establecimiento situado en calle Las Lumas esquina Las Lengas, se descubri\u00f3 este jueves una placa de memoria en reconocimiento del Estado a las comunidades de fe, en su rol de defensa a los derechos humanos durante la dictadura c\u00edvico militar.<\/p>\n<p style=\"font-weight: 400; text-align: justify;\">El Delegado Presidencial Regional (s), Samuel Navarro, se\u00f1al\u00f3 que la conmemoraci\u00f3n de los 50 a\u00f1os del Golpe de Estado busca reconocer a personas y grupos que han aportado a los derechos humanos y a la memoria.<\/p>\n<p style=\"font-weight: 400; text-align: justify;\">\u201cEn esta oportunidad ac\u00e1 en Coyhaique, el Hogar La Paz sirvi\u00f3 con su Bar L\u00e1cteo, con acciones solidarias, con autogesti\u00f3n, con el apoyo de la Iglesia Cat\u00f3lica y el Vicariato Apost\u00f3lico de Ays\u00e9n, hemos cre\u00eddo que es noble y es una vuelta de mano reconocer su participaci\u00f3n, su actuaci\u00f3n, en esta conmemoraci\u00f3n que estamos haciendo en torno a toda la actividad de memoria, democracia y futuro, que estamos trabajando en torno a los 50 a\u00f1os del golpe de Estado\u201d, se\u00f1al\u00f3.<\/p>\n<p style=\"font-weight: 400; text-align: justify;\">Entre las personas que se desempe\u00f1aron en la ex guarder\u00eda La Paz, Flor Quiroz, rememor\u00f3 parte de esta historia comunitaria, marcada por el rol del fallecido sacerdote Bruno Predonzanni de la Orden Siervos de Mar\u00eda, y madre Amadora Pe\u00f1a, Sierva de San Jos\u00e9.<\/p>\n<p style=\"font-weight: 400; text-align: justify;\">\u201cLas mujeres y hombres de estos sectores poblacionales se pon\u00edan de pie y, desde un sentido profundamente comunitario y solidario, nos pod\u00edamos poner de pie con ellos. Aprend\u00ed que no se puede evangelizar sin la gente, encarnar el evangelio es estar con la gente, en medio de la gente, crecer con ellos, aprender con ellos y a luchar, porque fui parte tambi\u00e9n de una lucha a la vuelta de la democracia, que nos gener\u00f3 mucha alegr\u00eda, pero tambi\u00e9n desaf\u00edos para la protecci\u00f3n social de las personas; y agradecer al padre Bruno, que fue un gran pastor, generoso, solidario, abierto a toda persona humana\u201d, record\u00f3.<\/p>\n<p style=\"font-weight: 400; text-align: justify;\">El obispo vicario apost\u00f3lico, Luis Infanti, reafirm\u00f3 la importancia de esta labor. \u201cDestacar toda una labor importante, capitaneada por la madre Amadora Pe\u00f1a y el padre Bruno Predonzanni; yo mismo, siendo m\u00e1s joven, participaba aqu\u00ed en el a\u00f1o 74, ayudando a hacer crecer a esta poblaci\u00f3n naciente. Este fue un lugar donde la Iglesia de Ays\u00e9n quiso simbolizar la paz, un desaf\u00edo de a\u00f1os atr\u00e1s y que sigue vigente. La paz es una tarea de cada d\u00eda y este lugar ten\u00eda esa finalidad, crear conciencia de la importancia de la paz y por eso creo que es bueno no solo agradecer y felicitar, sino tambi\u00e9n renovar el compromiso de construir paz en nuestro pueblo hoy d\u00eda\u201d, afirm\u00f3.<\/p>\n<p style=\"font-weight: 400; text-align: justify;\">En la ceremonia participaron tambi\u00e9n los seremis de Gobierno, Tatiana Pl\u00e1, y de las Culturas, las Artes y el Patrimonio, Felipe Quiroz, dirigentes de agrupaciones de derechos humanos y vecinas y vecinos del sector.<\/p>\n<p style=\"font-weight: 400; text-align: justify;\">\u201cNosotros como Estado y como gobierno estamos mandatados a instar a la reflexi\u00f3n sobre la importancia de revisitar esta memoria y estas historias, porque solo con ellas generamos instancias y garant\u00edas de que no se van a repetir violaciones de los derechos humanos. Este tipo de hito tambi\u00e9n viene en sinton\u00eda con ello\u201d, concluy\u00f3 Felipe Quiroz.<\/p>\n<p style=\"font-weight: 400; text-align: justify;\">El pasado fin de semana el Gobierno present\u00f3 el sello que conmemora los 50 a\u00f1os del golpe de Estado, que busca significar las m\u00faltiples memorias llamadas a construir un futuro com\u00fan.<\/p>\n<\/div><\/section><\/div><div  style='height:50px' class='hr hr-invisible   avia-builder-el-6  el_after_av_one_full  el_before_av_social_share '><span class='hr-inner ' ><span class='hr-inner-style'><\/span><\/span><\/div><\/p>\n<div  class='av-social-sharing-box  avia-builder-el-7  el_after_av_hr  el_before_av_hr  '><div class='av-share-box'><h5 class='av-share-link-description av-no-toc '>Compartir esta noticia<\/h5><ul class='av-share-box-list noLightbox'><li class='av-share-link av-social-link-facebook' ><a target=\"_blank\" aria-label=\"Compartir en Facebook\" href='https:\/\/www.facebook.com\/sharer.php?u=https:\/\/radiorevelacionfm.cl\/?p=29844&#038;t=Con%20Placa%20de%20Memoria%20en%20ex%20Guarder%C3%ADa%20La%20Paz%2C%20Gobierno%20reconoce%20labor%20de%20comunidades%20de%20fe%20durante%20la%20dictadura' aria-hidden='false' data-av_icon='\ue8f3' data-av_iconfont='entypo-fontello' title='' data-avia-related-tooltip='Compartir en Facebook' rel=\"noopener\"><span class='avia_hidden_link_text'>Compartir en Facebook<\/span><\/a><\/li><li class='av-share-link av-social-link-twitter' ><a target=\"_blank\" aria-label=\"Compartir en Twitter\" href='https:\/\/twitter.com\/share?text=Con%20Placa%20de%20Memoria%20en%20ex%20Guarder%C3%ADa%20La%20Paz%2C%20Gobierno%20reconoce%20labor%20de%20comunidades%20de%20fe%20durante%20la%20dictadura&#038;url=https:\/\/radiorevelacionfm.cl\/?p=29844' aria-hidden='false' data-av_icon='\ue8f1' data-av_iconfont='entypo-fontello' title='' data-avia-related-tooltip='Compartir en Twitter' rel=\"noopener\"><span class='avia_hidden_link_text'>Compartir en Twitter<\/span><\/a><\/li><li class='av-share-link av-social-link-whatsapp' ><a target=\"_blank\" aria-label=\"Compartir en Whatsapp\" href='https:\/\/api.whatsapp.com\/send?text=https:\/\/radiorevelacionfm.cl\/?p=29844' aria-hidden='false' data-av_icon='\uf232' data-av_iconfont='entypo-fontello' title='' data-avia-related-tooltip='Compartir en Whatsapp' rel=\"noopener\"><span class='avia_hidden_link_text'>Compartir en Whatsapp<\/span><\/a><\/li><li class='av-share-link av-social-link-linkedin' ><a target=\"_blank\" aria-label=\"Compartir en LinkedIn\" href='https:\/\/linkedin.com\/shareArticle?mini=true&#038;title=Con%20Placa%20de%20Memoria%20en%20ex%20Guarder%C3%ADa%20La%20Paz%2C%20Gobierno%20reconoce%20labor%20de%20comunidades%20de%20fe%20durante%20la%20dictadura&#038;url=https:\/\/radiorevelacionfm.cl\/?p=29844' aria-hidden='false' data-av_icon='\ue8fc' data-av_iconfont='entypo-fontello' title='' data-avia-related-tooltip='Compartir en LinkedIn' rel=\"noopener\"><span class='avia_hidden_link_text'>Compartir en LinkedIn<\/span><\/a><\/li><li class='av-share-link av-social-link-mail' ><a  aria-label=\"Compartir por correo\" href='mailto:?subject=Con%20Placa%20de%20Memoria%20en%20ex%20Guarder%C3%ADa%20La%20Paz%2C%20Gobierno%20reconoce%20labor%20de%20comunidades%20de%20fe%20durante%20la%20dictadura&#038;body=https:\/\/radiorevelacionfm.cl\/?p=29844' aria-hidden='false' data-av_icon='\ue805' data-av_iconfont='entypo-fontello' title='' data-avia-related-tooltip='Compartir por correo'><span class='avia_hidden_link_text'>Compartir por correo<\/span><\/a><\/li><\/ul><\/div><\/div>\n<div  style='height:50px' class='hr hr-invisible   avia-builder-el-8  el_after_av_social_share  el_before_av_comments_list '><span class='hr-inner ' ><span class='hr-inner-style'><\/span><\/span><\/div>\n<div  class='av-buildercomment  av-blog-meta-html-info-disabled av-blog-meta-tag-disabled  '><\/div>\n","protected":false},"excerpt":{"rendered":"","protected":false},"author":1,"featured_media":29845,"comment_status":"open","ping_status":"open","sticky":false,"template":"","format":"standard","meta":{"footnotes":""},"categories":[38],"tags":[],"class_list":["post-29844","post","type-post","status-publish","format-standard","has-post-thumbnail","hentry","category-regional"],"jetpack_featured_media_url":"https:\/\/radiorevelacionfm.cl\/wp-content\/uploads\/2023\/04\/whatsapp-image-2023-04-06-at-12_optimized.51.59-1.jpeg","_links":{"self":[{"href":"https:\/\/radiorevelacionfm.cl\/index.php?rest_route=\/wp\/v2\/posts\/29844","targetHints":{"allow":["GET"]}}],"collection":[{"href":"https:\/\/radiorevelacionfm.cl\/index.php?rest_route=\/wp\/v2\/posts"}],"about":[{"href":"https:\/\/radiorevelacionfm.cl\/index.php?rest_route=\/wp\/v2\/types\/post"}],"author":[{"embeddable":true,"href":"https:\/\/radiorevelacionfm.cl\/index.php?rest_route=\/wp\/v2\/users\/1"}],"replies":[{"embeddable":true,"href":"https:\/\/radiorevelacionfm.cl\/index.php?rest_route=%2Fwp%2Fv2%2Fcomments&post=29844"}],"version-history":[{"count":1,"href":"https:\/\/radiorevelacionfm.cl\/index.php?rest_route=\/wp\/v2\/posts\/29844\/revisions"}],"predecessor-version":[{"id":29846,"href":"https:\/\/radiorevelacionfm.cl\/index.php?rest_route=\/wp\/v2\/posts\/29844\/revisions\/29846"}],"wp:featuredmedia":[{"embeddable":true,"href":"https:\/\/radiorevelacionfm.cl\/index.php?rest_route=\/wp\/v2\/media\/29845"}],"wp:attachment":[{"href":"https:\/\/radiorevelacionfm.cl\/index.php?rest_route=%2Fwp%2Fv2%2Fmedia&parent=29844"}],"wp:term":[{"taxonomy":"category","embeddable":true,"href":"https:\/\/radiorevelacionfm.cl\/index.php?rest_route=%2Fwp%2Fv2%2Fcategories&post=29844"},{"taxonomy":"post_tag","embeddable":true,"href":"https:\/\/radiorevelacionfm.cl\/index.php?rest_route=%2Fwp%2Fv2%2Ftags&post=29844"}],"curies":[{"name":"wp","href":"https:\/\/api.w.org\/{rel}","templated":true}]}}