{"id":29840,"date":"2023-04-06T18:16:29","date_gmt":"2023-04-06T21:16:29","guid":{"rendered":"https:\/\/radiorevelacionfm.cl\/?p=29840"},"modified":"2023-04-06T18:16:29","modified_gmt":"2023-04-06T21:16:29","slug":"refuerzan-controles-y-medidas-preventivas-para-evitar-intoxicaciones-por-mariscos-en-semana-santa","status":"publish","type":"post","link":"https:\/\/radiorevelacionfm.cl\/?p=29840","title":{"rendered":"Refuerzan controles y medidas preventivas para evitar intoxicaciones por mariscos en Semana Santa"},"content":{"rendered":"<div class=\"flex_column av_one_full  flex_column_div av-zero-column-padding first  avia-builder-el-0  el_before_av_one_full  avia-builder-el-first  \" style='border-radius:0px; '><div  class='avia-image-container  av-styling-    avia-builder-el-1  avia-builder-el-no-sibling  avia-align-center '  itemprop=\"image\" itemscope=\"itemscope\" itemtype=\"https:\/\/schema.org\/ImageObject\"  ><div class='avia-image-container-inner'><div class='avia-image-overlay-wrap'><img decoding=\"async\" class='wp-image-29841 avia-img-lazy-loading-not-29841 avia_image' src=\"https:\/\/radiorevelacionfm.cl\/wp-content\/uploads\/2023\/04\/fiscalizacion-carretera-1-1.jpeg\" alt='' title='fiscalizaci\u00f3n carretera (1) (1)' height=\"600\" width=\"800\"  itemprop=\"thumbnailUrl\" srcset=\"https:\/\/radiorevelacionfm.cl\/wp-content\/uploads\/2023\/04\/fiscalizacion-carretera-1-1.jpeg 800w, https:\/\/radiorevelacionfm.cl\/wp-content\/uploads\/2023\/04\/fiscalizacion-carretera-1-1-300x225.jpeg 300w, https:\/\/radiorevelacionfm.cl\/wp-content\/uploads\/2023\/04\/fiscalizacion-carretera-1-1-768x576.jpeg 768w, https:\/\/radiorevelacionfm.cl\/wp-content\/uploads\/2023\/04\/fiscalizacion-carretera-1-1-705x529.jpeg 705w, https:\/\/radiorevelacionfm.cl\/wp-content\/uploads\/2023\/04\/fiscalizacion-carretera-1-1-450x338.jpeg 450w, https:\/\/radiorevelacionfm.cl\/wp-content\/uploads\/2023\/04\/fiscalizacion-carretera-1-1-600x450.jpeg 600w\" sizes=\"(max-width: 800px) 100vw, 800px\" \/><\/div><\/div><\/div><\/div>\n<div class=\"flex_column av_one_full  flex_column_div av-zero-column-padding first  avia-builder-el-2  el_after_av_one_full  el_before_av_one_full  column-top-margin\" style='border-radius:0px; '><section class=\"av_textblock_section \"  itemscope=\"itemscope\" itemtype=\"https:\/\/schema.org\/BlogPosting\" itemprop=\"blogPost\" ><div class='avia_textblock  '   itemprop=\"text\" ><p style=\"text-align: center;\"><strong><span style=\"font-size: 18pt;\">Refuerzan controles y medidas preventivas para evitar intoxicaciones por mariscos en Semana Santa <\/span><\/strong><\/p>\n<div id=\"gtx-trans\" style=\"position: absolute; left: -50px; top: 4.31534px;\">\n<div class=\"gtx-trans-icon\"><\/div>\n<\/div>\n<\/div><\/section><\/div><div class=\"flex_column av_one_full  flex_column_div av-zero-column-padding first  avia-builder-el-4  el_after_av_one_full  el_before_av_hr  column-top-margin\" style='border-radius:0px; '><section class=\"av_textblock_section \"  itemscope=\"itemscope\" itemtype=\"https:\/\/schema.org\/BlogPosting\" itemprop=\"blogPost\" ><div class='avia_textblock  '   itemprop=\"text\" ><p style=\"text-align: justify;\"><em>Adportas de Semana Santa, per\u00edodo en el que aumenta el consumo de mariscos en la poblaci\u00f3n, la Seremi de Salud junto a integrantes del Comit\u00e9 Regional de Marea Roja estar\u00e1n desarrollando diversos controles preventivos para fiscalizar y educar a la comunidad sobre el consumo responsable de productos marinos.<\/em><\/p>\n<p style=\"text-align: justify;\">A trav\u00e9s de controles carreteros, fiscalizaciones en puertos y zonas del litoral, el Comit\u00e9 Regional de Marea Roja se encuentra desarrollando acciones preventivas a lo largo de toda la regi\u00f3n de Ays\u00e9n, con la finalidad de evitar el comercio ilegal de productos marinos que no cuenten con la autorizaci\u00f3n sanitaria para su comercializaci\u00f3n, resguardando as\u00ed la salud de las comunidades frente a la Marea Roja.<\/p>\n<p style=\"text-align: justify;\">As\u00ed lo detall\u00f3 la Seremi de Salud Ays\u00e9n, Carmen Monsalve G\u00f3mez, durante un control carretero efectuado junto a Carabineros y el Servicio Nacional de Pesca y Acuicultura (SERNAPESCA). \u201cNos encontramos en una acci\u00f3n de coordinaci\u00f3n con Carabineros, SERNAPESCA y funcionarios fiscalizadores de la Autoridad Sanitaria, para poder hacer control en ruta y educaci\u00f3n respecto del consumo seguro de mariscos, y evitar enfermarnos o intoxicarnos con mariscos contaminados con Marea Roja.\u00a0 El llamado es a que las personas puedan acceder a productos marinos en lugares establecidos y evitar adquirirlos en el comercio ilegal porque podemos estar enfrent\u00e1ndonos a un riesgo para la salud, la Marea Roja es una enfermedad que puede causar la muerte, la medida m\u00e1s importante es ser responsable al momento de decidir d\u00f3nde compro y c\u00f3mo consumo los alimentos\u201d.<\/p>\n<p style=\"text-align: justify;\">Labores de control y fiscalizaci\u00f3n que tambi\u00e9n se est\u00e1n desarrollando en zonas del litoral, como lo explic\u00f3 el Jefe de Fiscalizaci\u00f3n de SERNAPESCA, Juan Carlos Orellana Torres.\u00a0 \u201cNosotros desde comienzo del mes de marzo hemos estado desplegados en todo el territorio, junto con la Autoridad Mar\u00edtima hemos hecho controles en lugares de extracci\u00f3n y zonas de pesca, principalmente para poder verificar el cumplimiento de la normativa pesquera en t\u00e9rminos de la extracci\u00f3n de los recursos, tambi\u00e9n participando en controles carreteros y todo lo que tiene que ver con los puntos de desembarques, donde hemos podido verificar que se cumpla la normativa pesquera y sanitaria\u201d.<\/p>\n<p style=\"text-align: justify;\">Por su parte, el Subprefecto de los Servicios de la Prefectura de Carabineros Ays\u00e9n, Teniente Coronel Cristian Morgenstern Herrera, se\u00f1al\u00f3 que estos controles se mantendr\u00e1n durante estos d\u00edas para reforzar medidas de resguardo sanitario y policial.\u00a0 \u201cDesde el d\u00eda 29 de marzo estamos realizando este tipo de fiscalizaciones, creemos necesario reforzar el consumo responsable de mariscos porque este fin de semana es especial, donde el a\u00f1o pasado en esta misma fecha junto a Salud y SERNAPESCA \u00a0realizamos una cantidad superior a los 2 mil controles vehiculares donde se cursaron infracciones al tr\u00e1nsito, productos de estas fiscalizaciones que se realizan en distintos puntos de la regi\u00f3n, por lo que junto al llamado a consumir productos en lugares que est\u00e9n certificados, tambi\u00e9n reforzamos medidas preventivas para evitar la ocurrencia de accidentes de tr\u00e1nsito\u201d.<\/p>\n<p style=\"text-align: justify;\">Finalmente, cabe reiterar que los organismos que integran el Comit\u00e9 Regional de Marea Roja, como la Armada de Chile, Carabineros, Aduanas, SERNAPESCA y Salud, entre otros, continuar\u00e1n redoblando sus fiscalizaciones durante los pr\u00f3ximos d\u00edas con la finalidad de prevenir intoxicaciones por Marea Roja, alimentos en mal estado y el comercio irregular de productos marinos.<\/p>\n<p style=\"text-align: justify;\">Medidas Preventivas<\/p>\n<ul>\n<li style=\"text-align: justify;\">Compra mariscos y productos del mar en locales establecidos, que cuenten con autorizaci\u00f3n sanitaria a la vista.<\/li>\n<li style=\"text-align: justify;\">No adquieras mariscos en el comercio informal.<\/li>\n<li style=\"text-align: justify;\">Las toxinas de Marea Roja no se eliminan con la cocci\u00f3n de los mariscos.<\/li>\n<li style=\"text-align: justify;\">En caso de na\u00faseas, dolores estomacales y musculares, tras consumir mariscos. Acude a un centro de salud para evaluaci\u00f3n m\u00e9dica.<\/li>\n<\/ul>\n<\/div><\/section><\/div><\/p>\n<div  style='height:50px' class='hr hr-invisible   avia-builder-el-6  el_after_av_one_full  el_before_av_social_share '><span class='hr-inner ' ><span class='hr-inner-style'><\/span><\/span><\/div>\n<div  class='av-social-sharing-box  avia-builder-el-7  el_after_av_hr  el_before_av_hr  '><div class='av-share-box'><h5 class='av-share-link-description av-no-toc '>Compartir esta noticia<\/h5><ul class='av-share-box-list noLightbox'><li class='av-share-link av-social-link-facebook' ><a target=\"_blank\" aria-label=\"Compartir en Facebook\" href='https:\/\/www.facebook.com\/sharer.php?u=https:\/\/radiorevelacionfm.cl\/?p=29840&#038;t=Refuerzan%20controles%20y%20medidas%20preventivas%20para%20evitar%20intoxicaciones%20por%20mariscos%20en%20Semana%20Santa' aria-hidden='false' data-av_icon='\ue8f3' data-av_iconfont='entypo-fontello' title='' data-avia-related-tooltip='Compartir en Facebook' rel=\"noopener\"><span class='avia_hidden_link_text'>Compartir en Facebook<\/span><\/a><\/li><li class='av-share-link av-social-link-twitter' ><a target=\"_blank\" aria-label=\"Compartir en Twitter\" href='https:\/\/twitter.com\/share?text=Refuerzan%20controles%20y%20medidas%20preventivas%20para%20evitar%20intoxicaciones%20por%20mariscos%20en%20Semana%20Santa&#038;url=https:\/\/radiorevelacionfm.cl\/?p=29840' aria-hidden='false' data-av_icon='\ue8f1' data-av_iconfont='entypo-fontello' title='' data-avia-related-tooltip='Compartir en Twitter' rel=\"noopener\"><span class='avia_hidden_link_text'>Compartir en Twitter<\/span><\/a><\/li><li class='av-share-link av-social-link-whatsapp' ><a target=\"_blank\" aria-label=\"Compartir en Whatsapp\" href='https:\/\/api.whatsapp.com\/send?text=https:\/\/radiorevelacionfm.cl\/?p=29840' aria-hidden='false' data-av_icon='\uf232' data-av_iconfont='entypo-fontello' title='' data-avia-related-tooltip='Compartir en Whatsapp' rel=\"noopener\"><span class='avia_hidden_link_text'>Compartir en Whatsapp<\/span><\/a><\/li><li class='av-share-link av-social-link-linkedin' ><a target=\"_blank\" aria-label=\"Compartir en LinkedIn\" href='https:\/\/linkedin.com\/shareArticle?mini=true&#038;title=Refuerzan%20controles%20y%20medidas%20preventivas%20para%20evitar%20intoxicaciones%20por%20mariscos%20en%20Semana%20Santa&#038;url=https:\/\/radiorevelacionfm.cl\/?p=29840' aria-hidden='false' data-av_icon='\ue8fc' data-av_iconfont='entypo-fontello' title='' data-avia-related-tooltip='Compartir en LinkedIn' rel=\"noopener\"><span class='avia_hidden_link_text'>Compartir en LinkedIn<\/span><\/a><\/li><li class='av-share-link av-social-link-mail' ><a  aria-label=\"Compartir por correo\" href='mailto:?subject=Refuerzan%20controles%20y%20medidas%20preventivas%20para%20evitar%20intoxicaciones%20por%20mariscos%20en%20Semana%20Santa&#038;body=https:\/\/radiorevelacionfm.cl\/?p=29840' aria-hidden='false' data-av_icon='\ue805' data-av_iconfont='entypo-fontello' title='' data-avia-related-tooltip='Compartir por correo'><span class='avia_hidden_link_text'>Compartir por correo<\/span><\/a><\/li><\/ul><\/div><\/div>\n<div  style='height:50px' class='hr hr-invisible   avia-builder-el-8  el_after_av_social_share  el_before_av_comments_list '><span class='hr-inner ' ><span class='hr-inner-style'><\/span><\/span><\/div>\n<div  class='av-buildercomment  av-blog-meta-html-info-disabled av-blog-meta-tag-disabled  '><\/div>\n","protected":false},"excerpt":{"rendered":"","protected":false},"author":1,"featured_media":29841,"comment_status":"open","ping_status":"open","sticky":false,"template":"","format":"standard","meta":{"footnotes":""},"categories":[46],"tags":[],"class_list":["post-29840","post","type-post","status-publish","format-standard","has-post-thumbnail","hentry","category-salud"],"jetpack_featured_media_url":"https:\/\/radiorevelacionfm.cl\/wp-content\/uploads\/2023\/04\/fiscalizacion-carretera-1-1.jpeg","_links":{"self":[{"href":"https:\/\/radiorevelacionfm.cl\/index.php?rest_route=\/wp\/v2\/posts\/29840","targetHints":{"allow":["GET"]}}],"collection":[{"href":"https:\/\/radiorevelacionfm.cl\/index.php?rest_route=\/wp\/v2\/posts"}],"about":[{"href":"https:\/\/radiorevelacionfm.cl\/index.php?rest_route=\/wp\/v2\/types\/post"}],"author":[{"embeddable":true,"href":"https:\/\/radiorevelacionfm.cl\/index.php?rest_route=\/wp\/v2\/users\/1"}],"replies":[{"embeddable":true,"href":"https:\/\/radiorevelacionfm.cl\/index.php?rest_route=%2Fwp%2Fv2%2Fcomments&post=29840"}],"version-history":[{"count":2,"href":"https:\/\/radiorevelacionfm.cl\/index.php?rest_route=\/wp\/v2\/posts\/29840\/revisions"}],"predecessor-version":[{"id":29843,"href":"https:\/\/radiorevelacionfm.cl\/index.php?rest_route=\/wp\/v2\/posts\/29840\/revisions\/29843"}],"wp:featuredmedia":[{"embeddable":true,"href":"https:\/\/radiorevelacionfm.cl\/index.php?rest_route=\/wp\/v2\/media\/29841"}],"wp:attachment":[{"href":"https:\/\/radiorevelacionfm.cl\/index.php?rest_route=%2Fwp%2Fv2%2Fmedia&parent=29840"}],"wp:term":[{"taxonomy":"category","embeddable":true,"href":"https:\/\/radiorevelacionfm.cl\/index.php?rest_route=%2Fwp%2Fv2%2Fcategories&post=29840"},{"taxonomy":"post_tag","embeddable":true,"href":"https:\/\/radiorevelacionfm.cl\/index.php?rest_route=%2Fwp%2Fv2%2Ftags&post=29840"}],"curies":[{"name":"wp","href":"https:\/\/api.w.org\/{rel}","templated":true}]}}