{"id":29835,"date":"2023-04-06T19:42:04","date_gmt":"2023-04-06T22:42:04","guid":{"rendered":"https:\/\/radiorevelacionfm.cl\/?p=29835"},"modified":"2023-04-06T19:42:04","modified_gmt":"2023-04-06T22:42:04","slug":"mop-impulsa-trabajo-enfocado-en-necesidades-de-sectores-rurales","status":"publish","type":"post","link":"https:\/\/radiorevelacionfm.cl\/?p=29835","title":{"rendered":"MOP impulsa trabajo enfocado en necesidades de sectores rurales"},"content":{"rendered":"<div class=\"flex_column av_one_full  flex_column_div av-zero-column-padding first  avia-builder-el-0  el_before_av_one_full  avia-builder-el-first  \" style='border-radius:0px; '><div  class='avia-image-container  av-styling-    avia-builder-el-1  avia-builder-el-no-sibling  avia-align-center '  itemprop=\"image\" itemscope=\"itemscope\" itemtype=\"https:\/\/schema.org\/ImageObject\"  ><div class='avia-image-container-inner'><div class='avia-image-overlay-wrap'><img decoding=\"async\" class='wp-image-29836 avia-img-lazy-loading-not-29836 avia_image' src=\"https:\/\/radiorevelacionfm.cl\/wp-content\/uploads\/2023\/04\/vortega-4-1_optimized.jpg\" alt='' title='vortega-4-(1)_optimized' height=\"600\" width=\"1076\"  itemprop=\"thumbnailUrl\" srcset=\"https:\/\/radiorevelacionfm.cl\/wp-content\/uploads\/2023\/04\/vortega-4-1_optimized.jpg 1076w, https:\/\/radiorevelacionfm.cl\/wp-content\/uploads\/2023\/04\/vortega-4-1_optimized-300x167.jpg 300w, https:\/\/radiorevelacionfm.cl\/wp-content\/uploads\/2023\/04\/vortega-4-1_optimized-1030x574.jpg 1030w, https:\/\/radiorevelacionfm.cl\/wp-content\/uploads\/2023\/04\/vortega-4-1_optimized-768x428.jpg 768w, https:\/\/radiorevelacionfm.cl\/wp-content\/uploads\/2023\/04\/vortega-4-1_optimized-705x393.jpg 705w, https:\/\/radiorevelacionfm.cl\/wp-content\/uploads\/2023\/04\/vortega-4-1_optimized-450x251.jpg 450w, https:\/\/radiorevelacionfm.cl\/wp-content\/uploads\/2023\/04\/vortega-4-1_optimized-600x335.jpg 600w\" sizes=\"(max-width: 1076px) 100vw, 1076px\" \/><\/div><\/div><\/div><\/div><div class=\"flex_column av_one_full  flex_column_div av-zero-column-padding first  avia-builder-el-2  el_after_av_one_full  el_before_av_one_full  column-top-margin\" style='border-radius:0px; '><section class=\"av_textblock_section \"  itemscope=\"itemscope\" itemtype=\"https:\/\/schema.org\/BlogPosting\" itemprop=\"blogPost\" ><div class='avia_textblock  '   itemprop=\"text\" ><p style=\"text-align: center;\"><strong><span style=\"font-size: 18pt;\">MOP impulsa trabajo enfocado en necesidades de sectores rurales<\/span><\/strong><\/p>\n<div id=\"gtx-trans\" style=\"position: absolute; left: -50px; top: 4.31534px;\">\n<div class=\"gtx-trans-icon\"><\/div>\n<\/div>\n<\/div><\/section><\/div><div class=\"flex_column av_one_full  flex_column_div av-zero-column-padding first  avia-builder-el-4  el_after_av_one_full  el_before_av_hr  column-top-margin\" style='border-radius:0px; '><section class=\"av_textblock_section \"  itemscope=\"itemscope\" itemtype=\"https:\/\/schema.org\/BlogPosting\" itemprop=\"blogPost\" ><div class='avia_textblock  '   itemprop=\"text\" ><p style=\"text-align: justify;\">El Secretario Regional Ministerial de Obras P\u00fablicas, Patricio Sanhueza y el Coordinador del Plan Excepcional de Conservaci\u00f3n de Caminos en la regi\u00f3n de Ays\u00e9n (PECCRA) Renzo Sanders, esta semana se reunieron con las vecinas y vecinos de Villa Ortega, Lago Largo, Cerro Rosado y sector El Richard para escuchar sus necesidades y atender requerimientos, estableci\u00e9ndose un dialogo cercano, franco y constructivo en post del bienestar de cada una de las comunidades.<\/p>\n<p style=\"text-align: justify;\">Consultado al respecto, el SEREMI de OOPP coment\u00f3 que como gobierno a trav\u00e9s del Ministerio de Obras P\u00fablicas se est\u00e1 trabajando en forma permanente en lo que ha mandatado el presidente Gabriel Boric, respecto a descentralizar la gesti\u00f3n y centrar esfuerzos en las personas y sus necesidades, \u201cpor eso durante estos d\u00edas hemos estado trabajando directamente con los Alcaldes visit\u00e1ndolos en sus comunas, as\u00ed como tambi\u00e9n hemos establecido di\u00e1logos con diversos gremios, y hoy fuimos a conversar con algunos sectores rurales que son y continuar\u00e1n siendo parte fundamental de nuestra gesti\u00f3n, as\u00ed que seguiremos enfocados \u00a0en estas l\u00edneas de acci\u00f3n y trabajando con diversos sectores\u201d.<\/p>\n<p style=\"text-align: justify;\">Para estos vecinos y vecinas la pavimentaci\u00f3n de la Ruta 7 entre el sector cruce Mano Negra-cruce Alto Baguales (Km 57), el estado del camino El Turbio-Rosado-Lep\u00edn y la instalaci\u00f3n de alcantarillas, as\u00ed como tambi\u00e9n la instalaci\u00f3n del puente mecano sobre el R\u00edo Pedregoso y la conservaci\u00f3n general de los caminos fueron los temas de inter\u00e9s. As\u00ed lo refrend\u00f3 tambi\u00e9n Macarena Aguilar Mu\u00f1oz, presidenta de la Junta de Vecinos N\u00b021 de Villa Ortega, quien junto con agradecer la presencia del SEREMI en la localidad y que recibiera a vecinos de diversos sectores, indic\u00f3 \u201ctodos planteamos nuestras inquietudes acerca de los caminos, de la necesidad de referfilado m\u00e1s frecuente y duradero, as\u00ed como tambi\u00e9n la instalaci\u00f3n de alcantarillas y hartas inquietudes m\u00e1s. Es s\u00faper bueno, que ellos se acerquen y vean las necesidades en terreno. Agradezco al SEREMI que viniera y que nos contara el Plan de contingencia que tiene para este invierno, y este a\u00f1o tener maquinaria que sea destinada para las localidades de distintos sectores, y que tambi\u00e9n nuestras mantenciones sean peri\u00f3dicas, que venga personal nuevo, maquinaria y camionetas nuevas estamos agradecidos por eso y que nos tengan considerados dentro de la comuna de Coyhaique. El SEREMI tambi\u00e9n nos vino a contar acerca del proceso de pavimentaci\u00f3n de la Ruta 7 Norte, entre el cruce Mano Negra-cruce Alto Baguales, el que este a\u00f1o podr\u00eda hacerse la licitaci\u00f3n p\u00fablica con alguna empresa y el pr\u00f3ximo a\u00f1o ya partir con la pavimentaci\u00f3n, as\u00ed que es una noticia buena que nos vino a dar el SEREMI, \u00a0porque nosotros est\u00e1bamos esperando que no se olviden de este camino, que no se olviden porque ingresa una empresa y tambi\u00e9n se generan puestos de trabajo y eso es lo importante, porque con eso crece el desarrollo local\u201d.<\/p>\n<p style=\"text-align: justify;\">Una vez finalizada la reuni\u00f3n, Patricio Sanhueza realiz\u00f3 un balance se\u00f1alando respecto a las materias de inter\u00e9s de los vecinos que \u201cle informamos de la posibilidad que se abri\u00f3 con nueva normativa que establece indicador para el Ministerio de Desarrollo Social y Familia (MIDESO) que es la denominada continuidad favorable, la que permitir\u00eda que el proyecto de pavimentaci\u00f3n para el sector Mano Negra-cruce Alto Baguales sea viable, por lo tanto vamos a hacer todos los esfuerzos posibles para adelantar el llamado a licitaci\u00f3n de este proyecto para el a\u00f1o 2023. Con relaci\u00f3n al estado de los caminos, comprometimos una nueva visita al sector del Coordinador del Plan Excepcional de Conservaci\u00f3n de Caminos Renzo Sanders y con relaci\u00f3n al puente El Pedregoso comprometimos mejoras en las condiciones del vado para dar continuidad al tr\u00e1nsito, mientras se reactive esa obra nuevamente\u201d, concluy\u00f3 la autoridad sectorial.<\/p>\n<\/div><\/section><\/div><div  style='height:50px' class='hr hr-invisible   avia-builder-el-6  el_after_av_one_full  el_before_av_social_share '><span class='hr-inner ' ><span class='hr-inner-style'><\/span><\/span><\/div><\/p>\n<div  class='av-social-sharing-box  avia-builder-el-7  el_after_av_hr  el_before_av_hr  '><div class='av-share-box'><h5 class='av-share-link-description av-no-toc '>Compartir esta noticia<\/h5><ul class='av-share-box-list noLightbox'><li class='av-share-link av-social-link-facebook' ><a target=\"_blank\" aria-label=\"Compartir en Facebook\" href='https:\/\/www.facebook.com\/sharer.php?u=https:\/\/radiorevelacionfm.cl\/?p=29835&#038;t=MOP%20impulsa%20trabajo%20enfocado%20en%20necesidades%20de%20sectores%20rurales' aria-hidden='false' data-av_icon='\ue8f3' data-av_iconfont='entypo-fontello' title='' data-avia-related-tooltip='Compartir en Facebook' rel=\"noopener\"><span class='avia_hidden_link_text'>Compartir en Facebook<\/span><\/a><\/li><li class='av-share-link av-social-link-twitter' ><a target=\"_blank\" aria-label=\"Compartir en Twitter\" href='https:\/\/twitter.com\/share?text=MOP%20impulsa%20trabajo%20enfocado%20en%20necesidades%20de%20sectores%20rurales&#038;url=https:\/\/radiorevelacionfm.cl\/?p=29835' aria-hidden='false' data-av_icon='\ue8f1' data-av_iconfont='entypo-fontello' title='' data-avia-related-tooltip='Compartir en Twitter' rel=\"noopener\"><span class='avia_hidden_link_text'>Compartir en Twitter<\/span><\/a><\/li><li class='av-share-link av-social-link-whatsapp' ><a target=\"_blank\" aria-label=\"Compartir en Whatsapp\" href='https:\/\/api.whatsapp.com\/send?text=https:\/\/radiorevelacionfm.cl\/?p=29835' aria-hidden='false' data-av_icon='\uf232' data-av_iconfont='entypo-fontello' title='' data-avia-related-tooltip='Compartir en Whatsapp' rel=\"noopener\"><span class='avia_hidden_link_text'>Compartir en Whatsapp<\/span><\/a><\/li><li class='av-share-link av-social-link-linkedin' ><a target=\"_blank\" aria-label=\"Compartir en LinkedIn\" href='https:\/\/linkedin.com\/shareArticle?mini=true&#038;title=MOP%20impulsa%20trabajo%20enfocado%20en%20necesidades%20de%20sectores%20rurales&#038;url=https:\/\/radiorevelacionfm.cl\/?p=29835' aria-hidden='false' data-av_icon='\ue8fc' data-av_iconfont='entypo-fontello' title='' data-avia-related-tooltip='Compartir en LinkedIn' rel=\"noopener\"><span class='avia_hidden_link_text'>Compartir en LinkedIn<\/span><\/a><\/li><li class='av-share-link av-social-link-mail' ><a  aria-label=\"Compartir por correo\" href='mailto:?subject=MOP%20impulsa%20trabajo%20enfocado%20en%20necesidades%20de%20sectores%20rurales&#038;body=https:\/\/radiorevelacionfm.cl\/?p=29835' aria-hidden='false' data-av_icon='\ue805' data-av_iconfont='entypo-fontello' title='' data-avia-related-tooltip='Compartir por correo'><span class='avia_hidden_link_text'>Compartir por correo<\/span><\/a><\/li><\/ul><\/div><\/div>\n<div  style='height:50px' class='hr hr-invisible   avia-builder-el-8  el_after_av_social_share  el_before_av_comments_list '><span class='hr-inner ' ><span class='hr-inner-style'><\/span><\/span><\/div>\n<div  class='av-buildercomment  av-blog-meta-html-info-disabled av-blog-meta-tag-disabled  '><\/div>\n","protected":false},"excerpt":{"rendered":"","protected":false},"author":1,"featured_media":29836,"comment_status":"open","ping_status":"open","sticky":false,"template":"","format":"standard","meta":{"footnotes":""},"categories":[38],"tags":[],"class_list":["post-29835","post","type-post","status-publish","format-standard","has-post-thumbnail","hentry","category-regional"],"jetpack_featured_media_url":"https:\/\/radiorevelacionfm.cl\/wp-content\/uploads\/2023\/04\/vortega-4-1_optimized.jpg","_links":{"self":[{"href":"https:\/\/radiorevelacionfm.cl\/index.php?rest_route=\/wp\/v2\/posts\/29835","targetHints":{"allow":["GET"]}}],"collection":[{"href":"https:\/\/radiorevelacionfm.cl\/index.php?rest_route=\/wp\/v2\/posts"}],"about":[{"href":"https:\/\/radiorevelacionfm.cl\/index.php?rest_route=\/wp\/v2\/types\/post"}],"author":[{"embeddable":true,"href":"https:\/\/radiorevelacionfm.cl\/index.php?rest_route=\/wp\/v2\/users\/1"}],"replies":[{"embeddable":true,"href":"https:\/\/radiorevelacionfm.cl\/index.php?rest_route=%2Fwp%2Fv2%2Fcomments&post=29835"}],"version-history":[{"count":1,"href":"https:\/\/radiorevelacionfm.cl\/index.php?rest_route=\/wp\/v2\/posts\/29835\/revisions"}],"predecessor-version":[{"id":29837,"href":"https:\/\/radiorevelacionfm.cl\/index.php?rest_route=\/wp\/v2\/posts\/29835\/revisions\/29837"}],"wp:featuredmedia":[{"embeddable":true,"href":"https:\/\/radiorevelacionfm.cl\/index.php?rest_route=\/wp\/v2\/media\/29836"}],"wp:attachment":[{"href":"https:\/\/radiorevelacionfm.cl\/index.php?rest_route=%2Fwp%2Fv2%2Fmedia&parent=29835"}],"wp:term":[{"taxonomy":"category","embeddable":true,"href":"https:\/\/radiorevelacionfm.cl\/index.php?rest_route=%2Fwp%2Fv2%2Fcategories&post=29835"},{"taxonomy":"post_tag","embeddable":true,"href":"https:\/\/radiorevelacionfm.cl\/index.php?rest_route=%2Fwp%2Fv2%2Ftags&post=29835"}],"curies":[{"name":"wp","href":"https:\/\/api.w.org\/{rel}","templated":true}]}}