{"id":29827,"date":"2023-04-06T14:15:08","date_gmt":"2023-04-06T17:15:08","guid":{"rendered":"https:\/\/radiorevelacionfm.cl\/?p=29827"},"modified":"2023-04-06T14:15:08","modified_gmt":"2023-04-06T17:15:08","slug":"realizan-segunda-reunion-con-actores-relevantes-de-chile-chico-para-informar-detencion-de-10-dias-de-nave-la-tehuelche","status":"publish","type":"post","link":"https:\/\/radiorevelacionfm.cl\/?p=29827","title":{"rendered":"Realizan segunda reuni\u00f3n con actores relevantes de Chile Chico para informar detenci\u00f3n de 10 d\u00edas de nave La Tehuelche"},"content":{"rendered":"<div class=\"flex_column av_one_full  flex_column_div av-zero-column-padding first  avia-builder-el-0  el_before_av_one_full  avia-builder-el-first  \" style='border-radius:0px; '><div  class='avia-image-container  av-styling-    avia-builder-el-1  avia-builder-el-no-sibling  avia-align-center '  itemprop=\"image\" itemscope=\"itemscope\" itemtype=\"https:\/\/schema.org\/ImageObject\"  ><div class='avia-image-container-inner'><div class='avia-image-overlay-wrap'><img decoding=\"async\" class='wp-image-24961 avia-img-lazy-loading-not-24961 avia_image' src=\"https:\/\/radiorevelacionfm.cl\/wp-content\/uploads\/2022\/12\/Barcaza-La-Tehuelche-1-1.jpg\" alt='' title='Barcaza La Tehuelche (1) (1)' height=\"600\" width=\"801\"  itemprop=\"thumbnailUrl\" srcset=\"https:\/\/radiorevelacionfm.cl\/wp-content\/uploads\/2022\/12\/Barcaza-La-Tehuelche-1-1.jpg 801w, https:\/\/radiorevelacionfm.cl\/wp-content\/uploads\/2022\/12\/Barcaza-La-Tehuelche-1-1-300x225.jpg 300w, https:\/\/radiorevelacionfm.cl\/wp-content\/uploads\/2022\/12\/Barcaza-La-Tehuelche-1-1-768x575.jpg 768w, https:\/\/radiorevelacionfm.cl\/wp-content\/uploads\/2022\/12\/Barcaza-La-Tehuelche-1-1-705x528.jpg 705w, https:\/\/radiorevelacionfm.cl\/wp-content\/uploads\/2022\/12\/Barcaza-La-Tehuelche-1-1-600x449.jpg 600w\" sizes=\"(max-width: 801px) 100vw, 801px\" \/><\/div><\/div><\/div><\/div><div class=\"flex_column av_one_full  flex_column_div av-zero-column-padding first  avia-builder-el-2  el_after_av_one_full  el_before_av_one_full  column-top-margin\" style='border-radius:0px; '><section class=\"av_textblock_section \"  itemscope=\"itemscope\" itemtype=\"https:\/\/schema.org\/BlogPosting\" itemprop=\"blogPost\" ><div class='avia_textblock  '   itemprop=\"text\" ><p style=\"text-align: center;\"><strong><span style=\"font-size: 18pt;\">Realizan segunda reuni\u00f3n con actores relevantes de Chile Chico para informar detenci\u00f3n por 10 d\u00edas de nave La Tehuelche<\/span><\/strong><\/p>\n<div id=\"gtx-trans\" style=\"position: absolute; left: -50px; top: 4.31534px;\">\n<div class=\"gtx-trans-icon\"><\/div>\n<\/div>\n<\/div><\/section><\/div><div class=\"flex_column av_one_full  flex_column_div av-zero-column-padding first  avia-builder-el-4  el_after_av_one_full  el_before_av_hr  column-top-margin\" style='border-radius:0px; '><section class=\"av_textblock_section \"  itemscope=\"itemscope\" itemtype=\"https:\/\/schema.org\/BlogPosting\" itemprop=\"blogPost\" ><div class='avia_textblock  '   itemprop=\"text\" ><p style=\"text-align: justify;\">El Director Regional de Obras Portuarias del Ministerio de Obras P\u00fablicas, \u00c1lvaro D\u00edaz Contreras inform\u00f3 que este mi\u00e9rcoles 05 de abril se realiz\u00f3 la segunda reuni\u00f3n, v\u00eda telem\u00e1tica, con actores relevantes de la comunidad de Chile Chico para informar que entre el 10 y el 19 de abril el transbordador La Tehuelche detendr\u00e1 sus operaciones en el lago General Carrera.<\/p>\n<p style=\"text-align: justify;\">La autoridad sectorial indic\u00f3 que las labores que se realizar\u00e1n en la nave consideran \u201cprescindir del bote actual con su gr\u00faa e instalar un nuevo bote de rescate y pescante para dar cumplimiento con la normativa de seguridad que se exige para las naves mayores y realizar las pruebas de izado. Tambi\u00e9n, vamos a efectuar labores rutinarias de mantenimiento de algunos equipos de la embarcaci\u00f3n como son los motores y circuitos el\u00e9ctricos de poder y de control; verificar las bombas hidr\u00e1ulicas y calibrar los instrumentos que sirven de indicadores en el tablero principal. La embarcaci\u00f3n no presenta fallas por lo que la comunidad puede estar tranquila, porque al menos una vez al a\u00f1o se realizar\u00e1n labores de mantenimiento que obligar\u00e1n a detener la nave algunos d\u00edas\u201d.<\/p>\n<p style=\"text-align: justify;\">En la oportunidad, las vecinas y vecinos pudieron realizar todas las preguntas necesarias para aclarar sus dudas tanto a profesionales de la Direcci\u00f3n Regional de Obras Portuarias, al SEREMI de Obras P\u00fablicas Patricio Sanhueza, as\u00ed como tambi\u00e9n a la SEREMI de Transportes y Telecomunicaciones Claudia Cantero y su equipo de profesionales que fueron invitados en esta oportunidad para que pudieran informar en detalle las operaciones, horarios, lugares de venta de pasajes de la Barcaza Chelenco, nave que reemplazar\u00e1 al transbordador La Tehuelche, as\u00ed como tambi\u00e9n comunicar c\u00f3mo est\u00e1n coordinando el \u00e1rea de transporte vial y operarios a\u00e9reos para mantener la conectividad de las y los vecinos.<\/p>\n<\/div><\/section><\/div><div  style='height:50px' class='hr hr-invisible   avia-builder-el-6  el_after_av_one_full  el_before_av_social_share '><span class='hr-inner ' ><span class='hr-inner-style'><\/span><\/span><\/div><\/p>\n<div  class='av-social-sharing-box  avia-builder-el-7  el_after_av_hr  el_before_av_hr  '><div class='av-share-box'><h5 class='av-share-link-description av-no-toc '>Compartir esta noticia<\/h5><ul class='av-share-box-list noLightbox'><li class='av-share-link av-social-link-facebook' ><a target=\"_blank\" aria-label=\"Compartir en Facebook\" href='https:\/\/www.facebook.com\/sharer.php?u=https:\/\/radiorevelacionfm.cl\/?p=29827&#038;t=Realizan%20segunda%20reuni%C3%B3n%20con%20actores%20relevantes%20de%20Chile%20Chico%20para%20informar%20detenci%C3%B3n%20de%2010%20d%C3%ADas%20de%20nave%20La%20Tehuelche' aria-hidden='false' data-av_icon='\ue8f3' data-av_iconfont='entypo-fontello' title='' data-avia-related-tooltip='Compartir en Facebook' rel=\"noopener\"><span class='avia_hidden_link_text'>Compartir en Facebook<\/span><\/a><\/li><li class='av-share-link av-social-link-twitter' ><a target=\"_blank\" aria-label=\"Compartir en Twitter\" href='https:\/\/twitter.com\/share?text=Realizan%20segunda%20reuni%C3%B3n%20con%20actores%20relevantes%20de%20Chile%20Chico%20para%20informar%20detenci%C3%B3n%20de%2010%20d%C3%ADas%20de%20nave%20La%20Tehuelche&#038;url=https:\/\/radiorevelacionfm.cl\/?p=29827' aria-hidden='false' data-av_icon='\ue8f1' data-av_iconfont='entypo-fontello' title='' data-avia-related-tooltip='Compartir en Twitter' rel=\"noopener\"><span class='avia_hidden_link_text'>Compartir en Twitter<\/span><\/a><\/li><li class='av-share-link av-social-link-whatsapp' ><a target=\"_blank\" aria-label=\"Compartir en Whatsapp\" href='https:\/\/api.whatsapp.com\/send?text=https:\/\/radiorevelacionfm.cl\/?p=29827' aria-hidden='false' data-av_icon='\uf232' data-av_iconfont='entypo-fontello' title='' data-avia-related-tooltip='Compartir en Whatsapp' rel=\"noopener\"><span class='avia_hidden_link_text'>Compartir en Whatsapp<\/span><\/a><\/li><li class='av-share-link av-social-link-linkedin' ><a target=\"_blank\" aria-label=\"Compartir en LinkedIn\" href='https:\/\/linkedin.com\/shareArticle?mini=true&#038;title=Realizan%20segunda%20reuni%C3%B3n%20con%20actores%20relevantes%20de%20Chile%20Chico%20para%20informar%20detenci%C3%B3n%20de%2010%20d%C3%ADas%20de%20nave%20La%20Tehuelche&#038;url=https:\/\/radiorevelacionfm.cl\/?p=29827' aria-hidden='false' data-av_icon='\ue8fc' data-av_iconfont='entypo-fontello' title='' data-avia-related-tooltip='Compartir en LinkedIn' rel=\"noopener\"><span class='avia_hidden_link_text'>Compartir en LinkedIn<\/span><\/a><\/li><li class='av-share-link av-social-link-mail' ><a  aria-label=\"Compartir por correo\" href='mailto:?subject=Realizan%20segunda%20reuni%C3%B3n%20con%20actores%20relevantes%20de%20Chile%20Chico%20para%20informar%20detenci%C3%B3n%20de%2010%20d%C3%ADas%20de%20nave%20La%20Tehuelche&#038;body=https:\/\/radiorevelacionfm.cl\/?p=29827' aria-hidden='false' data-av_icon='\ue805' data-av_iconfont='entypo-fontello' title='' data-avia-related-tooltip='Compartir por correo'><span class='avia_hidden_link_text'>Compartir por correo<\/span><\/a><\/li><\/ul><\/div><\/div>\n<div  style='height:50px' class='hr hr-invisible   avia-builder-el-8  el_after_av_social_share  el_before_av_comments_list '><span class='hr-inner ' ><span class='hr-inner-style'><\/span><\/span><\/div>\n<div  class='av-buildercomment  av-blog-meta-html-info-disabled av-blog-meta-tag-disabled  '><\/div>\n","protected":false},"excerpt":{"rendered":"","protected":false},"author":1,"featured_media":24961,"comment_status":"open","ping_status":"open","sticky":false,"template":"","format":"standard","meta":{"footnotes":""},"categories":[38],"tags":[],"class_list":["post-29827","post","type-post","status-publish","format-standard","has-post-thumbnail","hentry","category-regional"],"jetpack_featured_media_url":"https:\/\/radiorevelacionfm.cl\/wp-content\/uploads\/2022\/12\/Barcaza-La-Tehuelche-1-1.jpg","_links":{"self":[{"href":"https:\/\/radiorevelacionfm.cl\/index.php?rest_route=\/wp\/v2\/posts\/29827","targetHints":{"allow":["GET"]}}],"collection":[{"href":"https:\/\/radiorevelacionfm.cl\/index.php?rest_route=\/wp\/v2\/posts"}],"about":[{"href":"https:\/\/radiorevelacionfm.cl\/index.php?rest_route=\/wp\/v2\/types\/post"}],"author":[{"embeddable":true,"href":"https:\/\/radiorevelacionfm.cl\/index.php?rest_route=\/wp\/v2\/users\/1"}],"replies":[{"embeddable":true,"href":"https:\/\/radiorevelacionfm.cl\/index.php?rest_route=%2Fwp%2Fv2%2Fcomments&post=29827"}],"version-history":[{"count":1,"href":"https:\/\/radiorevelacionfm.cl\/index.php?rest_route=\/wp\/v2\/posts\/29827\/revisions"}],"predecessor-version":[{"id":29828,"href":"https:\/\/radiorevelacionfm.cl\/index.php?rest_route=\/wp\/v2\/posts\/29827\/revisions\/29828"}],"wp:featuredmedia":[{"embeddable":true,"href":"https:\/\/radiorevelacionfm.cl\/index.php?rest_route=\/wp\/v2\/media\/24961"}],"wp:attachment":[{"href":"https:\/\/radiorevelacionfm.cl\/index.php?rest_route=%2Fwp%2Fv2%2Fmedia&parent=29827"}],"wp:term":[{"taxonomy":"category","embeddable":true,"href":"https:\/\/radiorevelacionfm.cl\/index.php?rest_route=%2Fwp%2Fv2%2Fcategories&post=29827"},{"taxonomy":"post_tag","embeddable":true,"href":"https:\/\/radiorevelacionfm.cl\/index.php?rest_route=%2Fwp%2Fv2%2Ftags&post=29827"}],"curies":[{"name":"wp","href":"https:\/\/api.w.org\/{rel}","templated":true}]}}