{"id":29824,"date":"2023-04-06T19:20:15","date_gmt":"2023-04-06T22:20:15","guid":{"rendered":"https:\/\/radiorevelacionfm.cl\/?p=29824"},"modified":"2023-04-06T19:20:15","modified_gmt":"2023-04-06T22:20:15","slug":"constatan-factibilidad-de-terreno-en-melinka-para-50-familias-que-trabajan-por-el-sueno-de-la-casa-propia","status":"publish","type":"post","link":"https:\/\/radiorevelacionfm.cl\/?p=29824","title":{"rendered":"Constatan factibilidad de terreno en Melinka para 50 familias que trabajan por el sue\u00f1o de la casa propia"},"content":{"rendered":"<div class=\"flex_column av_one_full  flex_column_div av-zero-column-padding first  avia-builder-el-0  el_before_av_one_full  avia-builder-el-first  \" style='border-radius:0px; '><div  class='avia-image-container  av-styling-    avia-builder-el-1  avia-builder-el-no-sibling  avia-align-center '  itemprop=\"image\" itemscope=\"itemscope\" itemtype=\"https:\/\/schema.org\/ImageObject\"  ><div class='avia-image-container-inner'><div class='avia-image-overlay-wrap'><img decoding=\"async\" class='wp-image-29825 avia-img-lazy-loading-not-29825 avia_image' src=\"https:\/\/radiorevelacionfm.cl\/wp-content\/uploads\/2023\/04\/con-adulto-mayor-que-recibio-vivienda-programa-habitabilidad-rural-1_optimized.jpeg\" alt='' title='con-adulto-mayor-que-recibi\u00f3--vivienda-programa-habitabilidad-rural-(1)_optimized' height=\"600\" width=\"806\"  itemprop=\"thumbnailUrl\" srcset=\"https:\/\/radiorevelacionfm.cl\/wp-content\/uploads\/2023\/04\/con-adulto-mayor-que-recibio-vivienda-programa-habitabilidad-rural-1_optimized.jpeg 806w, https:\/\/radiorevelacionfm.cl\/wp-content\/uploads\/2023\/04\/con-adulto-mayor-que-recibio-vivienda-programa-habitabilidad-rural-1_optimized-300x223.jpeg 300w, https:\/\/radiorevelacionfm.cl\/wp-content\/uploads\/2023\/04\/con-adulto-mayor-que-recibio-vivienda-programa-habitabilidad-rural-1_optimized-768x572.jpeg 768w, https:\/\/radiorevelacionfm.cl\/wp-content\/uploads\/2023\/04\/con-adulto-mayor-que-recibio-vivienda-programa-habitabilidad-rural-1_optimized-705x525.jpeg 705w, https:\/\/radiorevelacionfm.cl\/wp-content\/uploads\/2023\/04\/con-adulto-mayor-que-recibio-vivienda-programa-habitabilidad-rural-1_optimized-450x335.jpeg 450w, https:\/\/radiorevelacionfm.cl\/wp-content\/uploads\/2023\/04\/con-adulto-mayor-que-recibio-vivienda-programa-habitabilidad-rural-1_optimized-600x447.jpeg 600w\" sizes=\"(max-width: 806px) 100vw, 806px\" \/><\/div><\/div><\/div><\/div><div class=\"flex_column av_one_full  flex_column_div av-zero-column-padding first  avia-builder-el-2  el_after_av_one_full  el_before_av_one_full  column-top-margin\" style='border-radius:0px; '><section class=\"av_textblock_section \"  itemscope=\"itemscope\" itemtype=\"https:\/\/schema.org\/BlogPosting\" itemprop=\"blogPost\" ><div class='avia_textblock  '   itemprop=\"text\" ><p style=\"text-align: center;\"><strong><span style=\"font-size: 18pt;\">Constatan factibilidad de terreno en Melinka para 50 familias que trabajan por el sue\u00f1o de la casa propia<\/span><\/strong><\/p>\n<div id=\"gtx-trans\" style=\"position: absolute; left: -50px; top: 4.31534px;\">\n<div class=\"gtx-trans-icon\"><\/div>\n<\/div>\n<\/div><\/section><\/div><div class=\"flex_column av_one_full  flex_column_div av-zero-column-padding first  avia-builder-el-4  el_after_av_one_full  el_before_av_hr  column-top-margin\" style='border-radius:0px; '><section class=\"av_textblock_section \"  itemscope=\"itemscope\" itemtype=\"https:\/\/schema.org\/BlogPosting\" itemprop=\"blogPost\" ><div class='avia_textblock  '   itemprop=\"text\" ><p style=\"text-align: justify;\">Una nutrida agenda de actividades cumpli\u00f3 el Director (S) del Serviu, Eduardo Navarro, en la localidad de Melinka, en el extremo insular norte de la regi\u00f3n, donde junto al Jefe (S) del Departamento Provincial del Serviu, Cristian Borquez, inspeccion\u00f3 varios terrenos fiscales, se reuni\u00f3 con dirigentes de comit\u00e9s habitacionales y comprob\u00f3 la calidad de algunas viviendas entregadas recientemente en el marco del Programa de Habitabilidad Rural del Ministerio de Vivienda y Urbanismo.<\/p>\n<p style=\"text-align: justify;\">Entre sus primeras actividades los representantes del Serviu hicieron un recorrido a la ruta de accesibilidad por donde se planifica la entrada al lote N\u00b0 5, que est\u00e1 destinado para la futura construcci\u00f3n de las 50 viviendas para el comit\u00e9 Altos del Corcovado. All\u00ed pudieron corroborar aspectos como los anchos m\u00ednimos, la factibilidad de trazado, el tipo de pendiente, entre otros puntos, con resultados bastante favorables.<\/p>\n<p style=\"text-align: justify;\">Seg\u00fan explic\u00f3 el Director (S) de Serviu, Eduardo Navarro, en este recorrido se pudo confirmar que a\u00fan hay tomas colindantes, pero tambi\u00e9n que gran parte de lo que impide la circulaci\u00f3n son cercos y el municipio ya habr\u00eda conversado una soluci\u00f3n con los vecinos para lograr as\u00ed los anchos m\u00ednimos requeridos para dar la accesibilidad que se requiere para la futura poblaci\u00f3n.<\/p>\n<p style=\"text-align: justify;\">Agreg\u00f3 Navarro que, junto con eso, se recorri\u00f3 otro lote fiscal, el n\u00famero 6, del cual se quiere solicitar una parte para instalar all\u00ed la Planta de Tratamiento de Aguas Servidas para la futura poblaci\u00f3n, entendiendo adem\u00e1s que geogr\u00e1ficamente \u00e9ste ser\u00eda el punto m\u00e1s bajo del terreno.<\/p>\n<p style=\"text-align: justify;\">En esta inspecci\u00f3n al segundo lote participaron tambi\u00e9n la directiva del comit\u00e9 Altos del Corcovado, m\u00e1s la encargada de la Entidad patrocinante del Municipio de Guaitecas, donde se vio tambi\u00e9n la posibilidad de incorporar dentro de las \u00e1reas verdes del futuro proyecto una franja que est\u00e1 a resguardo mar\u00edtimo, con la idea de generar una especia de parque, que forma parte de lo que se propondr\u00e1 como dise\u00f1o del loteo.<\/p>\n<p style=\"text-align: justify;\">Con respecto a las acciones futuras, el Director Serviu precis\u00f3 que ahora, en una segunda etapa, habr\u00e1 que generar una nueva topograf\u00eda, ya que, si bien existe un trabajo inicial por parte de Serviu, se requiere que esos datos coincidan con los que tiene Bienes Nacionales, para as\u00ed poder trabajar y poder generar las solicitudes correspondientes al nuevo pol\u00edgono.<\/p>\n<p style=\"text-align: justify;\">Con el fin se avanzar en la gesti\u00f3n de suelos, que es una de las prioridades del Gobierno dentro del Plan de Emergencia Habitacional, los representantes regionales del Serviu visitaron tambi\u00e9n otros dos lotes de terreno que pertenecen a Bienes Nacionales y que est\u00e1n siendo solicitados por el Municipio en el camino a Repollal. All\u00ed, junto con evidenciar nuevas ocupaciones ilegales, se pudo verificar la viabilidad de dichos recintos para futuras construcciones, analizando la proyecci\u00f3n, las virtudes y desventajas de cada sector.<\/p>\n<p style=\"text-align: justify;\">En ese mismo contexto la Seremi de Vivienda, Paulina Ruz, destac\u00f3 la labor que se ha estado desarrollando en toda la regi\u00f3n para potenciar el banco de suelos, lo que implica un esfuerzo conjunto que ya est\u00e1 rindiendo frutos.\u00a0 \u201cEl Plan de Emergencia Habitacional implica por una parte diversificar las formas de acceso a la vivienda y por otra contar con acceso a un banco de suelo p\u00fablico que nos permita tener terrenos disponibles, para cuando llegue el momento de la construcci\u00f3n de viviendas. En ese sentido, y valorando el trabajo que hemos desarrollado con el Director del Serviu, con el Alcalde de la comuna de Guaitecas y con la Seremi de Bienes Nacionales, Irina Morend, estamos concretando diversas acciones en lo relativo a la mec\u00e1nica de suelo, estudios topogr\u00e1ficos e inspecciones, que si bien son aspectos t\u00e9cnicos son fundamentales porque nos permiten que el terreno disponible pueda cumplir con las condiciones para que llegado el momento de la construcci\u00f3n de viviendas no existan inconvenientes, permitiendo as\u00ed asegurar a las familias su derecho a la vivienda digna\u201d, manifest\u00f3.<\/p>\n<p style=\"text-align: justify;\">En se sentido y junto a las autoridades municipales de Guaitecas se hizo un llamado a la comunidad para evitar nuevas tomas de terrenos, como las del lote 5, el cual ya no pertenece a Bienes Nacionales, pues est\u00e1 en proceso de traspaso a Serviu y estar\u00eda destinado a la construcci\u00f3n de un conjunto habitacional, por lo tanto, all\u00ed no hay ninguna posibilidad de que puedan regularizar en el futuro.<\/p>\n<p style=\"text-align: justify;\">Entre otras actividades que cumpli\u00f3 el Director Serviu en Melinka, destaca la visita a una de las dos viviendas entregadas a beneficiarios del Programa de Habitabilidad Rural del Ministerio de Vivienda, donde junto al Alcalde Marcos Silva comparti\u00f3 con el propietario y pudo apreciar la calidad de la obra, la que muestra una buena ejecuci\u00f3n y un dise\u00f1o que rescata la l\u00ednea arquitect\u00f3nica local que el municipio plasm\u00f3 en estas viviendas y que se espera replicar en las futuras soluciones habitacionales para los integrantes del comit\u00e9 Altos del Corcovado.<\/p>\n<\/div><\/section><\/div><div  style='height:50px' class='hr hr-invisible   avia-builder-el-6  el_after_av_one_full  el_before_av_social_share '><span class='hr-inner ' ><span class='hr-inner-style'><\/span><\/span><\/div><\/p>\n<div  class='av-social-sharing-box  avia-builder-el-7  el_after_av_hr  el_before_av_hr  '><div class='av-share-box'><h5 class='av-share-link-description av-no-toc '>Compartir esta noticia<\/h5><ul class='av-share-box-list noLightbox'><li class='av-share-link av-social-link-facebook' ><a target=\"_blank\" aria-label=\"Compartir en Facebook\" href='https:\/\/www.facebook.com\/sharer.php?u=https:\/\/radiorevelacionfm.cl\/?p=29824&#038;t=Constatan%20factibilidad%20de%20terreno%20en%20Melinka%20para%2050%20familias%20que%20trabajan%20por%20el%20sue%C3%B1o%20de%20la%20casa%20propia' aria-hidden='false' data-av_icon='\ue8f3' data-av_iconfont='entypo-fontello' title='' data-avia-related-tooltip='Compartir en Facebook' rel=\"noopener\"><span class='avia_hidden_link_text'>Compartir en Facebook<\/span><\/a><\/li><li class='av-share-link av-social-link-twitter' ><a target=\"_blank\" aria-label=\"Compartir en Twitter\" href='https:\/\/twitter.com\/share?text=Constatan%20factibilidad%20de%20terreno%20en%20Melinka%20para%2050%20familias%20que%20trabajan%20por%20el%20sue%C3%B1o%20de%20la%20casa%20propia&#038;url=https:\/\/radiorevelacionfm.cl\/?p=29824' aria-hidden='false' data-av_icon='\ue8f1' data-av_iconfont='entypo-fontello' title='' data-avia-related-tooltip='Compartir en Twitter' rel=\"noopener\"><span class='avia_hidden_link_text'>Compartir en Twitter<\/span><\/a><\/li><li class='av-share-link av-social-link-whatsapp' ><a target=\"_blank\" aria-label=\"Compartir en Whatsapp\" href='https:\/\/api.whatsapp.com\/send?text=https:\/\/radiorevelacionfm.cl\/?p=29824' aria-hidden='false' data-av_icon='\uf232' data-av_iconfont='entypo-fontello' title='' data-avia-related-tooltip='Compartir en Whatsapp' rel=\"noopener\"><span class='avia_hidden_link_text'>Compartir en Whatsapp<\/span><\/a><\/li><li class='av-share-link av-social-link-linkedin' ><a target=\"_blank\" aria-label=\"Compartir en LinkedIn\" href='https:\/\/linkedin.com\/shareArticle?mini=true&#038;title=Constatan%20factibilidad%20de%20terreno%20en%20Melinka%20para%2050%20familias%20que%20trabajan%20por%20el%20sue%C3%B1o%20de%20la%20casa%20propia&#038;url=https:\/\/radiorevelacionfm.cl\/?p=29824' aria-hidden='false' data-av_icon='\ue8fc' data-av_iconfont='entypo-fontello' title='' data-avia-related-tooltip='Compartir en LinkedIn' rel=\"noopener\"><span class='avia_hidden_link_text'>Compartir en LinkedIn<\/span><\/a><\/li><li class='av-share-link av-social-link-mail' ><a  aria-label=\"Compartir por correo\" href='mailto:?subject=Constatan%20factibilidad%20de%20terreno%20en%20Melinka%20para%2050%20familias%20que%20trabajan%20por%20el%20sue%C3%B1o%20de%20la%20casa%20propia&#038;body=https:\/\/radiorevelacionfm.cl\/?p=29824' aria-hidden='false' data-av_icon='\ue805' data-av_iconfont='entypo-fontello' title='' data-avia-related-tooltip='Compartir por correo'><span class='avia_hidden_link_text'>Compartir por correo<\/span><\/a><\/li><\/ul><\/div><\/div>\n<div  style='height:50px' class='hr hr-invisible   avia-builder-el-8  el_after_av_social_share  el_before_av_comments_list '><span class='hr-inner ' ><span class='hr-inner-style'><\/span><\/span><\/div>\n<div  class='av-buildercomment  av-blog-meta-html-info-disabled av-blog-meta-tag-disabled  '><\/div>\n","protected":false},"excerpt":{"rendered":"","protected":false},"author":1,"featured_media":29825,"comment_status":"open","ping_status":"open","sticky":false,"template":"","format":"standard","meta":{"footnotes":""},"categories":[57],"tags":[],"class_list":["post-29824","post","type-post","status-publish","format-standard","has-post-thumbnail","hentry","category-vivienda"],"jetpack_featured_media_url":"https:\/\/radiorevelacionfm.cl\/wp-content\/uploads\/2023\/04\/con-adulto-mayor-que-recibio-vivienda-programa-habitabilidad-rural-1_optimized.jpeg","_links":{"self":[{"href":"https:\/\/radiorevelacionfm.cl\/index.php?rest_route=\/wp\/v2\/posts\/29824","targetHints":{"allow":["GET"]}}],"collection":[{"href":"https:\/\/radiorevelacionfm.cl\/index.php?rest_route=\/wp\/v2\/posts"}],"about":[{"href":"https:\/\/radiorevelacionfm.cl\/index.php?rest_route=\/wp\/v2\/types\/post"}],"author":[{"embeddable":true,"href":"https:\/\/radiorevelacionfm.cl\/index.php?rest_route=\/wp\/v2\/users\/1"}],"replies":[{"embeddable":true,"href":"https:\/\/radiorevelacionfm.cl\/index.php?rest_route=%2Fwp%2Fv2%2Fcomments&post=29824"}],"version-history":[{"count":1,"href":"https:\/\/radiorevelacionfm.cl\/index.php?rest_route=\/wp\/v2\/posts\/29824\/revisions"}],"predecessor-version":[{"id":29826,"href":"https:\/\/radiorevelacionfm.cl\/index.php?rest_route=\/wp\/v2\/posts\/29824\/revisions\/29826"}],"wp:featuredmedia":[{"embeddable":true,"href":"https:\/\/radiorevelacionfm.cl\/index.php?rest_route=\/wp\/v2\/media\/29825"}],"wp:attachment":[{"href":"https:\/\/radiorevelacionfm.cl\/index.php?rest_route=%2Fwp%2Fv2%2Fmedia&parent=29824"}],"wp:term":[{"taxonomy":"category","embeddable":true,"href":"https:\/\/radiorevelacionfm.cl\/index.php?rest_route=%2Fwp%2Fv2%2Fcategories&post=29824"},{"taxonomy":"post_tag","embeddable":true,"href":"https:\/\/radiorevelacionfm.cl\/index.php?rest_route=%2Fwp%2Fv2%2Ftags&post=29824"}],"curies":[{"name":"wp","href":"https:\/\/api.w.org\/{rel}","templated":true}]}}