{"id":2982,"date":"2021-02-26T12:05:30","date_gmt":"2021-02-26T15:05:30","guid":{"rendered":"https:\/\/radiorevelacionfm.cl\/?p=2982"},"modified":"2021-02-26T12:05:30","modified_gmt":"2021-02-26T15:05:30","slug":"universidad-de-aysen-se-refiere-a-hechos-conocidos-ayer-por-formalizacion-de-un-academico-de-la-casa-de-estudios","status":"publish","type":"post","link":"https:\/\/radiorevelacionfm.cl\/?p=2982","title":{"rendered":"Universidad de Ays\u00e9n se refiere a hechos conocidos ayer por formalizaci\u00f3n de un acad\u00e9mico de la casa de estudios"},"content":{"rendered":"<div class=\"flex_column av_one_full  flex_column_div av-zero-column-padding first  avia-builder-el-0  el_before_av_one_full  avia-builder-el-first  \" style='border-radius:0px; '><div  class='avia-image-container  av-styling-    avia-builder-el-1  avia-builder-el-no-sibling  avia-align-center '  itemprop=\"image\" itemscope=\"itemscope\" itemtype=\"https:\/\/schema.org\/ImageObject\"  ><div class='avia-image-container-inner'><div class='avia-image-overlay-wrap'><img decoding=\"async\" class='wp-image-0 avia-img-lazy-loading-not-0 avia_image' src=\"https:\/\/radiorevelacionfm.cl\/wp-content\/uploads\/2021\/02\/UAysen-2.png\" alt='' title=''   itemprop=\"thumbnailUrl\"  \/><\/div><\/div><\/div><\/div><div class=\"flex_column av_one_full  flex_column_div av-zero-column-padding first  avia-builder-el-2  el_after_av_one_full  el_before_av_one_full  column-top-margin\" style='border-radius:0px; '><section class=\"av_textblock_section \"  itemscope=\"itemscope\" itemtype=\"https:\/\/schema.org\/BlogPosting\" itemprop=\"blogPost\" ><div class='avia_textblock  '   itemprop=\"text\" ><p style=\"text-align: center;\"><strong><span style=\"font-size: 18pt;\">Universidad de Ays\u00e9n se refiere a hechos conocidos ayer por formalizaci\u00f3n de un acad\u00e9mico de la casa de estudios<\/span><\/strong><\/p>\n<div id=\"gtx-trans\" style=\"position: absolute; left: -50px; top: 4.31534px;\">\n<div class=\"gtx-trans-icon\"><\/div>\n<\/div>\n<\/div><\/section><\/div><div class=\"flex_column av_one_full  flex_column_div av-zero-column-padding first  avia-builder-el-4  el_after_av_one_full  el_before_av_hr  column-top-margin\" style='border-radius:0px; '><section class=\"av_textblock_section \"  itemscope=\"itemscope\" itemtype=\"https:\/\/schema.org\/BlogPosting\" itemprop=\"blogPost\" ><div class='avia_textblock  '   itemprop=\"text\" ><p style=\"text-align: justify;\">Esta ma\u00f1ana la Universidad de Ays\u00e9n a trav\u00e9s de un comunicado se refiri\u00f3 a los hechos conocidos ayer respecto de la formalizaci\u00f3n de un acad\u00e9mico de la casa de estudios.<\/p>\n<p style=\"text-align: justify;\">Cabe recordar que el Juzgado de Garant\u00eda de Coyhaique dej\u00f3 ayer \u2013jueves 25 de febrero\u2013 sujeto a la medida cautelar de prisi\u00f3n preventiva a N\u00e9stor \u00cdtalo Carrera Arenas, imputado por el Ministerio P\u00fablico como autor del delito de violaci\u00f3n de mayor de 14 a\u00f1os. Il\u00edcito que habr\u00eda perpetrado en julio de 2019.<\/p>\n<p style=\"text-align: justify;\">La Universidad en la Declaraci\u00f3n P\u00fablica cita textualmente, que respecto a la informaci\u00f3n conocida ayer sobre el proceso de formalizaci\u00f3n realizado por parte de la Fiscal\u00eda de Coyhaique y que decret\u00f3 la prisi\u00f3n preventiva de un acad\u00e9mico de la Universidad de Ays\u00e9n, la casa de estudios declara lo siguiente:<\/p>\n<p style=\"text-align: justify;\">La Universidad de Ays\u00e9n se encuentra a total disposici\u00f3n de los tribunales de justicia para colaborar en todo lo que requiera la investigaci\u00f3n.<\/p>\n<p style=\"text-align: justify;\">Respecto del sumario administrativo que desarrolla nuestra casa de estudios, es preciso se\u00f1alar que este ha finalizado su etapa de investigaci\u00f3n y en los pr\u00f3ximos d\u00edas se iniciar\u00e1 la etapa acusatoria, luego de un exhaustivo proceso investigativo.<\/p>\n<p style=\"text-align: justify;\">Cabe se\u00f1alar que el acad\u00e9mico se mantiene suspendido de toda funci\u00f3n universitaria.<\/p>\n<p style=\"text-align: justify;\">La Universidad de Ays\u00e9n es enf\u00e1tica en se\u00f1alar que velar\u00e1 en todo momento porque este tipo de situaciones no vuelvan a ocurrir al interior de la instituci\u00f3n, pues la primera prioridad siempre ser\u00e1 el resguardo de todos y todas quienes integran su comunidad universitaria.<\/p>\n<p style=\"text-align: justify;\">Coyhaique, 26 febrero 2021<\/p>\n<\/div><\/section><\/div><div  style='height:50px' class='hr hr-invisible   avia-builder-el-6  el_after_av_one_full  el_before_av_social_share '><span class='hr-inner ' ><span class='hr-inner-style'><\/span><\/span><\/div><\/p>\n<div  class='av-social-sharing-box  avia-builder-el-7  el_after_av_hr  el_before_av_hr  '><div class='av-share-box'><h5 class='av-share-link-description av-no-toc '>Compartir esta noticia<\/h5><ul class='av-share-box-list noLightbox'><li class='av-share-link av-social-link-facebook' ><a target=\"_blank\" aria-label=\"Compartir en Facebook\" href='https:\/\/www.facebook.com\/sharer.php?u=https:\/\/radiorevelacionfm.cl\/?p=2982&#038;t=Universidad%20de%20Ays%C3%A9n%20se%20refiere%20a%20hechos%20conocidos%20ayer%20por%20formalizaci%C3%B3n%20de%20un%20acad%C3%A9mico%20de%20la%20casa%20de%20estudios' aria-hidden='false' data-av_icon='\ue8f3' data-av_iconfont='entypo-fontello' title='' data-avia-related-tooltip='Compartir en Facebook' rel=\"noopener\"><span class='avia_hidden_link_text'>Compartir en Facebook<\/span><\/a><\/li><li class='av-share-link av-social-link-twitter' ><a target=\"_blank\" aria-label=\"Compartir en Twitter\" href='https:\/\/twitter.com\/share?text=Universidad%20de%20Ays%C3%A9n%20se%20refiere%20a%20hechos%20conocidos%20ayer%20por%20formalizaci%C3%B3n%20de%20un%20acad%C3%A9mico%20de%20la%20casa%20de%20estudios&#038;url=https:\/\/radiorevelacionfm.cl\/?p=2982' aria-hidden='false' data-av_icon='\ue8f1' data-av_iconfont='entypo-fontello' title='' data-avia-related-tooltip='Compartir en Twitter' rel=\"noopener\"><span class='avia_hidden_link_text'>Compartir en Twitter<\/span><\/a><\/li><li class='av-share-link av-social-link-whatsapp' ><a target=\"_blank\" aria-label=\"Compartir en Whatsapp\" href='https:\/\/api.whatsapp.com\/send?text=https:\/\/radiorevelacionfm.cl\/?p=2982' aria-hidden='false' data-av_icon='\uf232' data-av_iconfont='entypo-fontello' title='' data-avia-related-tooltip='Compartir en Whatsapp' rel=\"noopener\"><span class='avia_hidden_link_text'>Compartir en Whatsapp<\/span><\/a><\/li><li class='av-share-link av-social-link-linkedin' ><a target=\"_blank\" aria-label=\"Compartir en LinkedIn\" href='https:\/\/linkedin.com\/shareArticle?mini=true&#038;title=Universidad%20de%20Ays%C3%A9n%20se%20refiere%20a%20hechos%20conocidos%20ayer%20por%20formalizaci%C3%B3n%20de%20un%20acad%C3%A9mico%20de%20la%20casa%20de%20estudios&#038;url=https:\/\/radiorevelacionfm.cl\/?p=2982' aria-hidden='false' data-av_icon='\ue8fc' data-av_iconfont='entypo-fontello' title='' data-avia-related-tooltip='Compartir en LinkedIn' rel=\"noopener\"><span class='avia_hidden_link_text'>Compartir en LinkedIn<\/span><\/a><\/li><li class='av-share-link av-social-link-mail' ><a  aria-label=\"Compartir por correo\" href='mailto:?subject=Universidad%20de%20Ays%C3%A9n%20se%20refiere%20a%20hechos%20conocidos%20ayer%20por%20formalizaci%C3%B3n%20de%20un%20acad%C3%A9mico%20de%20la%20casa%20de%20estudios&#038;body=https:\/\/radiorevelacionfm.cl\/?p=2982' aria-hidden='false' data-av_icon='\ue805' data-av_iconfont='entypo-fontello' title='' data-avia-related-tooltip='Compartir por correo'><span class='avia_hidden_link_text'>Compartir por correo<\/span><\/a><\/li><\/ul><\/div><\/div>\n<div  style='height:50px' class='hr hr-invisible   avia-builder-el-8  el_after_av_social_share  el_before_av_comments_list '><span class='hr-inner ' ><span class='hr-inner-style'><\/span><\/span><\/div>\n<div  class='av-buildercomment  av-blog-meta-html-info-disabled av-blog-meta-tag-disabled  '><\/div>\n","protected":false},"excerpt":{"rendered":"","protected":false},"author":1,"featured_media":0,"comment_status":"open","ping_status":"open","sticky":false,"template":"","format":"standard","meta":{"footnotes":""},"categories":[55],"tags":[],"class_list":["post-2982","post","type-post","status-publish","format-standard","hentry","category-justicia"],"jetpack_featured_media_url":"","_links":{"self":[{"href":"https:\/\/radiorevelacionfm.cl\/index.php?rest_route=\/wp\/v2\/posts\/2982","targetHints":{"allow":["GET"]}}],"collection":[{"href":"https:\/\/radiorevelacionfm.cl\/index.php?rest_route=\/wp\/v2\/posts"}],"about":[{"href":"https:\/\/radiorevelacionfm.cl\/index.php?rest_route=\/wp\/v2\/types\/post"}],"author":[{"embeddable":true,"href":"https:\/\/radiorevelacionfm.cl\/index.php?rest_route=\/wp\/v2\/users\/1"}],"replies":[{"embeddable":true,"href":"https:\/\/radiorevelacionfm.cl\/index.php?rest_route=%2Fwp%2Fv2%2Fcomments&post=2982"}],"version-history":[{"count":1,"href":"https:\/\/radiorevelacionfm.cl\/index.php?rest_route=\/wp\/v2\/posts\/2982\/revisions"}],"predecessor-version":[{"id":2984,"href":"https:\/\/radiorevelacionfm.cl\/index.php?rest_route=\/wp\/v2\/posts\/2982\/revisions\/2984"}],"wp:attachment":[{"href":"https:\/\/radiorevelacionfm.cl\/index.php?rest_route=%2Fwp%2Fv2%2Fmedia&parent=2982"}],"wp:term":[{"taxonomy":"category","embeddable":true,"href":"https:\/\/radiorevelacionfm.cl\/index.php?rest_route=%2Fwp%2Fv2%2Fcategories&post=2982"},{"taxonomy":"post_tag","embeddable":true,"href":"https:\/\/radiorevelacionfm.cl\/index.php?rest_route=%2Fwp%2Fv2%2Ftags&post=2982"}],"curies":[{"name":"wp","href":"https:\/\/api.w.org\/{rel}","templated":true}]}}