{"id":29818,"date":"2023-04-06T10:34:43","date_gmt":"2023-04-06T13:34:43","guid":{"rendered":"https:\/\/radiorevelacionfm.cl\/?p=29818"},"modified":"2023-04-06T10:34:43","modified_gmt":"2023-04-06T13:34:43","slug":"pdi-aysen-detiene-a-mujer-que-internaba-droga-a-la-region","status":"publish","type":"post","link":"https:\/\/radiorevelacionfm.cl\/?p=29818","title":{"rendered":"PDI Ays\u00e9n detiene a mujer que internaba droga a la regi\u00f3n"},"content":{"rendered":"<div class=\"flex_column av_one_full  flex_column_div av-zero-column-padding first  avia-builder-el-0  el_before_av_one_full  avia-builder-el-first  \" style='border-radius:0px; '><div  class='avia-image-container  av-styling-    avia-builder-el-1  avia-builder-el-no-sibling  avia-align-center '  itemprop=\"image\" itemscope=\"itemscope\" itemtype=\"https:\/\/schema.org\/ImageObject\"  ><div class='avia-image-container-inner'><div class='avia-image-overlay-wrap'><img decoding=\"async\" class='wp-image-29819 avia-img-lazy-loading-not-29819 avia_image' src=\"https:\/\/radiorevelacionfm.cl\/wp-content\/uploads\/2023\/04\/4e976706-01f9-4316-9ad4-30e1e7a1e4f9-1-1.jpg\" alt='' title='4e976706-01f9-4316-9ad4-30e1e7a1e4f9 (1) (1)' height=\"600\" width=\"800\"  itemprop=\"thumbnailUrl\" srcset=\"https:\/\/radiorevelacionfm.cl\/wp-content\/uploads\/2023\/04\/4e976706-01f9-4316-9ad4-30e1e7a1e4f9-1-1.jpg 800w, https:\/\/radiorevelacionfm.cl\/wp-content\/uploads\/2023\/04\/4e976706-01f9-4316-9ad4-30e1e7a1e4f9-1-1-300x225.jpg 300w, https:\/\/radiorevelacionfm.cl\/wp-content\/uploads\/2023\/04\/4e976706-01f9-4316-9ad4-30e1e7a1e4f9-1-1-768x576.jpg 768w, https:\/\/radiorevelacionfm.cl\/wp-content\/uploads\/2023\/04\/4e976706-01f9-4316-9ad4-30e1e7a1e4f9-1-1-705x529.jpg 705w, https:\/\/radiorevelacionfm.cl\/wp-content\/uploads\/2023\/04\/4e976706-01f9-4316-9ad4-30e1e7a1e4f9-1-1-450x338.jpg 450w, https:\/\/radiorevelacionfm.cl\/wp-content\/uploads\/2023\/04\/4e976706-01f9-4316-9ad4-30e1e7a1e4f9-1-1-600x450.jpg 600w\" sizes=\"(max-width: 800px) 100vw, 800px\" \/><\/div><\/div><\/div><\/div><div class=\"flex_column av_one_full  flex_column_div av-zero-column-padding first  avia-builder-el-2  el_after_av_one_full  el_before_av_one_full  column-top-margin\" style='border-radius:0px; '><section class=\"av_textblock_section \"  itemscope=\"itemscope\" itemtype=\"https:\/\/schema.org\/BlogPosting\" itemprop=\"blogPost\" ><div class='avia_textblock  '   itemprop=\"text\" ><p style=\"text-align: center;\"><strong><span style=\"font-size: 18pt;\">PDI Ays\u00e9n detiene a mujer que internaba droga a la regi\u00f3n<\/span><\/strong><\/p>\n<div id=\"gtx-trans\" style=\"position: absolute; left: -50px; top: 4.31534px;\">\n<div class=\"gtx-trans-icon\"><\/div>\n<\/div>\n<\/div><\/section><\/div><div class=\"flex_column av_one_full  flex_column_div av-zero-column-padding first  avia-builder-el-4  el_after_av_one_full  el_before_av_hr  column-top-margin\" style='border-radius:0px; '><section class=\"av_textblock_section \"  itemscope=\"itemscope\" itemtype=\"https:\/\/schema.org\/BlogPosting\" itemprop=\"blogPost\" ><div class='avia_textblock  '   itemprop=\"text\" ><p style=\"text-align: justify;\">En una operaci\u00f3n conjunta con la Fiscal\u00eda Local de Coyhaique, detectives del equipo Microtr\u00e1fico Cero (MT0) de la Brigada de Investigaci\u00f3n Criminal Ays\u00e9n, detuvieron a una ciudadana chilena de 24 a\u00f1os, quien estar\u00eda involucrada en la internaci\u00f3n de droga a la Regi\u00f3n, desde la comuna de Lota en la Regi\u00f3n del Biob\u00edo, y posterior venta de la misma. Cabe se\u00f1alar que la imputada ya hab\u00eda sido detenida en una primera etapa por el mismo delito de infracci\u00f3n a la Ley 20.000.<\/p>\n<p style=\"text-align: justify;\">Gracias a las indagaciones se logr\u00f3 establecer que, durante esta semana recibir\u00eda una encomienda proveniente de la Regi\u00f3n del Biob\u00edo. \u201cEn conjunto con la Brigada Antinarc\u00f3ticos y Contra el Crimen Organizado Coyhaique, la cooperaci\u00f3n de sus gu\u00edas caninos, y conforme a los resultados que nos arrojaba la investigaci\u00f3n, pudimos detectar que, en dicha encomienda, se ocultaban m\u00e1s de 600 dosis de Cannabis, la que estar\u00eda destinada a ser comercializada entre los habitantes de esta comuna\u201d, coment\u00f3 el subcomisario Jos\u00e9 Valenzuela jefe (s) de la Brigada de Investigaci\u00f3n Criminal Ays\u00e9n.<\/p>\n<p style=\"text-align: justify;\">Es por lo anterior, que el d\u00eda 03 de abril del presente a\u00f1o y en coordinaci\u00f3n con el Ministerio P\u00fablico, cuando la mujer se acerca a retirar su encargo, fue detenida por los detectives de MT0.<\/p>\n<p style=\"text-align: justify;\">Respecto a la detenida, de iniciales C.I.G.E, la fiscal Mar\u00eda In\u00e9s N\u00fa\u00f1ez Briso inform\u00f3 que \u201cfue formalizada ante el Juzgado de Garant\u00eda de Puerto Ays\u00e9n\u201d. Como medida cautelar, a\u00f1adi\u00f3, \u201cse solicit\u00f3 la prisi\u00f3n preventiva la cual fue rechazada por el juzgado decret\u00e1ndose en su reemplazo el arresto domiciliario nocturno.\u201d Ante esta situaci\u00f3n, la fiscal\u00eda present\u00f3 un recurso de apelaci\u00f3n, el cual ser\u00e1 revisado por la Ilustr\u00edsima Corte de Apelaciones de Coyhaique. El plazo para el t\u00e9rmino de la investigaci\u00f3n fue fijado en 90 d\u00edas.<\/p>\n<\/div><\/section><\/div><div  style='height:50px' class='hr hr-invisible   avia-builder-el-6  el_after_av_one_full  el_before_av_social_share '><span class='hr-inner ' ><span class='hr-inner-style'><\/span><\/span><\/div><\/p>\n<div  class='av-social-sharing-box  avia-builder-el-7  el_after_av_hr  el_before_av_hr  '><div class='av-share-box'><h5 class='av-share-link-description av-no-toc '>Compartir esta noticia<\/h5><ul class='av-share-box-list noLightbox'><li class='av-share-link av-social-link-facebook' ><a target=\"_blank\" aria-label=\"Compartir en Facebook\" href='https:\/\/www.facebook.com\/sharer.php?u=https:\/\/radiorevelacionfm.cl\/?p=29818&#038;t=PDI%20Ays%C3%A9n%20detiene%20a%20mujer%20que%20internaba%20droga%20a%20la%20regi%C3%B3n' aria-hidden='false' data-av_icon='\ue8f3' data-av_iconfont='entypo-fontello' title='' data-avia-related-tooltip='Compartir en Facebook' rel=\"noopener\"><span class='avia_hidden_link_text'>Compartir en Facebook<\/span><\/a><\/li><li class='av-share-link av-social-link-twitter' ><a target=\"_blank\" aria-label=\"Compartir en Twitter\" href='https:\/\/twitter.com\/share?text=PDI%20Ays%C3%A9n%20detiene%20a%20mujer%20que%20internaba%20droga%20a%20la%20regi%C3%B3n&#038;url=https:\/\/radiorevelacionfm.cl\/?p=29818' aria-hidden='false' data-av_icon='\ue8f1' data-av_iconfont='entypo-fontello' title='' data-avia-related-tooltip='Compartir en Twitter' rel=\"noopener\"><span class='avia_hidden_link_text'>Compartir en Twitter<\/span><\/a><\/li><li class='av-share-link av-social-link-whatsapp' ><a target=\"_blank\" aria-label=\"Compartir en Whatsapp\" href='https:\/\/api.whatsapp.com\/send?text=https:\/\/radiorevelacionfm.cl\/?p=29818' aria-hidden='false' data-av_icon='\uf232' data-av_iconfont='entypo-fontello' title='' data-avia-related-tooltip='Compartir en Whatsapp' rel=\"noopener\"><span class='avia_hidden_link_text'>Compartir en Whatsapp<\/span><\/a><\/li><li class='av-share-link av-social-link-linkedin' ><a target=\"_blank\" aria-label=\"Compartir en LinkedIn\" href='https:\/\/linkedin.com\/shareArticle?mini=true&#038;title=PDI%20Ays%C3%A9n%20detiene%20a%20mujer%20que%20internaba%20droga%20a%20la%20regi%C3%B3n&#038;url=https:\/\/radiorevelacionfm.cl\/?p=29818' aria-hidden='false' data-av_icon='\ue8fc' data-av_iconfont='entypo-fontello' title='' data-avia-related-tooltip='Compartir en LinkedIn' rel=\"noopener\"><span class='avia_hidden_link_text'>Compartir en LinkedIn<\/span><\/a><\/li><li class='av-share-link av-social-link-mail' ><a  aria-label=\"Compartir por correo\" href='mailto:?subject=PDI%20Ays%C3%A9n%20detiene%20a%20mujer%20que%20internaba%20droga%20a%20la%20regi%C3%B3n&#038;body=https:\/\/radiorevelacionfm.cl\/?p=29818' aria-hidden='false' data-av_icon='\ue805' data-av_iconfont='entypo-fontello' title='' data-avia-related-tooltip='Compartir por correo'><span class='avia_hidden_link_text'>Compartir por correo<\/span><\/a><\/li><\/ul><\/div><\/div>\n<div  style='height:50px' class='hr hr-invisible   avia-builder-el-8  el_after_av_social_share  el_before_av_comments_list '><span class='hr-inner ' ><span class='hr-inner-style'><\/span><\/span><\/div>\n<div  class='av-buildercomment  av-blog-meta-html-info-disabled av-blog-meta-tag-disabled  '><\/div>\n","protected":false},"excerpt":{"rendered":"","protected":false},"author":1,"featured_media":29819,"comment_status":"open","ping_status":"open","sticky":false,"template":"","format":"standard","meta":{"footnotes":""},"categories":[36],"tags":[],"class_list":["post-29818","post","type-post","status-publish","format-standard","has-post-thumbnail","hentry","category-policial"],"jetpack_featured_media_url":"https:\/\/radiorevelacionfm.cl\/wp-content\/uploads\/2023\/04\/4e976706-01f9-4316-9ad4-30e1e7a1e4f9-1-1.jpg","_links":{"self":[{"href":"https:\/\/radiorevelacionfm.cl\/index.php?rest_route=\/wp\/v2\/posts\/29818","targetHints":{"allow":["GET"]}}],"collection":[{"href":"https:\/\/radiorevelacionfm.cl\/index.php?rest_route=\/wp\/v2\/posts"}],"about":[{"href":"https:\/\/radiorevelacionfm.cl\/index.php?rest_route=\/wp\/v2\/types\/post"}],"author":[{"embeddable":true,"href":"https:\/\/radiorevelacionfm.cl\/index.php?rest_route=\/wp\/v2\/users\/1"}],"replies":[{"embeddable":true,"href":"https:\/\/radiorevelacionfm.cl\/index.php?rest_route=%2Fwp%2Fv2%2Fcomments&post=29818"}],"version-history":[{"count":1,"href":"https:\/\/radiorevelacionfm.cl\/index.php?rest_route=\/wp\/v2\/posts\/29818\/revisions"}],"predecessor-version":[{"id":29820,"href":"https:\/\/radiorevelacionfm.cl\/index.php?rest_route=\/wp\/v2\/posts\/29818\/revisions\/29820"}],"wp:featuredmedia":[{"embeddable":true,"href":"https:\/\/radiorevelacionfm.cl\/index.php?rest_route=\/wp\/v2\/media\/29819"}],"wp:attachment":[{"href":"https:\/\/radiorevelacionfm.cl\/index.php?rest_route=%2Fwp%2Fv2%2Fmedia&parent=29818"}],"wp:term":[{"taxonomy":"category","embeddable":true,"href":"https:\/\/radiorevelacionfm.cl\/index.php?rest_route=%2Fwp%2Fv2%2Fcategories&post=29818"},{"taxonomy":"post_tag","embeddable":true,"href":"https:\/\/radiorevelacionfm.cl\/index.php?rest_route=%2Fwp%2Fv2%2Ftags&post=29818"}],"curies":[{"name":"wp","href":"https:\/\/api.w.org\/{rel}","templated":true}]}}