{"id":29808,"date":"2023-04-06T12:00:30","date_gmt":"2023-04-06T15:00:30","guid":{"rendered":"https:\/\/radiorevelacionfm.cl\/?p=29808"},"modified":"2023-04-06T12:00:30","modified_gmt":"2023-04-06T15:00:30","slug":"puerto-aysen-vuelve-a-contar-con-la-clinica-dental-movil-tras-gestiones-con-empresa-local","status":"publish","type":"post","link":"https:\/\/radiorevelacionfm.cl\/?p=29808","title":{"rendered":"Puerto Ays\u00e9n vuelve a contar con la Cl\u00ednica Dental M\u00f3vil tras gestiones con empresa local"},"content":{"rendered":"<div class=\"flex_column av_one_full  flex_column_div av-zero-column-padding first  avia-builder-el-0  el_before_av_one_full  avia-builder-el-first  \" style='border-radius:0px; '><div  class='avia-image-container  av-styling-    avia-builder-el-1  avia-builder-el-no-sibling  avia-align-center '  itemprop=\"image\" itemscope=\"itemscope\" itemtype=\"https:\/\/schema.org\/ImageObject\"  ><div class='avia-image-container-inner'><div class='avia-image-overlay-wrap'><img decoding=\"async\" class='wp-image-29809 avia-img-lazy-loading-not-29809 avia_image' src=\"https:\/\/radiorevelacionfm.cl\/wp-content\/uploads\/2023\/04\/img-clinicadentalm0-1_optimized.jpeg\" alt='' title='img-clinicadentalm0-(1)_optimized' height=\"600\" width=\"1067\"  itemprop=\"thumbnailUrl\" srcset=\"https:\/\/radiorevelacionfm.cl\/wp-content\/uploads\/2023\/04\/img-clinicadentalm0-1_optimized.jpeg 1067w, https:\/\/radiorevelacionfm.cl\/wp-content\/uploads\/2023\/04\/img-clinicadentalm0-1_optimized-300x169.jpeg 300w, https:\/\/radiorevelacionfm.cl\/wp-content\/uploads\/2023\/04\/img-clinicadentalm0-1_optimized-1030x579.jpeg 1030w, https:\/\/radiorevelacionfm.cl\/wp-content\/uploads\/2023\/04\/img-clinicadentalm0-1_optimized-768x432.jpeg 768w, https:\/\/radiorevelacionfm.cl\/wp-content\/uploads\/2023\/04\/img-clinicadentalm0-1_optimized-705x396.jpeg 705w, https:\/\/radiorevelacionfm.cl\/wp-content\/uploads\/2023\/04\/img-clinicadentalm0-1_optimized-450x253.jpeg 450w, https:\/\/radiorevelacionfm.cl\/wp-content\/uploads\/2023\/04\/img-clinicadentalm0-1_optimized-600x337.jpeg 600w\" sizes=\"(max-width: 1067px) 100vw, 1067px\" \/><\/div><\/div><\/div><\/div><div class=\"flex_column av_one_full  flex_column_div av-zero-column-padding first  avia-builder-el-2  el_after_av_one_full  el_before_av_one_full  column-top-margin\" style='border-radius:0px; '><section class=\"av_textblock_section \"  itemscope=\"itemscope\" itemtype=\"https:\/\/schema.org\/BlogPosting\" itemprop=\"blogPost\" ><div class='avia_textblock  '   itemprop=\"text\" ><p style=\"text-align: center;\"><strong><span style=\"font-size: 18pt;\">Puerto Ays\u00e9n vuelve a contar con la Cl\u00ednica Dental M\u00f3vil tras gestiones con empresa local<\/span><\/strong><\/p>\n<div id=\"gtx-trans\" style=\"position: absolute; left: -50px; top: 4.31534px;\">\n<div class=\"gtx-trans-icon\"><\/div>\n<\/div>\n<\/div><\/section><\/div><div class=\"flex_column av_one_full  flex_column_div av-zero-column-padding first  avia-builder-el-4  el_after_av_one_full  el_before_av_hr  column-top-margin\" style='border-radius:0px; '><section class=\"av_textblock_section \"  itemscope=\"itemscope\" itemtype=\"https:\/\/schema.org\/BlogPosting\" itemprop=\"blogPost\" ><div class='avia_textblock  '   itemprop=\"text\" ><p style=\"text-align: justify;\">A tres a\u00f1os de su estacionamiento en las dependencias del Centro de Salud Familiar (CESFAM) de Puerto Ays\u00e9n. El dispositivo de Salud Oral \u201cCl\u00ednica Dental M\u00f3vil\u201d vuelve a dotarse de los elementos necesarios para desplazarse por el radio urbano en la capital de la comuna porte\u00f1a. La donaci\u00f3n efectuada por una empresa local &#8211; gestionada por un concejal &#8211; permiti\u00f3 entregar un nuevo generador el\u00e9ctrico al sistema que busca llevar atenciones dentales hasta los puntos m\u00e1s distantes del recinto asistencial. Involucrados en esta reactivaci\u00f3n destacan el compromiso por buscar mejoras en la calidad de vida de los ayseninos a trav\u00e9s de alianzas p\u00fablico-privadas.<\/p>\n<p style=\"text-align: justify;\">Al respecto la directora de la Atenci\u00f3n Primaria en la comuna de Ays\u00e9n, Dra. Milenka Adofacci Zamora, indic\u00f3 que \u201cnos llena de felicidad poder reactivar el sentido de la cl\u00ednica m\u00f3vil y que efectivamente se desplace por la comuna. Esto entr\u00f3 como una necesidad urgente y que hace rato los vecinos est\u00e1n pidiendo. Recordar que esto es un proyecto que llega y se materializa por insistencia de las Juntas de Vecinos, a quienes igual les ten\u00edamos una deuda pendiente. As\u00ed es que, como parte de las estrategias importantes dentro de esta administraci\u00f3n junto con la coordinaci\u00f3n cl\u00ednica era efectivamente el uso de la cl\u00ednica m\u00f3vil y que deje de estar estacionada en nuestro CESFAM\u201d.<\/p>\n<p style=\"text-align: justify;\">Con ello, la titular del Cesfam de Puerto Ays\u00e9n agreg\u00f3 que \u201ctuvimos la generosa donaci\u00f3n de Geogama, aqu\u00ed me acompa\u00f1a don Enzo Parodi con quien vamos a firmar el acta administrativa de donaci\u00f3n y por supuesto, tambi\u00e9n hay un trabajo de nuestro equipo de mantenci\u00f3n y aprovecho de destacar a Mat\u00edas Ainol, que es nuestro Jefe de mantenci\u00f3n\u00a0\u00a0 y que efectu\u00f3 un operativo importante para ejecutar esto, igualmente a Alex Mauret, que es un excelente funcionario de nuestro establecimiento y que ha contribuido muy activamente en la labor de hoy\u201d expres\u00f3 la Dra Adofacci.<\/p>\n<p style=\"text-align: justify;\">Por su parte, Enzo Parodi en representaci\u00f3n de la empresa Geogama, quienes aportaron el generador el\u00e9ctrico que permiti\u00f3 la habilitaci\u00f3n final de la Cl\u00ednica Dental M\u00f3vil explic\u00f3 que este aporte se materializa a la comunidad porque \u201cllevamos una empresa 100% aysenina desde el 2009\u201d. Adem\u00e1s, el representante de la empresa local relat\u00f3 la contribuci\u00f3n efectuada en esta obra por el Concejal, Jorge Figueroa Jara, quien articul\u00f3 la alianza p\u00fablico \u2013 privada para concretar esta mejora en las prestaciones sanitarias.<\/p>\n<p style=\"text-align: justify;\">Finalmente, el concejal de la comuna de Ays\u00e9n, Jorge Figueroa, articulador de esta loable iniciativa describi\u00f3 el proceso para llegar a efectuar esta gesti\u00f3n puntualizando el compromiso que tiene el mundo privado en aportar con la comunidad. \u201cPodemos ver que esta cl\u00ednica dental estuvo estacionada tres a\u00f1os con un funcionamiento dependiente de la energ\u00eda el\u00e9ctrica. Pero como dice su nombre, es una cl\u00ednica dental m\u00f3vil que tiene que prestar estos servicios y hoy d\u00eda va a tener una autonom\u00eda con este generador que la empresa Geogama Chile don\u00f3 a los vecinos y al Servicio de Salud de Ays\u00e9n\u201d, sentenci\u00f3 la autoridad comunal.<\/p>\n<\/div><\/section><\/div><div  style='height:50px' class='hr hr-invisible   avia-builder-el-6  el_after_av_one_full  el_before_av_social_share '><span class='hr-inner ' ><span class='hr-inner-style'><\/span><\/span><\/div><\/p>\n<div  class='av-social-sharing-box  avia-builder-el-7  el_after_av_hr  el_before_av_hr  '><div class='av-share-box'><h5 class='av-share-link-description av-no-toc '>Compartir esta noticia<\/h5><ul class='av-share-box-list noLightbox'><li class='av-share-link av-social-link-facebook' ><a target=\"_blank\" aria-label=\"Compartir en Facebook\" href='https:\/\/www.facebook.com\/sharer.php?u=https:\/\/radiorevelacionfm.cl\/?p=29808&#038;t=Puerto%20Ays%C3%A9n%20vuelve%20a%20contar%20con%20la%20Cl%C3%ADnica%20Dental%20M%C3%B3vil%20tras%20gestiones%20con%20empresa%20local' aria-hidden='false' data-av_icon='\ue8f3' data-av_iconfont='entypo-fontello' title='' data-avia-related-tooltip='Compartir en Facebook' rel=\"noopener\"><span class='avia_hidden_link_text'>Compartir en Facebook<\/span><\/a><\/li><li class='av-share-link av-social-link-twitter' ><a target=\"_blank\" aria-label=\"Compartir en Twitter\" href='https:\/\/twitter.com\/share?text=Puerto%20Ays%C3%A9n%20vuelve%20a%20contar%20con%20la%20Cl%C3%ADnica%20Dental%20M%C3%B3vil%20tras%20gestiones%20con%20empresa%20local&#038;url=https:\/\/radiorevelacionfm.cl\/?p=29808' aria-hidden='false' data-av_icon='\ue8f1' data-av_iconfont='entypo-fontello' title='' data-avia-related-tooltip='Compartir en Twitter' rel=\"noopener\"><span class='avia_hidden_link_text'>Compartir en Twitter<\/span><\/a><\/li><li class='av-share-link av-social-link-whatsapp' ><a target=\"_blank\" aria-label=\"Compartir en Whatsapp\" href='https:\/\/api.whatsapp.com\/send?text=https:\/\/radiorevelacionfm.cl\/?p=29808' aria-hidden='false' data-av_icon='\uf232' data-av_iconfont='entypo-fontello' title='' data-avia-related-tooltip='Compartir en Whatsapp' rel=\"noopener\"><span class='avia_hidden_link_text'>Compartir en Whatsapp<\/span><\/a><\/li><li class='av-share-link av-social-link-linkedin' ><a target=\"_blank\" aria-label=\"Compartir en LinkedIn\" href='https:\/\/linkedin.com\/shareArticle?mini=true&#038;title=Puerto%20Ays%C3%A9n%20vuelve%20a%20contar%20con%20la%20Cl%C3%ADnica%20Dental%20M%C3%B3vil%20tras%20gestiones%20con%20empresa%20local&#038;url=https:\/\/radiorevelacionfm.cl\/?p=29808' aria-hidden='false' data-av_icon='\ue8fc' data-av_iconfont='entypo-fontello' title='' data-avia-related-tooltip='Compartir en LinkedIn' rel=\"noopener\"><span class='avia_hidden_link_text'>Compartir en LinkedIn<\/span><\/a><\/li><li class='av-share-link av-social-link-mail' ><a  aria-label=\"Compartir por correo\" href='mailto:?subject=Puerto%20Ays%C3%A9n%20vuelve%20a%20contar%20con%20la%20Cl%C3%ADnica%20Dental%20M%C3%B3vil%20tras%20gestiones%20con%20empresa%20local&#038;body=https:\/\/radiorevelacionfm.cl\/?p=29808' aria-hidden='false' data-av_icon='\ue805' data-av_iconfont='entypo-fontello' title='' data-avia-related-tooltip='Compartir por correo'><span class='avia_hidden_link_text'>Compartir por correo<\/span><\/a><\/li><\/ul><\/div><\/div>\n<div  style='height:50px' class='hr hr-invisible   avia-builder-el-8  el_after_av_social_share  el_before_av_comments_list '><span class='hr-inner ' ><span class='hr-inner-style'><\/span><\/span><\/div>\n<div  class='av-buildercomment  av-blog-meta-html-info-disabled av-blog-meta-tag-disabled  '><\/div>\n","protected":false},"excerpt":{"rendered":"","protected":false},"author":1,"featured_media":29809,"comment_status":"open","ping_status":"open","sticky":false,"template":"","format":"standard","meta":{"footnotes":""},"categories":[46],"tags":[],"class_list":["post-29808","post","type-post","status-publish","format-standard","has-post-thumbnail","hentry","category-salud"],"jetpack_featured_media_url":"https:\/\/radiorevelacionfm.cl\/wp-content\/uploads\/2023\/04\/img-clinicadentalm0-1_optimized.jpeg","_links":{"self":[{"href":"https:\/\/radiorevelacionfm.cl\/index.php?rest_route=\/wp\/v2\/posts\/29808","targetHints":{"allow":["GET"]}}],"collection":[{"href":"https:\/\/radiorevelacionfm.cl\/index.php?rest_route=\/wp\/v2\/posts"}],"about":[{"href":"https:\/\/radiorevelacionfm.cl\/index.php?rest_route=\/wp\/v2\/types\/post"}],"author":[{"embeddable":true,"href":"https:\/\/radiorevelacionfm.cl\/index.php?rest_route=\/wp\/v2\/users\/1"}],"replies":[{"embeddable":true,"href":"https:\/\/radiorevelacionfm.cl\/index.php?rest_route=%2Fwp%2Fv2%2Fcomments&post=29808"}],"version-history":[{"count":1,"href":"https:\/\/radiorevelacionfm.cl\/index.php?rest_route=\/wp\/v2\/posts\/29808\/revisions"}],"predecessor-version":[{"id":29810,"href":"https:\/\/radiorevelacionfm.cl\/index.php?rest_route=\/wp\/v2\/posts\/29808\/revisions\/29810"}],"wp:featuredmedia":[{"embeddable":true,"href":"https:\/\/radiorevelacionfm.cl\/index.php?rest_route=\/wp\/v2\/media\/29809"}],"wp:attachment":[{"href":"https:\/\/radiorevelacionfm.cl\/index.php?rest_route=%2Fwp%2Fv2%2Fmedia&parent=29808"}],"wp:term":[{"taxonomy":"category","embeddable":true,"href":"https:\/\/radiorevelacionfm.cl\/index.php?rest_route=%2Fwp%2Fv2%2Fcategories&post=29808"},{"taxonomy":"post_tag","embeddable":true,"href":"https:\/\/radiorevelacionfm.cl\/index.php?rest_route=%2Fwp%2Fv2%2Ftags&post=29808"}],"curies":[{"name":"wp","href":"https:\/\/api.w.org\/{rel}","templated":true}]}}