{"id":29805,"date":"2023-04-06T12:48:09","date_gmt":"2023-04-06T15:48:09","guid":{"rendered":"https:\/\/radiorevelacionfm.cl\/?p=29805"},"modified":"2023-04-06T12:48:09","modified_gmt":"2023-04-06T15:48:09","slug":"en-puerto-chacabuco-realizan-conversatorio-y-examenes-medicos-enfocados-en-prevencion-del-cancer","status":"publish","type":"post","link":"https:\/\/radiorevelacionfm.cl\/?p=29805","title":{"rendered":"En Puerto Chacabuco realizan conversatorio y ex\u00e1menes m\u00e9dicos enfocados en prevenci\u00f3n del c\u00e1ncer"},"content":{"rendered":"<div class=\"flex_column av_one_full  flex_column_div av-zero-column-padding first  avia-builder-el-0  el_before_av_one_full  avia-builder-el-first  \" style='border-radius:0px; '><div  class='avia-image-container  av-styling-    avia-builder-el-1  avia-builder-el-no-sibling  avia-align-center '  itemprop=\"image\" itemscope=\"itemscope\" itemtype=\"https:\/\/schema.org\/ImageObject\"  ><div class='avia-image-container-inner'><div class='avia-image-overlay-wrap'><img decoding=\"async\" class='wp-image-29806 avia-img-lazy-loading-not-29806 avia_image' src=\"https:\/\/radiorevelacionfm.cl\/wp-content\/uploads\/2023\/04\/conversatorio_empa_friosur_3-1_optimized-1.jpg\" alt='' title='conversatorio_empa_friosur_3-(1)_optimized (1)' height=\"600\" width=\"1348\"  itemprop=\"thumbnailUrl\" srcset=\"https:\/\/radiorevelacionfm.cl\/wp-content\/uploads\/2023\/04\/conversatorio_empa_friosur_3-1_optimized-1.jpg 1348w, https:\/\/radiorevelacionfm.cl\/wp-content\/uploads\/2023\/04\/conversatorio_empa_friosur_3-1_optimized-1-300x134.jpg 300w, https:\/\/radiorevelacionfm.cl\/wp-content\/uploads\/2023\/04\/conversatorio_empa_friosur_3-1_optimized-1-1030x458.jpg 1030w, https:\/\/radiorevelacionfm.cl\/wp-content\/uploads\/2023\/04\/conversatorio_empa_friosur_3-1_optimized-1-768x342.jpg 768w, https:\/\/radiorevelacionfm.cl\/wp-content\/uploads\/2023\/04\/conversatorio_empa_friosur_3-1_optimized-1-705x314.jpg 705w, https:\/\/radiorevelacionfm.cl\/wp-content\/uploads\/2023\/04\/conversatorio_empa_friosur_3-1_optimized-1-450x200.jpg 450w, https:\/\/radiorevelacionfm.cl\/wp-content\/uploads\/2023\/04\/conversatorio_empa_friosur_3-1_optimized-1-600x267.jpg 600w\" sizes=\"(max-width: 1348px) 100vw, 1348px\" \/><\/div><\/div><\/div><\/div><div class=\"flex_column av_one_full  flex_column_div av-zero-column-padding first  avia-builder-el-2  el_after_av_one_full  el_before_av_one_full  column-top-margin\" style='border-radius:0px; '><section class=\"av_textblock_section \"  itemscope=\"itemscope\" itemtype=\"https:\/\/schema.org\/BlogPosting\" itemprop=\"blogPost\" ><div class='avia_textblock  '   itemprop=\"text\" ><p style=\"text-align: center;\"><span style=\"font-size: 18pt;\"><b><span lang=\"ES\">En Puerto Chacabuco realizan conversatorio y ex\u00e1menes m\u00e9dicos enfocados en prevenci\u00f3n del c\u00e1ncer<\/span><\/b><\/span><\/p>\n<div id=\"gtx-trans\" style=\"position: absolute; left: -50px; top: 4.31534px;\">\n<div class=\"gtx-trans-icon\"><\/div>\n<\/div>\n<\/div><\/section><\/div><div class=\"flex_column av_one_full  flex_column_div av-zero-column-padding first  avia-builder-el-4  el_after_av_one_full  el_before_av_hr  column-top-margin\" style='border-radius:0px; '><section class=\"av_textblock_section \"  itemscope=\"itemscope\" itemtype=\"https:\/\/schema.org\/BlogPosting\" itemprop=\"blogPost\" ><div class='avia_textblock  '   itemprop=\"text\" ><p class=\"v1MsoNormal\" style=\"text-align: justify;\"><span lang=\"ES-MX\">Con<\/span><span lang=\"ES-MX\">\u00a0<\/span><span lang=\"ES\">el prop\u00f3sito de sensibilizar sobre la importancia de los ex\u00e1menes preventivos para pesquisar enfermedades como el c\u00e1ncer, primera causa de muerte en nuestra Regi\u00f3n de Ays\u00e9n se realiz\u00f3 un conversatorio con trabajadoras de la empresa de Puerto Chacabuco, Friosur y en forma paralela, la toma de ex\u00e1menes preventivos a trabajadoras y trabajadores.<\/span><\/p>\n<p class=\"v1MsoNormal\" style=\"text-align: justify;\"><span lang=\"ES\">Esta iniciativa fue organizada a trav\u00e9s de la Mesa Regional Interinstitucional de Prevenci\u00f3n del C\u00e1ncer y en el contexto del Mes de la Mujer, por Seremi de Trabajo y Previsi\u00f3n Social\u00a0<\/span><span lang=\"ES\">y Seremi de Salud, en\u00a0coordinaci\u00f3n con el Sindicato de Trabajadores,\u00a0empresa Friosur, CECOF\u00a0Chacabuco y Direcci\u00f3n del Trabajo.<\/span><\/p>\n<p class=\"v1MsoNormal\" style=\"text-align: justify;\"><span lang=\"ES\">El Seremi Trabajo y Previsi\u00f3n Social, Rodrigo D\u00edaz, se refiri\u00f3 a la importancia de las coordinaciones con diversos sectores, sindicato y empresa, \u00abPara nosotros como Ministerio del Trabajo y Previsi\u00f3n Social, como Gobierno del Presiente Boric, es fundamental esto, llegar coordinados al territorio y a solucionar la problem\u00e1tica de la gente. Hoy con la Seremi de Salud nos encontramos en Chacabuco conociendo la realidad de la empresa Friosur y sus trabajadoras, y viendo los ex\u00e1menes preventivos. Nos acompa\u00f1a tambi\u00e9n el director de la Direcci\u00f3n del Trabajo y agradecer la disposici\u00f3n de la empresa, del sindicato. Esto \u00faltimo es fundamental, Mariano Villa, Rub\u00e9n Leal, que son unos pilares para facilitar situaciones y buscar soluciones a las problem\u00e1ticas de las trabajadoras y los trabajadores, as\u00ed es que nos retiramos muy contentos despu\u00e9s de esta actividad tan provechosa\u00bb.<\/span><\/p>\n<p class=\"v1MsoNormal\" style=\"text-align: justify;\"><span lang=\"ES\">A su vez, la Seremi de Salud, Carmen Gloria Monsalve, valor\u00f3 la conversaci\u00f3n con las trabajadoras y la sensibilidad especial existente hacia la importancia de los ex\u00e1menes preventivos, \u00abEl hecho de que las autoridades nos podamos reunir en un espacio protegido con trabajadores, con la Comunidad, es un mandato que nosotros tenemos de nuestro Presidente, porque es la manera poder levantar de manera pertinente las necesidades, justamente eso ocurre hoy, a prop\u00f3sito de esta actividad que llevamos a cabo de manera colaborativa con el Seremi del Trabajo, la Direcci\u00f3n del Trabajo y FRIOSUR, en donde pudimos acercarnos a ofrecer el examen de medicina preventiva y educar a los trabajadores y trabajadoras del derecho que ellos tienen para poder acceder este examen, pero paralelamente tambi\u00e9n identificamos brechas que hoy d\u00eda a\u00fan se mantienen instaladas y que debi\u00e9ramos poder trabajar de manera muy \u00e1gil para poder permitir que estas personas que acceden a sus ex\u00e1menes de medicina preventiva de manera oportuna, \u00a0tambi\u00e9n puedan acceder a los ex\u00e1menes de pesquisa para poder evitar la presencia de enfermedades avanzadas, que es justamente el objetivo del examen de medicina preventiva, pesquisar de manera oportuna aquellos factores de riesgo o situaciones de salud para as\u00ed evitar la presencia de enfermedades de enfermedades graves como, por ejemplo, el c\u00e1ncer, as\u00ed es que fue una jornada muy participativa donde conversamos pero tambi\u00e9n se realizaron ex\u00e1menes de medicina preventiva\u00bb.<\/span><\/p>\n<p class=\"v1MsoNormal\" style=\"text-align: justify;\"><span lang=\"ES\">El conversatorio con trabajadoras y la realizaci\u00f3n de ex\u00e1menes m\u00e9dicos preventivos en la empresa, se coordin\u00f3 en conjunto con el Sindicato de Trabajadores y la administraci\u00f3n. El presidente del sindicato, Rub\u00e9n Leal, manifest\u00f3 sobre la iniciativa, \u00abPara nosotros es sumamente importante, ya a\u00f1os que llevamos trabajando con Salud sobre estos temas, los empleados para nosotros son muy importantes, ya que nuestros trabajadores muchas veces no tienen los tiempos adecuados para ir a hacerse estos ex\u00e1menes regularmente y nos han acompa\u00f1ado a estos ex\u00e1menes para prevenir sobre todo y tambi\u00e9n hacer las pesquisas necesarias cuando esto as\u00ed lo requiere. Hemos tenido trabajadores que aqu\u00ed se han dado cuenta que est\u00e1n enfermos y eso se valora mucho, sobre todo estas gestiones con respecto a las seremis y con respecto a nosotros como organizaci\u00f3n sindical y esperamos que sigamos en esto y podamos resolver algunos inconvenientes que hay, yo creo que es muy importante que ustedes vengan a hacer el EMPA -Ex\u00e1menes M\u00e9dicos Preventivos a Adultos- a nuestra empresa\u00bb.<\/span><\/p>\n<p class=\"v1MsoNormal\" style=\"text-align: justify;\"><span lang=\"ES\">Siguiendo la misma l\u00ednea, Patricia Noriega, gerenta de administraci\u00f3n y personas mencion\u00f3 la importancia de estas intervenciones, m\u00e1s a\u00fan al tener una sensibilidad especial al contar con trabajadores\/as que han tenido o tienen en la actualidad c\u00e1ncer y facilitar el acceso a los ex\u00e1menes preventivos, \u00abSobre todo en las zonas alejadas, donde no todas las veces la gente tiene tiempo o tiene dedicaci\u00f3n, y muchas veces la salud es lo \u00faltimo que dejan, nosotros les damos esta oportunidad, para que tengan aqu\u00ed los ex\u00e1menes y el cuidado, sobre todo con una enfermedad tan grave como es el c\u00e1ncer. Para nosotros es muy importante porque mientras ellos est\u00e9n bien, nosotros estamos bien y nos seguimos acompa\u00f1ando, es una gran familia, nos preocupamos de todos, en a\u00f1os anteriores y este a\u00f1o tenemos varios casos de c\u00e1ncer, entonces en realidad para nosotros es muy importante la salud de nuestros trabajadores\u00bb.<\/span><\/p>\n<p class=\"v1MsoNormal\" style=\"text-align: justify;\"><span lang=\"ES\">Sobre las brechas existentes exteriorizadas durante el conversatorio por las trabajadoras, la Seremi Monsalve afirm\u00f3, \u00abNos vamos con un gran desaf\u00edo con el sector Salud, que tiene que ver con seguir avanzando en las brechas de acceso, porque es nuestro principal mandato, pero tambi\u00e9n a seguir trabajando de manera colaborativa en este espacio de donde nace esta intenci\u00f3n que es la Mesa del c\u00e1ncer, intersectorial, donde participan diferentes instituciones y desde donde salen estas estrategias para poder abordar, prevenir y promover una mejor salud para todas las personas que habitan nuestro territorio\u00bb.<\/span><\/p>\n<p class=\"v1gmail-MsoListParagraph\" style=\"text-align: justify;\"><b><u><span lang=\"ES\">Derecho Laboral de Ex\u00e1menes preventivos y cifras alarmantes<\/span><\/u><\/b><\/p>\n<p class=\"v1MsoNormal\" style=\"text-align: justify;\"><span lang=\"ES\">Las y los trabajadores con contrato bajo C\u00f3digo del Trabajo tienen el derecho laboral de un permiso para efectuarse ex\u00e1menes m\u00e9dicos preventivos, en horario laboral, previo aviso a su empleador\/a, donde ya no existe el rango de edad m\u00ednima para solicitarlo, como era anteriormente.<\/span><\/p>\n<p class=\"v1MsoNormal\" style=\"text-align: justify;\"><span lang=\"ES\">Sobre el derecho laboral, el Director Regional(s) del trabajo, Christian Aros, explic\u00f3, \u00abRespecto a los ex\u00e1menes preventivos, la legislaci\u00f3n contempla que el empleador debe otorgar un permiso de 1\/2 d\u00eda, una vez al a\u00f1o, para que tanto las trabajadoras como los trabajadores puedan concurrir a los centros asistenciales, y realizarse estos ex\u00e1menes preventivos. El trabajador debe avisar con una semana de anticipaci\u00f3n a su empleador, la hora que tiene y luego, presentar los comprobantes respectivos de los ex\u00e1menes que se realiz\u00f3. Entendemos que la legislaci\u00f3n otorga este 1\/2 d\u00eda, y que puede significar poco tiempo, pero en empresas como la que nos encontramos hoy d\u00eda, FRIOSUR, se puede a trav\u00e9s de la negociaci\u00f3n colectiva, ampliar estos permisos, ya sea ampliando el n\u00famero de d\u00edas o tambi\u00e9n ex\u00e1menes que se puedan realizar\u00bb, detall\u00f3.<\/span><\/p>\n<p class=\"v1MsoNormal\" style=\"text-align: justify;\"><span lang=\"ES\">En Chile, si bien ha habido una disminuci\u00f3n en las tasas de mortalidad por tumores malignos en el per\u00edodo 2011- 2020, el c\u00e1ncer supera en mortalidad a las enfermedades del sistema circulatorio, constituy\u00e9ndose como principal causa de muerte en nuestro pa\u00eds. La tasa ajustada para c\u00e1ncer en nuestro pa\u00eds en el per\u00edodo 2009-2018 es de 109.8 por 100.000 habitantes, mientras que para la Regi\u00f3n de Ays\u00e9n es de 124,1 por 100.000 habitantes.<\/span><\/p>\n<p class=\"v1MsoNormal\" style=\"text-align: justify;\"><span lang=\"ES\">As\u00ed mismo, las enfermedades cardiovasculares constituyen la segunda causa de muerte en nuestro pa\u00eds y la segunda causa de muerte en nuestra regi\u00f3n. La gran mayor\u00eda de estas enfermedades son prevenibles al modificar factores de riesgo como el tabaco, dieta no saludable, obesidad, inactividad f\u00edsica y consumo riesgoso de alcohol. En Chile, la \u00faltima encuesta nacional de salud del a\u00f1o 2017 mostr\u00f3 una alta prevalencia de estos factores de riesgo con un 86,7% de la poblaci\u00f3n sedentaria, 74,2% con sobrepeso u obesidad, 27,6% con hipertensi\u00f3n, 12,3% con diabetes, 33,3% tab\u00e1quica activa, 15,2% tab\u00e1quica pasiva.<\/span><\/p>\n<p class=\"v1gmail-MsoListParagraph\" style=\"text-align: justify;\"><span lang=\"ES\">Entre los Ex\u00e1menes de Medicina Preventiva Adultos, EMPA, que se realizaron en esta oportunidad, estuvieron la toma de presi\u00f3n, medici\u00f3n peso y talla, factores de riesgo como alcohol y tabaco, ex\u00e1menes de sangre, Dislipidemia, derivaci\u00f3n a toma de Papanicolau y mamograf\u00eda en casos que corresponda, entre otros.<\/span><\/p>\n<p class=\"v1gmail-MsoListParagraph\" style=\"text-align: justify;\"><span lang=\"ES\">Considerando que existen pruebas de tamizaje de alto rendimiento y probada eficiencia, como lo es el caso de la mamograf\u00eda en el C\u00e1ncer de mama y el Papanicolau en el caso del C\u00e1ncer Cervicouterino, las cuales mejoran considerablemente el pron\u00f3stico de la enfermedad al ser diagnosticada en etapas precoces en el caso de c\u00e1ncer, adquiere especial relevancia la realizaci\u00f3n del EMPA, como herramienta fundamental de pesquisa oportuna tanto para detecci\u00f3n oportuna de algunos tipos de c\u00e1ncer, como para la detecci\u00f3n de factores de riesgo para enfermedad cardiovascular. Esta prestaci\u00f3n debe estar disponible tanto para afiliados a FONASA en los establecimientos de Atenci\u00f3n<\/span><span lang=\"ES\">\u00a0Primaria de la Red Asistencial como para quienes se encuentran afiliados a ISAPRES a trav\u00e9s de sus respectivos prestadores de salud.<\/span><\/p>\n<p class=\"v1MsoNormal\" style=\"text-align: justify;\"><span lang=\"ES\">Para tener mayores antecedentes sobre la normativa del derecho laboral del permiso para realizaci\u00f3n de los EMPA, se puede acceder al sitio web de la Direcci\u00f3n del Trabajo, link directo\u00a0<\/span><span lang=\"ES\"><a href=\"https:\/\/www.dt.gob.cl\/portal\/1628\/w3-article-103999.html\" target=\"_blank\" rel=\"noopener noreferrer\">https:\/\/www.dt.gob.cl\/portal\/1628\/w3-article-103999.html<\/a><\/span><span lang=\"ES\">.<\/span><\/p>\n<\/div><\/section><\/div><div  style='height:50px' class='hr hr-invisible   avia-builder-el-6  el_after_av_one_full  el_before_av_social_share '><span class='hr-inner ' ><span class='hr-inner-style'><\/span><\/span><\/div><\/p>\n<div  class='av-social-sharing-box  avia-builder-el-7  el_after_av_hr  el_before_av_hr  '><div class='av-share-box'><h5 class='av-share-link-description av-no-toc '>Compartir esta noticia<\/h5><ul class='av-share-box-list noLightbox'><li class='av-share-link av-social-link-facebook' ><a target=\"_blank\" aria-label=\"Compartir en Facebook\" href='https:\/\/www.facebook.com\/sharer.php?u=https:\/\/radiorevelacionfm.cl\/?p=29805&#038;t=En%20Puerto%20Chacabuco%20realizan%20conversatorio%20y%20ex%C3%A1menes%20m%C3%A9dicos%20enfocados%20en%20prevenci%C3%B3n%20del%20c%C3%A1ncer' aria-hidden='false' data-av_icon='\ue8f3' data-av_iconfont='entypo-fontello' title='' data-avia-related-tooltip='Compartir en Facebook' rel=\"noopener\"><span class='avia_hidden_link_text'>Compartir en Facebook<\/span><\/a><\/li><li class='av-share-link av-social-link-twitter' ><a target=\"_blank\" aria-label=\"Compartir en Twitter\" href='https:\/\/twitter.com\/share?text=En%20Puerto%20Chacabuco%20realizan%20conversatorio%20y%20ex%C3%A1menes%20m%C3%A9dicos%20enfocados%20en%20prevenci%C3%B3n%20del%20c%C3%A1ncer&#038;url=https:\/\/radiorevelacionfm.cl\/?p=29805' aria-hidden='false' data-av_icon='\ue8f1' data-av_iconfont='entypo-fontello' title='' data-avia-related-tooltip='Compartir en Twitter' rel=\"noopener\"><span class='avia_hidden_link_text'>Compartir en Twitter<\/span><\/a><\/li><li class='av-share-link av-social-link-whatsapp' ><a target=\"_blank\" aria-label=\"Compartir en Whatsapp\" href='https:\/\/api.whatsapp.com\/send?text=https:\/\/radiorevelacionfm.cl\/?p=29805' aria-hidden='false' data-av_icon='\uf232' data-av_iconfont='entypo-fontello' title='' data-avia-related-tooltip='Compartir en Whatsapp' rel=\"noopener\"><span class='avia_hidden_link_text'>Compartir en Whatsapp<\/span><\/a><\/li><li class='av-share-link av-social-link-linkedin' ><a target=\"_blank\" aria-label=\"Compartir en LinkedIn\" href='https:\/\/linkedin.com\/shareArticle?mini=true&#038;title=En%20Puerto%20Chacabuco%20realizan%20conversatorio%20y%20ex%C3%A1menes%20m%C3%A9dicos%20enfocados%20en%20prevenci%C3%B3n%20del%20c%C3%A1ncer&#038;url=https:\/\/radiorevelacionfm.cl\/?p=29805' aria-hidden='false' data-av_icon='\ue8fc' data-av_iconfont='entypo-fontello' title='' data-avia-related-tooltip='Compartir en LinkedIn' rel=\"noopener\"><span class='avia_hidden_link_text'>Compartir en LinkedIn<\/span><\/a><\/li><li class='av-share-link av-social-link-mail' ><a  aria-label=\"Compartir por correo\" href='mailto:?subject=En%20Puerto%20Chacabuco%20realizan%20conversatorio%20y%20ex%C3%A1menes%20m%C3%A9dicos%20enfocados%20en%20prevenci%C3%B3n%20del%20c%C3%A1ncer&#038;body=https:\/\/radiorevelacionfm.cl\/?p=29805' aria-hidden='false' data-av_icon='\ue805' data-av_iconfont='entypo-fontello' title='' data-avia-related-tooltip='Compartir por correo'><span class='avia_hidden_link_text'>Compartir por correo<\/span><\/a><\/li><\/ul><\/div><\/div>\n<div  style='height:50px' class='hr hr-invisible   avia-builder-el-8  el_after_av_social_share  el_before_av_comments_list '><span class='hr-inner ' ><span class='hr-inner-style'><\/span><\/span><\/div>\n<div  class='av-buildercomment  av-blog-meta-html-info-disabled av-blog-meta-tag-disabled  '><\/div>\n","protected":false},"excerpt":{"rendered":"","protected":false},"author":1,"featured_media":29806,"comment_status":"open","ping_status":"open","sticky":false,"template":"","format":"standard","meta":{"footnotes":""},"categories":[56],"tags":[],"class_list":["post-29805","post","type-post","status-publish","format-standard","has-post-thumbnail","hentry","category-trabajo"],"jetpack_featured_media_url":"https:\/\/radiorevelacionfm.cl\/wp-content\/uploads\/2023\/04\/conversatorio_empa_friosur_3-1_optimized-1.jpg","_links":{"self":[{"href":"https:\/\/radiorevelacionfm.cl\/index.php?rest_route=\/wp\/v2\/posts\/29805","targetHints":{"allow":["GET"]}}],"collection":[{"href":"https:\/\/radiorevelacionfm.cl\/index.php?rest_route=\/wp\/v2\/posts"}],"about":[{"href":"https:\/\/radiorevelacionfm.cl\/index.php?rest_route=\/wp\/v2\/types\/post"}],"author":[{"embeddable":true,"href":"https:\/\/radiorevelacionfm.cl\/index.php?rest_route=\/wp\/v2\/users\/1"}],"replies":[{"embeddable":true,"href":"https:\/\/radiorevelacionfm.cl\/index.php?rest_route=%2Fwp%2Fv2%2Fcomments&post=29805"}],"version-history":[{"count":1,"href":"https:\/\/radiorevelacionfm.cl\/index.php?rest_route=\/wp\/v2\/posts\/29805\/revisions"}],"predecessor-version":[{"id":29807,"href":"https:\/\/radiorevelacionfm.cl\/index.php?rest_route=\/wp\/v2\/posts\/29805\/revisions\/29807"}],"wp:featuredmedia":[{"embeddable":true,"href":"https:\/\/radiorevelacionfm.cl\/index.php?rest_route=\/wp\/v2\/media\/29806"}],"wp:attachment":[{"href":"https:\/\/radiorevelacionfm.cl\/index.php?rest_route=%2Fwp%2Fv2%2Fmedia&parent=29805"}],"wp:term":[{"taxonomy":"category","embeddable":true,"href":"https:\/\/radiorevelacionfm.cl\/index.php?rest_route=%2Fwp%2Fv2%2Fcategories&post=29805"},{"taxonomy":"post_tag","embeddable":true,"href":"https:\/\/radiorevelacionfm.cl\/index.php?rest_route=%2Fwp%2Fv2%2Ftags&post=29805"}],"curies":[{"name":"wp","href":"https:\/\/api.w.org\/{rel}","templated":true}]}}