{"id":29802,"date":"2023-04-06T10:49:42","date_gmt":"2023-04-06T13:49:42","guid":{"rendered":"https:\/\/radiorevelacionfm.cl\/?p=29802"},"modified":"2023-04-06T10:49:42","modified_gmt":"2023-04-06T13:49:42","slug":"recuerdan-a-viajeros-declarar-productos-de-origen-animal-y-vegetal-al-ingresar-al-pais","status":"publish","type":"post","link":"https:\/\/radiorevelacionfm.cl\/?p=29802","title":{"rendered":"Recuerdan a viajeros declarar productos de origen animal y vegetal al ingresar al pa\u00eds"},"content":{"rendered":"<div class=\"flex_column av_one_full  flex_column_div av-zero-column-padding first  avia-builder-el-0  el_before_av_one_full  avia-builder-el-first  \" style='border-radius:0px; '><div  class='avia-image-container  av-styling-    avia-builder-el-1  avia-builder-el-no-sibling  avia-align-center '  itemprop=\"image\" itemscope=\"itemscope\" itemtype=\"https:\/\/schema.org\/ImageObject\"  ><div class='avia-image-container-inner'><div class='avia-image-overlay-wrap'><img decoding=\"async\" class='wp-image-29803 avia-img-lazy-loading-not-29803 avia_image' src=\"https:\/\/radiorevelacionfm.cl\/wp-content\/uploads\/2023\/04\/CF1-1-1.jpeg\" alt='' title='CF1 (1) (1)' height=\"600\" width=\"762\"  itemprop=\"thumbnailUrl\" srcset=\"https:\/\/radiorevelacionfm.cl\/wp-content\/uploads\/2023\/04\/CF1-1-1.jpeg 762w, https:\/\/radiorevelacionfm.cl\/wp-content\/uploads\/2023\/04\/CF1-1-1-300x236.jpeg 300w, https:\/\/radiorevelacionfm.cl\/wp-content\/uploads\/2023\/04\/CF1-1-1-705x555.jpeg 705w, https:\/\/radiorevelacionfm.cl\/wp-content\/uploads\/2023\/04\/CF1-1-1-450x354.jpeg 450w, https:\/\/radiorevelacionfm.cl\/wp-content\/uploads\/2023\/04\/CF1-1-1-600x472.jpeg 600w\" sizes=\"(max-width: 762px) 100vw, 762px\" \/><\/div><\/div><\/div><\/div><div class=\"flex_column av_one_full  flex_column_div av-zero-column-padding first  avia-builder-el-2  el_after_av_one_full  el_before_av_one_full  column-top-margin\" style='border-radius:0px; '><section class=\"av_textblock_section \"  itemscope=\"itemscope\" itemtype=\"https:\/\/schema.org\/BlogPosting\" itemprop=\"blogPost\" ><div class='avia_textblock  '   itemprop=\"text\" ><p style=\"text-align: center;\"><strong><span style=\"font-size: 18pt;\">Recuerdan a viajeros declarar productos de origen animal y vegetal al ingresar al pa\u00eds<\/span><\/strong><\/p>\n<div id=\"gtx-trans\" style=\"position: absolute; left: -50px; top: 4.31534px;\">\n<div class=\"gtx-trans-icon\"><\/div>\n<\/div>\n<\/div><\/section><\/div><div class=\"flex_column av_one_full  flex_column_div av-zero-column-padding first  avia-builder-el-4  el_after_av_one_full  el_before_av_hr  column-top-margin\" style='border-radius:0px; '><section class=\"av_textblock_section \"  itemscope=\"itemscope\" itemtype=\"https:\/\/schema.org\/BlogPosting\" itemprop=\"blogPost\" ><div class='avia_textblock  '   itemprop=\"text\" ><p style=\"text-align: justify;\">El Ministerio de Agricultura, a trav\u00e9s del SAG, hace un llamado a las personas que viajar\u00e1n fuera del pa\u00eds este feriado de Semana Santa, a declarar en los controles fronterizos todos los productos de origen animal y vegetal que porten al momento de ingresar a Chile.<\/p>\n<p style=\"text-align: justify;\">Cualquier producto agr\u00edcola o pecuario que ingrese a Chile, puede portar agentes infecciosos en nuestro pa\u00eds y como tal, representa un potencial perjuicio econ\u00f3mico, ya que puede llegar a provocar graves consecuencias a los vegetales, los animales y bosques.<\/p>\n<p style=\"text-align: justify;\">La recomendaci\u00f3n del encargado regional de controles fronterizos del SAG, Cristian Lozano Espinosa, \u201ces que todas las personas que viajan al extranjero, deben efectuar siempre la Declaraci\u00f3n Jurada de todos los productos de origen animal o vegetal que porten al ingresar a Chile, porque la\u202fdefinici\u00f3n de riesgo sanitario la realizan los inspectores del SAG y son ellos quienes establecen si el producto puede o no ingresar a territorio nacional. \u201cSi tiene alguna consulta, real\u00edcela al inspector antes de entregar su Declaraci\u00f3n Jurada\u201d, precis\u00f3 el profesional.<\/p>\n<p style=\"text-align: justify;\">En este sentido el Seremi Alan Espinoza Ortiz refuerza el llamado \u201ca las personas para que tomen todos los resguardos correspondientes, considerando el estado de situaci\u00f3n de influenza aviar y con el fin de salvaguardar el patrimonio sanitario de nuestra regi\u00f3n\u201d, indic\u00f3.<\/p>\n<p style=\"text-align: justify;\">Por su parte, la directora regional (s) del SAG, Valeria Carrasco S\u00e1ez, explic\u00f3 que la declaraci\u00f3n jurada es un tr\u00e1mite obligatorio que la ley chilena establece que deben realizar todas las personas mayores de edad que ingresen a nuestro pa\u00eds. Con este tr\u00e1mite, ayudamos a mantener nuestra regi\u00f3n libre de plagas y enfermedades. Adem\u00e1s, se hace un llamado a quienes est\u00e9n planificando un viaje al exterior junto a animales de compa\u00f1\u00eda, a contar con toda la documentaci\u00f3n sanitaria al d\u00eda e informarse sobre las exigencias sanitarias de los pa\u00edses de destino.<\/p>\n<p style=\"text-align: justify;\">Las personas que internan un producto sin haberlo declarado, se arriesgan a multas que van desde las 3 a las 300 UTM<\/p>\n<p style=\"text-align: justify;\">Finalmente, SAG recuerda a los pasajeros que, en la regi\u00f3n, se encuentran todos los pasos fronterizos habilitados a excepci\u00f3n de Coyhaique Alto.<\/p>\n<p style=\"text-align: justify;\">Y los horarios de funcionamiento de los Controles Fronterizos con presencia SAG son los siguientes:<\/p>\n<ul style=\"text-align: justify;\">\n<li>Paso Huemules, ubicado en Balmaceda: 08:00 \u2013 20:00 horas.<\/li>\n<li>Paso Jeinimeni, ubicado en Chile Chico: 08:00 a 19:00 horas Para todo veh\u00edculo.<\/li>\n<li>Paso Pallavicini, ubicado en Puerto Ib\u00e1\u00f1ez: 08:00 a 19:30 horas.<\/li>\n<\/ul>\n<\/div><\/section><\/div><div  style='height:50px' class='hr hr-invisible   avia-builder-el-6  el_after_av_one_full  el_before_av_social_share '><span class='hr-inner ' ><span class='hr-inner-style'><\/span><\/span><\/div><\/p>\n<div  class='av-social-sharing-box  avia-builder-el-7  el_after_av_hr  el_before_av_hr  '><div class='av-share-box'><h5 class='av-share-link-description av-no-toc '>Compartir esta noticia<\/h5><ul class='av-share-box-list noLightbox'><li class='av-share-link av-social-link-facebook' ><a target=\"_blank\" aria-label=\"Compartir en Facebook\" href='https:\/\/www.facebook.com\/sharer.php?u=https:\/\/radiorevelacionfm.cl\/?p=29802&#038;t=Recuerdan%20a%20viajeros%20declarar%20productos%20de%20origen%20animal%20y%20vegetal%20al%20ingresar%20al%20pa%C3%ADs' aria-hidden='false' data-av_icon='\ue8f3' data-av_iconfont='entypo-fontello' title='' data-avia-related-tooltip='Compartir en Facebook' rel=\"noopener\"><span class='avia_hidden_link_text'>Compartir en Facebook<\/span><\/a><\/li><li class='av-share-link av-social-link-twitter' ><a target=\"_blank\" aria-label=\"Compartir en Twitter\" href='https:\/\/twitter.com\/share?text=Recuerdan%20a%20viajeros%20declarar%20productos%20de%20origen%20animal%20y%20vegetal%20al%20ingresar%20al%20pa%C3%ADs&#038;url=https:\/\/radiorevelacionfm.cl\/?p=29802' aria-hidden='false' data-av_icon='\ue8f1' data-av_iconfont='entypo-fontello' title='' data-avia-related-tooltip='Compartir en Twitter' rel=\"noopener\"><span class='avia_hidden_link_text'>Compartir en Twitter<\/span><\/a><\/li><li class='av-share-link av-social-link-whatsapp' ><a target=\"_blank\" aria-label=\"Compartir en Whatsapp\" href='https:\/\/api.whatsapp.com\/send?text=https:\/\/radiorevelacionfm.cl\/?p=29802' aria-hidden='false' data-av_icon='\uf232' data-av_iconfont='entypo-fontello' title='' data-avia-related-tooltip='Compartir en Whatsapp' rel=\"noopener\"><span class='avia_hidden_link_text'>Compartir en Whatsapp<\/span><\/a><\/li><li class='av-share-link av-social-link-linkedin' ><a target=\"_blank\" aria-label=\"Compartir en LinkedIn\" href='https:\/\/linkedin.com\/shareArticle?mini=true&#038;title=Recuerdan%20a%20viajeros%20declarar%20productos%20de%20origen%20animal%20y%20vegetal%20al%20ingresar%20al%20pa%C3%ADs&#038;url=https:\/\/radiorevelacionfm.cl\/?p=29802' aria-hidden='false' data-av_icon='\ue8fc' data-av_iconfont='entypo-fontello' title='' data-avia-related-tooltip='Compartir en LinkedIn' rel=\"noopener\"><span class='avia_hidden_link_text'>Compartir en LinkedIn<\/span><\/a><\/li><li class='av-share-link av-social-link-mail' ><a  aria-label=\"Compartir por correo\" href='mailto:?subject=Recuerdan%20a%20viajeros%20declarar%20productos%20de%20origen%20animal%20y%20vegetal%20al%20ingresar%20al%20pa%C3%ADs&#038;body=https:\/\/radiorevelacionfm.cl\/?p=29802' aria-hidden='false' data-av_icon='\ue805' data-av_iconfont='entypo-fontello' title='' data-avia-related-tooltip='Compartir por correo'><span class='avia_hidden_link_text'>Compartir por correo<\/span><\/a><\/li><\/ul><\/div><\/div>\n<div  style='height:50px' class='hr hr-invisible   avia-builder-el-8  el_after_av_social_share  el_before_av_comments_list '><span class='hr-inner ' ><span class='hr-inner-style'><\/span><\/span><\/div>\n<div  class='av-buildercomment  av-blog-meta-html-info-disabled av-blog-meta-tag-disabled  '><\/div>\n","protected":false},"excerpt":{"rendered":"","protected":false},"author":1,"featured_media":29803,"comment_status":"open","ping_status":"open","sticky":false,"template":"","format":"standard","meta":{"footnotes":""},"categories":[58],"tags":[],"class_list":["post-29802","post","type-post","status-publish","format-standard","has-post-thumbnail","hentry","category-agricultura"],"jetpack_featured_media_url":"https:\/\/radiorevelacionfm.cl\/wp-content\/uploads\/2023\/04\/CF1-1-1.jpeg","_links":{"self":[{"href":"https:\/\/radiorevelacionfm.cl\/index.php?rest_route=\/wp\/v2\/posts\/29802","targetHints":{"allow":["GET"]}}],"collection":[{"href":"https:\/\/radiorevelacionfm.cl\/index.php?rest_route=\/wp\/v2\/posts"}],"about":[{"href":"https:\/\/radiorevelacionfm.cl\/index.php?rest_route=\/wp\/v2\/types\/post"}],"author":[{"embeddable":true,"href":"https:\/\/radiorevelacionfm.cl\/index.php?rest_route=\/wp\/v2\/users\/1"}],"replies":[{"embeddable":true,"href":"https:\/\/radiorevelacionfm.cl\/index.php?rest_route=%2Fwp%2Fv2%2Fcomments&post=29802"}],"version-history":[{"count":1,"href":"https:\/\/radiorevelacionfm.cl\/index.php?rest_route=\/wp\/v2\/posts\/29802\/revisions"}],"predecessor-version":[{"id":29804,"href":"https:\/\/radiorevelacionfm.cl\/index.php?rest_route=\/wp\/v2\/posts\/29802\/revisions\/29804"}],"wp:featuredmedia":[{"embeddable":true,"href":"https:\/\/radiorevelacionfm.cl\/index.php?rest_route=\/wp\/v2\/media\/29803"}],"wp:attachment":[{"href":"https:\/\/radiorevelacionfm.cl\/index.php?rest_route=%2Fwp%2Fv2%2Fmedia&parent=29802"}],"wp:term":[{"taxonomy":"category","embeddable":true,"href":"https:\/\/radiorevelacionfm.cl\/index.php?rest_route=%2Fwp%2Fv2%2Fcategories&post=29802"},{"taxonomy":"post_tag","embeddable":true,"href":"https:\/\/radiorevelacionfm.cl\/index.php?rest_route=%2Fwp%2Fv2%2Ftags&post=29802"}],"curies":[{"name":"wp","href":"https:\/\/api.w.org\/{rel}","templated":true}]}}