{"id":2979,"date":"2021-02-26T10:44:13","date_gmt":"2021-02-26T13:44:13","guid":{"rendered":"https:\/\/radiorevelacionfm.cl\/?p=2979"},"modified":"2021-02-26T10:44:13","modified_gmt":"2021-02-26T13:44:13","slug":"villa-manihuales-alcanza-un-94-de-cobertura-del-grupo-etario-objetivo-en-vacunacion-covid-19","status":"publish","type":"post","link":"https:\/\/radiorevelacionfm.cl\/?p=2979","title":{"rendered":"Villa Ma\u00f1ihuales alcanza un 94% de cobertura del grupo etario objetivo en vacunaci\u00f3n Covid-19"},"content":{"rendered":"<div class=\"flex_column av_one_full  flex_column_div av-zero-column-padding first  avia-builder-el-0  el_before_av_one_full  avia-builder-el-first  \" style='border-radius:0px; '><div  class='avia-image-container  av-styling-    avia-builder-el-1  avia-builder-el-no-sibling  avia-align-center '  itemprop=\"image\" itemscope=\"itemscope\" itemtype=\"https:\/\/schema.org\/ImageObject\"  ><div class='avia-image-container-inner'><div class='avia-image-overlay-wrap'><img decoding=\"async\" class='wp-image-0 avia-img-lazy-loading-not-0 avia_image' src=\"https:\/\/radiorevelacionfm.cl\/wp-content\/uploads\/2021\/02\/5-9-1.jpg\" alt='' title=''   itemprop=\"thumbnailUrl\"  \/><\/div><\/div><\/div><\/div><div class=\"flex_column av_one_full  flex_column_div av-zero-column-padding first  avia-builder-el-2  el_after_av_one_full  el_before_av_one_full  column-top-margin\" style='border-radius:0px; '><section class=\"av_textblock_section \"  itemscope=\"itemscope\" itemtype=\"https:\/\/schema.org\/BlogPosting\" itemprop=\"blogPost\" ><div class='avia_textblock  '   itemprop=\"text\" ><p style=\"text-align: center;\"><strong><span style=\"font-size: 18pt;\">Villa Ma\u00f1ihuales alcanza un 94% de cobertura del grupo etario objetivo en vacunaci\u00f3n Covid-19<\/span><\/strong><\/p>\n<div id=\"gtx-trans\" style=\"position: absolute; left: -50px; top: 4.31534px;\">\n<div class=\"gtx-trans-icon\"><\/div>\n<\/div>\n<\/div><\/section><\/div><div class=\"flex_column av_one_full  flex_column_div av-zero-column-padding first  avia-builder-el-4  el_after_av_one_full  el_before_av_hr  column-top-margin\" style='border-radius:0px; '><section class=\"av_textblock_section \"  itemscope=\"itemscope\" itemtype=\"https:\/\/schema.org\/BlogPosting\" itemprop=\"blogPost\" ><div class='avia_textblock  '   itemprop=\"text\" ><p style=\"text-align: justify;\">Adem\u00e1s se han vacunado a trabajadores de la educaci\u00f3n y trabajadores que cumplen labores esenciales.<\/p>\n<p style=\"text-align: justify;\">Al igual que en otros recintos de salud el equipo del Cecosf de Villa Ma\u00f1ihuales ha realizado un enorme trabajo donde se han desplegado por diferentes lugares para llegar con la vacuna a adultos mayores, logrando as\u00ed obtener n\u00fameros positivos en la campa\u00f1a Yo Me Vacuno \u201cel proceso de vacunaci\u00f3n se ha llevado a cabo principalmente en el centro de vacunaci\u00f3n del gimnasio del Liceo de Villa Ma\u00f1ihuales y tambi\u00e9n aqu\u00ed en el Cecosf, aparte de lo que hemos realizado casa por casa, hemos estado vacunando a personas mayores de 60 a\u00f1os y tambi\u00e9n en comienzo cuando se dio la autorizaci\u00f3n por el gobierno a personas cr\u00f3nicas, trabajadores de la educaci\u00f3n y a aquellos funcionarios que cumplen labores esenciales, en total llevamos m\u00e1s de 300 personas vacunadas y mayores de 65 a\u00f1os m\u00e1s de 200 personas\u201d dec\u00eda Jos\u00e9 Pino Enfermero del Cecosf.<\/p>\n<p style=\"text-align: justify;\">Manuel Ortiz hace unos d\u00edas acompa\u00f1\u00f3 al Enfermero del Cecosf donde tuvo la oportunidad de ver in-situ la vacunaci\u00f3n a rezagados mayores de 65 a\u00f1os que por alg\u00fan motivo no han podido vacunarse en el gimnasio o en el centro de salud \u201clo dijimos la otra vez y lo volvemos a reiterar es un tremendo trabajo que se hace en el Cecosf de Villa Ma\u00f1ihuales, quiero destacar al Enfermero Jos\u00e9 Pino que hoy nuevamente anduvimos en algunos domicilios donde se les vacun\u00f3 a algunas personas que no han podido llegar al lugar de vacunaci\u00f3n, por lo tanto la verdad y en virtud a los porcentajes el trabajo es digno de destacar de todos los funcionarios de salud que trabajan aqu\u00ed en Ma\u00f1ihuales\u201d.<\/p>\n<\/div><\/section><\/div><div  style='height:50px' class='hr hr-invisible   avia-builder-el-6  el_after_av_one_full  el_before_av_social_share '><span class='hr-inner ' ><span class='hr-inner-style'><\/span><\/span><\/div><\/p>\n<div  class='av-social-sharing-box  avia-builder-el-7  el_after_av_hr  el_before_av_hr  '><div class='av-share-box'><h5 class='av-share-link-description av-no-toc '>Compartir esta noticia<\/h5><ul class='av-share-box-list noLightbox'><li class='av-share-link av-social-link-facebook' ><a target=\"_blank\" aria-label=\"Compartir en Facebook\" href='https:\/\/www.facebook.com\/sharer.php?u=https:\/\/radiorevelacionfm.cl\/?p=2979&#038;t=Villa%20Ma%C3%B1ihuales%20alcanza%20un%2094%25%20de%20cobertura%20del%20grupo%20etario%20objetivo%20en%20vacunaci%C3%B3n%20Covid-19' aria-hidden='false' data-av_icon='\ue8f3' data-av_iconfont='entypo-fontello' title='' data-avia-related-tooltip='Compartir en Facebook' rel=\"noopener\"><span class='avia_hidden_link_text'>Compartir en Facebook<\/span><\/a><\/li><li class='av-share-link av-social-link-twitter' ><a target=\"_blank\" aria-label=\"Compartir en Twitter\" href='https:\/\/twitter.com\/share?text=Villa%20Ma%C3%B1ihuales%20alcanza%20un%2094%25%20de%20cobertura%20del%20grupo%20etario%20objetivo%20en%20vacunaci%C3%B3n%20Covid-19&#038;url=https:\/\/radiorevelacionfm.cl\/?p=2979' aria-hidden='false' data-av_icon='\ue8f1' data-av_iconfont='entypo-fontello' title='' data-avia-related-tooltip='Compartir en Twitter' rel=\"noopener\"><span class='avia_hidden_link_text'>Compartir en Twitter<\/span><\/a><\/li><li class='av-share-link av-social-link-whatsapp' ><a target=\"_blank\" aria-label=\"Compartir en Whatsapp\" href='https:\/\/api.whatsapp.com\/send?text=https:\/\/radiorevelacionfm.cl\/?p=2979' aria-hidden='false' data-av_icon='\uf232' data-av_iconfont='entypo-fontello' title='' data-avia-related-tooltip='Compartir en Whatsapp' rel=\"noopener\"><span class='avia_hidden_link_text'>Compartir en Whatsapp<\/span><\/a><\/li><li class='av-share-link av-social-link-linkedin' ><a target=\"_blank\" aria-label=\"Compartir en LinkedIn\" href='https:\/\/linkedin.com\/shareArticle?mini=true&#038;title=Villa%20Ma%C3%B1ihuales%20alcanza%20un%2094%25%20de%20cobertura%20del%20grupo%20etario%20objetivo%20en%20vacunaci%C3%B3n%20Covid-19&#038;url=https:\/\/radiorevelacionfm.cl\/?p=2979' aria-hidden='false' data-av_icon='\ue8fc' data-av_iconfont='entypo-fontello' title='' data-avia-related-tooltip='Compartir en LinkedIn' rel=\"noopener\"><span class='avia_hidden_link_text'>Compartir en LinkedIn<\/span><\/a><\/li><li class='av-share-link av-social-link-mail' ><a  aria-label=\"Compartir por correo\" href='mailto:?subject=Villa%20Ma%C3%B1ihuales%20alcanza%20un%2094%25%20de%20cobertura%20del%20grupo%20etario%20objetivo%20en%20vacunaci%C3%B3n%20Covid-19&#038;body=https:\/\/radiorevelacionfm.cl\/?p=2979' aria-hidden='false' data-av_icon='\ue805' data-av_iconfont='entypo-fontello' title='' data-avia-related-tooltip='Compartir por correo'><span class='avia_hidden_link_text'>Compartir por correo<\/span><\/a><\/li><\/ul><\/div><\/div>\n<div  style='height:50px' class='hr hr-invisible   avia-builder-el-8  el_after_av_social_share  el_before_av_comments_list '><span class='hr-inner ' ><span class='hr-inner-style'><\/span><\/span><\/div>\n<div  class='av-buildercomment  av-blog-meta-html-info-disabled av-blog-meta-tag-disabled  '><\/div>\n","protected":false},"excerpt":{"rendered":"","protected":false},"author":1,"featured_media":0,"comment_status":"open","ping_status":"open","sticky":false,"template":"","format":"standard","meta":{"footnotes":""},"categories":[46],"tags":[],"class_list":["post-2979","post","type-post","status-publish","format-standard","hentry","category-salud"],"jetpack_featured_media_url":"","_links":{"self":[{"href":"https:\/\/radiorevelacionfm.cl\/index.php?rest_route=\/wp\/v2\/posts\/2979","targetHints":{"allow":["GET"]}}],"collection":[{"href":"https:\/\/radiorevelacionfm.cl\/index.php?rest_route=\/wp\/v2\/posts"}],"about":[{"href":"https:\/\/radiorevelacionfm.cl\/index.php?rest_route=\/wp\/v2\/types\/post"}],"author":[{"embeddable":true,"href":"https:\/\/radiorevelacionfm.cl\/index.php?rest_route=\/wp\/v2\/users\/1"}],"replies":[{"embeddable":true,"href":"https:\/\/radiorevelacionfm.cl\/index.php?rest_route=%2Fwp%2Fv2%2Fcomments&post=2979"}],"version-history":[{"count":1,"href":"https:\/\/radiorevelacionfm.cl\/index.php?rest_route=\/wp\/v2\/posts\/2979\/revisions"}],"predecessor-version":[{"id":2981,"href":"https:\/\/radiorevelacionfm.cl\/index.php?rest_route=\/wp\/v2\/posts\/2979\/revisions\/2981"}],"wp:attachment":[{"href":"https:\/\/radiorevelacionfm.cl\/index.php?rest_route=%2Fwp%2Fv2%2Fmedia&parent=2979"}],"wp:term":[{"taxonomy":"category","embeddable":true,"href":"https:\/\/radiorevelacionfm.cl\/index.php?rest_route=%2Fwp%2Fv2%2Fcategories&post=2979"},{"taxonomy":"post_tag","embeddable":true,"href":"https:\/\/radiorevelacionfm.cl\/index.php?rest_route=%2Fwp%2Fv2%2Ftags&post=2979"}],"curies":[{"name":"wp","href":"https:\/\/api.w.org\/{rel}","templated":true}]}}