{"id":29784,"date":"2023-04-08T21:35:40","date_gmt":"2023-04-09T00:35:40","guid":{"rendered":"https:\/\/radiorevelacionfm.cl\/?p=29784"},"modified":"2023-04-08T21:35:40","modified_gmt":"2023-04-09T00:35:40","slug":"sandoval-valoro-aprobacion-de-ley-nain-retamal-debemos-dar-los-instrumentos-adecuados-a-nuestras-policias-a-gendarmeria","status":"publish","type":"post","link":"https:\/\/radiorevelacionfm.cl\/?p=29784","title":{"rendered":"Sandoval valor\u00f3 aprobaci\u00f3n de Ley Nain-Retamal: \u201cDebemos dar los instrumentos adecuados a nuestras polic\u00edas, a Gendarmer\u00eda\u201d"},"content":{"rendered":"<div class=\"flex_column av_one_full  flex_column_div av-zero-column-padding first  avia-builder-el-0  el_before_av_one_full  avia-builder-el-first  \" style='border-radius:0px; '><div  class='avia-image-container  av-styling-    avia-builder-el-1  avia-builder-el-no-sibling  avia-align-center '  itemprop=\"image\" itemscope=\"itemscope\" itemtype=\"https:\/\/schema.org\/ImageObject\"  ><div class='avia-image-container-inner'><div class='avia-image-overlay-wrap'><img decoding=\"async\" class='wp-image-29787 avia-img-lazy-loading-not-29787 avia_image' src=\"https:\/\/radiorevelacionfm.cl\/wp-content\/uploads\/2023\/04\/senador-sandoval-20-2-1.jpg\" alt='' title='senador sandoval (20) (2) (1)' height=\"600\" width=\"1010\"  itemprop=\"thumbnailUrl\" srcset=\"https:\/\/radiorevelacionfm.cl\/wp-content\/uploads\/2023\/04\/senador-sandoval-20-2-1.jpg 1010w, https:\/\/radiorevelacionfm.cl\/wp-content\/uploads\/2023\/04\/senador-sandoval-20-2-1-300x178.jpg 300w, https:\/\/radiorevelacionfm.cl\/wp-content\/uploads\/2023\/04\/senador-sandoval-20-2-1-768x456.jpg 768w, https:\/\/radiorevelacionfm.cl\/wp-content\/uploads\/2023\/04\/senador-sandoval-20-2-1-705x419.jpg 705w, https:\/\/radiorevelacionfm.cl\/wp-content\/uploads\/2023\/04\/senador-sandoval-20-2-1-450x267.jpg 450w, https:\/\/radiorevelacionfm.cl\/wp-content\/uploads\/2023\/04\/senador-sandoval-20-2-1-600x356.jpg 600w\" sizes=\"(max-width: 1010px) 100vw, 1010px\" \/><\/div><\/div><\/div><\/div><div class=\"flex_column av_one_full  flex_column_div av-zero-column-padding first  avia-builder-el-2  el_after_av_one_full  el_before_av_one_full  column-top-margin\" style='border-radius:0px; '><section class=\"av_textblock_section \"  itemscope=\"itemscope\" itemtype=\"https:\/\/schema.org\/BlogPosting\" itemprop=\"blogPost\" ><div class='avia_textblock  '   itemprop=\"text\" ><p style=\"text-align: center;\"><strong><span style=\"font-size: 18pt;\">Sandoval valor\u00f3 aprobaci\u00f3n de Ley Nain-Retamal: \u201cDebemos dar los instrumentos adecuados a nuestras polic\u00edas, a Gendarmer\u00eda\u201d<\/span><\/strong><\/p>\n<div id=\"gtx-trans\" style=\"position: absolute; left: -50px; top: 4.31534px;\">\n<div class=\"gtx-trans-icon\"><\/div>\n<\/div>\n<\/div><\/section><\/div><\/p>\n<div class=\"flex_column av_one_full  flex_column_div av-zero-column-padding first  avia-builder-el-4  el_after_av_one_full  el_before_av_hr  column-top-margin\" style='border-radius:0px; '><section class=\"av_textblock_section \"  itemscope=\"itemscope\" itemtype=\"https:\/\/schema.org\/BlogPosting\" itemprop=\"blogPost\" ><div class='avia_textblock  '   itemprop=\"text\" ><p style=\"text-align: justify;\">Iniciativa fue aprobada este mi\u00e9rcoles en la madrugada por al C\u00e1mara Alta y continuar\u00e1 con su tercer tr\u00e1mite en la C\u00e1mara de Diputados.<\/p>\n<p style=\"text-align: justify;\">\u201cTenemos un grave problema de seguridad. La gente vive con temor permanente\u201d. Con estas palabras, el senador David Sandoval se refiri\u00f3 a la importancia del proyecto de ley que refuerza y protege la funci\u00f3n de Carabineros, Polic\u00eda de Investigaciones y Gendarmer\u00eda, as\u00ed como de la polic\u00eda mar\u00edtima y de aeron\u00e1utica civil, m\u00e1s conocido como Ley Na\u00edn \u2013 Retamal, el cual fue aprobado por la sala de la C\u00e1mara Alta y despachado a tercer tr\u00e1mite a la C\u00e1mara de Diputados.<\/p>\n<p style=\"text-align: justify;\">Durante el debate, el parlamentario se\u00f1al\u00f3 que es precisamente esa preocupaci\u00f3n por la seguridad la que le dio sentido de urgencia a esta iniciativa. \u201cEs uno de los elementos fundamentales sobre los cuales se sustenta esta ley\u201d, se\u00f1al\u00f3.<\/p>\n<p style=\"text-align: justify;\">Sandoval, adem\u00e1s, recalc\u00f3 que se llega a este debate debido que a su juicio \u201chubo una relativizaci\u00f3n del concepto de autoridad, donde quienes hoy ejercen la autoridad de gobierno fueron quienes generaron el mayor manto de incertidumbre sobre cu\u00e1l era el rol de las polic\u00edas en distintos \u00e1mbitos\u201d, por lo cual espera se haga \u201cun acto de reconversi\u00f3n absoluto para hacer cre\u00edble lo que el gobierno plantea en materia de seguridad\u201d.<\/p>\n<p style=\"text-align: justify;\">Y en esa l\u00ednea, el legislador manifest\u00f3 su preocupaci\u00f3n ante el incremento de las cifras de delincuencia no solo en las grandes ciudades, sino que tambi\u00e9n en regiones como Ays\u00e9n, donde seg\u00fan la Fiscal\u00eda Regional, en menos de 15 d\u00edas, se produjeron dos secuestros, los primeros en toda la historia de la zona.<\/p>\n<p style=\"text-align: justify;\">Por lo mismo es que subrayo: \u201cD\u00e9mosle entonces los instrumentos adecuados a nuestras polic\u00edas, a gendarmer\u00eda\u201d, enfatizando que \u201caqu\u00ed no se trata de un tema ideol\u00f3gico, sino que de un compromiso de pa\u00eds\u201d de c\u00f3mo se hace frente a problem\u00e1tica que vive el pa\u00eds.<\/p>\n<p style=\"text-align: justify;\">Cabe se\u00f1alar que durante el despacho del articulado se lograron acuerdos en torno a la regulaci\u00f3n de presunci\u00f3n de la leg\u00edtima defensa y de mantener dicha regulaci\u00f3n en el C\u00f3digo Penal.<\/p>\n<\/div><\/section><\/div>\n<div  style='height:50px' class='hr hr-invisible   avia-builder-el-6  el_after_av_one_full  el_before_av_social_share '><span class='hr-inner ' ><span class='hr-inner-style'><\/span><\/span><\/div>\n<div  class='av-social-sharing-box  avia-builder-el-7  el_after_av_hr  el_before_av_hr  '><div class='av-share-box'><h5 class='av-share-link-description av-no-toc '>Compartir esta noticia<\/h5><ul class='av-share-box-list noLightbox'><li class='av-share-link av-social-link-facebook' ><a target=\"_blank\" aria-label=\"Compartir en Facebook\" href='https:\/\/www.facebook.com\/sharer.php?u=https:\/\/radiorevelacionfm.cl\/?p=29784&#038;t=Sandoval%20valor%C3%B3%20aprobaci%C3%B3n%20de%20Ley%20Nain-Retamal%3A%20%E2%80%9CDebemos%20dar%20los%20instrumentos%20adecuados%20a%20nuestras%20polic%C3%ADas%2C%20a%20Gendarmer%C3%ADa%E2%80%9D' aria-hidden='false' data-av_icon='\ue8f3' data-av_iconfont='entypo-fontello' title='' data-avia-related-tooltip='Compartir en Facebook' rel=\"noopener\"><span class='avia_hidden_link_text'>Compartir en Facebook<\/span><\/a><\/li><li class='av-share-link av-social-link-twitter' ><a target=\"_blank\" aria-label=\"Compartir en Twitter\" href='https:\/\/twitter.com\/share?text=Sandoval%20valor%C3%B3%20aprobaci%C3%B3n%20de%20Ley%20Nain-Retamal%3A%20%E2%80%9CDebemos%20dar%20los%20instrumentos%20adecuados%20a%20nuestras%20polic%C3%ADas%2C%20a%20Gendarmer%C3%ADa%E2%80%9D&#038;url=https:\/\/radiorevelacionfm.cl\/?p=29784' aria-hidden='false' data-av_icon='\ue8f1' data-av_iconfont='entypo-fontello' title='' data-avia-related-tooltip='Compartir en Twitter' rel=\"noopener\"><span class='avia_hidden_link_text'>Compartir en Twitter<\/span><\/a><\/li><li class='av-share-link av-social-link-whatsapp' ><a target=\"_blank\" aria-label=\"Compartir en Whatsapp\" href='https:\/\/api.whatsapp.com\/send?text=https:\/\/radiorevelacionfm.cl\/?p=29784' aria-hidden='false' data-av_icon='\uf232' data-av_iconfont='entypo-fontello' title='' data-avia-related-tooltip='Compartir en Whatsapp' rel=\"noopener\"><span class='avia_hidden_link_text'>Compartir en Whatsapp<\/span><\/a><\/li><li class='av-share-link av-social-link-linkedin' ><a target=\"_blank\" aria-label=\"Compartir en LinkedIn\" href='https:\/\/linkedin.com\/shareArticle?mini=true&#038;title=Sandoval%20valor%C3%B3%20aprobaci%C3%B3n%20de%20Ley%20Nain-Retamal%3A%20%E2%80%9CDebemos%20dar%20los%20instrumentos%20adecuados%20a%20nuestras%20polic%C3%ADas%2C%20a%20Gendarmer%C3%ADa%E2%80%9D&#038;url=https:\/\/radiorevelacionfm.cl\/?p=29784' aria-hidden='false' data-av_icon='\ue8fc' data-av_iconfont='entypo-fontello' title='' data-avia-related-tooltip='Compartir en LinkedIn' rel=\"noopener\"><span class='avia_hidden_link_text'>Compartir en LinkedIn<\/span><\/a><\/li><li class='av-share-link av-social-link-mail' ><a  aria-label=\"Compartir por correo\" href='mailto:?subject=Sandoval%20valor%C3%B3%20aprobaci%C3%B3n%20de%20Ley%20Nain-Retamal%3A%20%E2%80%9CDebemos%20dar%20los%20instrumentos%20adecuados%20a%20nuestras%20polic%C3%ADas%2C%20a%20Gendarmer%C3%ADa%E2%80%9D&#038;body=https:\/\/radiorevelacionfm.cl\/?p=29784' aria-hidden='false' data-av_icon='\ue805' data-av_iconfont='entypo-fontello' title='' data-avia-related-tooltip='Compartir por correo'><span class='avia_hidden_link_text'>Compartir por correo<\/span><\/a><\/li><\/ul><\/div><\/div>\n<div  style='height:50px' class='hr hr-invisible   avia-builder-el-8  el_after_av_social_share  el_before_av_comments_list '><span class='hr-inner ' ><span class='hr-inner-style'><\/span><\/span><\/div>\n<div  class='av-buildercomment  av-blog-meta-html-info-disabled av-blog-meta-tag-disabled  '><\/div>\n","protected":false},"excerpt":{"rendered":"","protected":false},"author":1,"featured_media":29787,"comment_status":"open","ping_status":"open","sticky":false,"template":"","format":"standard","meta":{"footnotes":""},"categories":[35],"tags":[],"class_list":["post-29784","post","type-post","status-publish","format-standard","has-post-thumbnail","hentry","category-politica"],"jetpack_featured_media_url":"https:\/\/radiorevelacionfm.cl\/wp-content\/uploads\/2023\/04\/senador-sandoval-20-2-1.jpg","_links":{"self":[{"href":"https:\/\/radiorevelacionfm.cl\/index.php?rest_route=\/wp\/v2\/posts\/29784","targetHints":{"allow":["GET"]}}],"collection":[{"href":"https:\/\/radiorevelacionfm.cl\/index.php?rest_route=\/wp\/v2\/posts"}],"about":[{"href":"https:\/\/radiorevelacionfm.cl\/index.php?rest_route=\/wp\/v2\/types\/post"}],"author":[{"embeddable":true,"href":"https:\/\/radiorevelacionfm.cl\/index.php?rest_route=\/wp\/v2\/users\/1"}],"replies":[{"embeddable":true,"href":"https:\/\/radiorevelacionfm.cl\/index.php?rest_route=%2Fwp%2Fv2%2Fcomments&post=29784"}],"version-history":[{"count":2,"href":"https:\/\/radiorevelacionfm.cl\/index.php?rest_route=\/wp\/v2\/posts\/29784\/revisions"}],"predecessor-version":[{"id":29788,"href":"https:\/\/radiorevelacionfm.cl\/index.php?rest_route=\/wp\/v2\/posts\/29784\/revisions\/29788"}],"wp:featuredmedia":[{"embeddable":true,"href":"https:\/\/radiorevelacionfm.cl\/index.php?rest_route=\/wp\/v2\/media\/29787"}],"wp:attachment":[{"href":"https:\/\/radiorevelacionfm.cl\/index.php?rest_route=%2Fwp%2Fv2%2Fmedia&parent=29784"}],"wp:term":[{"taxonomy":"category","embeddable":true,"href":"https:\/\/radiorevelacionfm.cl\/index.php?rest_route=%2Fwp%2Fv2%2Fcategories&post=29784"},{"taxonomy":"post_tag","embeddable":true,"href":"https:\/\/radiorevelacionfm.cl\/index.php?rest_route=%2Fwp%2Fv2%2Ftags&post=29784"}],"curies":[{"name":"wp","href":"https:\/\/api.w.org\/{rel}","templated":true}]}}