{"id":29781,"date":"2023-04-08T19:03:45","date_gmt":"2023-04-08T22:03:45","guid":{"rendered":"https:\/\/radiorevelacionfm.cl\/?p=29781"},"modified":"2023-04-08T19:03:45","modified_gmt":"2023-04-08T22:03:45","slug":"mayores-atribuciones-para-regiones-y-municipios-gobernadora-macias-se-suma-al-compromiso-transversal-por-la-seguridad","status":"publish","type":"post","link":"https:\/\/radiorevelacionfm.cl\/?p=29781","title":{"rendered":"Mayores atribuciones para regiones y municipios: Gobernadora Mac\u00edas se suma al Compromiso Transversal por la Seguridad"},"content":{"rendered":"<div class=\"flex_column av_one_full  flex_column_div av-zero-column-padding first  avia-builder-el-0  el_before_av_one_full  avia-builder-el-first  \" style='border-radius:0px; '><div  class='avia-image-container  av-styling-    avia-builder-el-1  avia-builder-el-no-sibling  avia-align-center '  itemprop=\"image\" itemscope=\"itemscope\" itemtype=\"https:\/\/schema.org\/ImageObject\"  ><div class='avia-image-container-inner'><div class='avia-image-overlay-wrap'><img decoding=\"async\" class='wp-image-29782 avia-img-lazy-loading-not-29782 avia_image' src=\"https:\/\/radiorevelacionfm.cl\/wp-content\/uploads\/2023\/04\/seguridad-1-1_optimized.jpg\" alt='' title='seguridad-1-(1)_optimized' height=\"600\" width=\"939\"  itemprop=\"thumbnailUrl\" srcset=\"https:\/\/radiorevelacionfm.cl\/wp-content\/uploads\/2023\/04\/seguridad-1-1_optimized.jpg 939w, https:\/\/radiorevelacionfm.cl\/wp-content\/uploads\/2023\/04\/seguridad-1-1_optimized-300x192.jpg 300w, https:\/\/radiorevelacionfm.cl\/wp-content\/uploads\/2023\/04\/seguridad-1-1_optimized-768x491.jpg 768w, https:\/\/radiorevelacionfm.cl\/wp-content\/uploads\/2023\/04\/seguridad-1-1_optimized-705x450.jpg 705w, https:\/\/radiorevelacionfm.cl\/wp-content\/uploads\/2023\/04\/seguridad-1-1_optimized-450x288.jpg 450w, https:\/\/radiorevelacionfm.cl\/wp-content\/uploads\/2023\/04\/seguridad-1-1_optimized-600x383.jpg 600w\" sizes=\"(max-width: 939px) 100vw, 939px\" \/><\/div><\/div><\/div><\/div><div class=\"flex_column av_one_full  flex_column_div av-zero-column-padding first  avia-builder-el-2  el_after_av_one_full  el_before_av_one_full  column-top-margin\" style='border-radius:0px; '><section class=\"av_textblock_section \"  itemscope=\"itemscope\" itemtype=\"https:\/\/schema.org\/BlogPosting\" itemprop=\"blogPost\" ><div class='avia_textblock  '   itemprop=\"text\" ><p style=\"text-align: center;\"><strong><span style=\"font-size: 18pt;\">Mayores atribuciones para regiones y municipios: Gobernadora Mac\u00edas se suma al Compromiso Transversal por la Seguridad<\/span><\/strong><\/p>\n<div id=\"gtx-trans\" style=\"position: absolute; left: -50px; top: 4.31534px;\">\n<div class=\"gtx-trans-icon\"><\/div>\n<\/div>\n<\/div><\/section><\/div><div class=\"flex_column av_one_full  flex_column_div av-zero-column-padding first  avia-builder-el-4  el_after_av_one_full  el_before_av_hr  column-top-margin\" style='border-radius:0px; '><section class=\"av_textblock_section \"  itemscope=\"itemscope\" itemtype=\"https:\/\/schema.org\/BlogPosting\" itemprop=\"blogPost\" ><div class='avia_textblock  '   itemprop=\"text\" ><p dir=\"ltr\" style=\"text-align: justify;\">Este martes en una ceremonia llevada a cabo en La Moneda, en la ciudad de Santiago, la Gobernadora Regional de Ays\u00e9n, Andrea Mac\u00edas Palma, junto a sus pares de otras regiones y a representantes de municipalidades, asisti\u00f3 a la presentaci\u00f3n del \u00abCompromiso Transversal por la Seguridad\u00bb, anunciado por el Presidente Gabriel Boric.<\/p>\n<p dir=\"ltr\" style=\"text-align: justify;\">Se trata de un conjunto de iniciativas legales y de pol\u00edtica p\u00fablica que significar\u00e1n un un refuerzo y mejora de la seguridad. El Gobierno de Chile trabaj\u00f3 con diversos actores de los gobiernos subnacionales, pertenecientes a distintos sectores pol\u00edticos, para llegar a conformar el compromiso que suscribieron los representantes que llegaron a la cita en el Palacio de Gobierno.<\/p>\n<p dir=\"ltr\" style=\"text-align: justify;\">Desde La Moneda, la Gobernadora Andrea Mac\u00edas Palma recalc\u00f3 que el compromiso y la agenda que conlleva es \u00abun espacio que viene a dotar de mayores atribuciones, tanto a los Gobiernos Locales como Regionales. En ese sentido, destacar que los Gobiernos Regionales llevamos mucho tiempo apoyando y financiando tem\u00e1ticas que tienen que ver con seguridad, sin embargo, no hay ning\u00fan tipo de facultad o atribuci\u00f3n. Este acuerdo establece la creaci\u00f3n de las divisiones de Seguridad al interior de los Gobiernos Regionales, y adem\u00e1s un fuerte impulso para poder elaborar pol\u00edticas, planes, programas y proyectos regionales, principalmente abocados a las materias de prevenci\u00f3n y de atenci\u00f3n a v\u00edctimas\u00bb.<\/p>\n<p dir=\"ltr\" style=\"text-align: justify;\">Adem\u00e1s de los puntos destacados por la Gobernadora de Ays\u00e9n, el compromiso contempla la integraci\u00f3n de los Gobiernos Regionales en el Consejo Nacional de Seguridad P\u00fablica y tambi\u00e9n en los Consejos Comunales de Seguridad P\u00fablica. Aparte, se establece el desarrollo durante 2023 de seis convenios de colaboraci\u00f3n entre el Ministerio del Interior y Gobiernos Regionales, para dise\u00f1ar proyectos de inversi\u00f3n regional en materia de prevenci\u00f3n del delito.<\/p>\n<p dir=\"ltr\" style=\"text-align: justify;\">\u00abCon su incorporaci\u00f3n a los Consejos Nacionales y Comunales de Seguridad P\u00fablica, reconocemos el valioso aporte que las autoridades regionales ya est\u00e1n realizando, de hecho, en las labores preventivas\u00bb, manifest\u00f3 el Presidente de la Rep\u00fablica, Gabriel Boric.<\/p>\n<p dir=\"ltr\" style=\"text-align: justify;\">Por su parte, la Ministra de Interior, Carolina Toh\u00e1, enfatiz\u00f3 en el punto n\u00famero 1 de esta agenda, que trata de la prevenci\u00f3n y de las v\u00edctimas. \u00abHablamos del trabajo p\u00fablico-privado, de c\u00f3mo complementar la seguridad p\u00fablica con la que desarrollan los privados. Hablamos de los temas de g\u00e9nero, porque la vulnerabilidad que tenemos las mujeres, las necesidades que tenemos y nuestras experiencias en seguridad, son distintas y requieren un foco particular. Y hablamos del tema de las v\u00edctimas, de c\u00f3mo acompa\u00f1arlas, de c\u00f3mo protegerlas, de c\u00f3mo entregarles tambi\u00e9n asistencia jur\u00eddica cuando son v\u00edctimas de delitos graves, cosa que hoy no est\u00e1 garantizada, y en este compromiso se incluyen modalidades de plazos precisos para que esto vaya quedando atr\u00e1s\u00bb, subray\u00f3 la titular de la cartera.<\/p>\n<p dir=\"ltr\" style=\"text-align: justify;\">A trav\u00e9s de su presidente, el Gobernador de Antofagasta Ricardo D\u00edaz, la Asociaci\u00f3n de Gobernadores y Gobernadoras Regionales de Chile (Agorechi) expres\u00f3 la necesidad de trabajar esta tem\u00e1tica desde los territorios, bajo la urgencia de entregar una soluci\u00f3n pronta a las ciudadanas y ciudadanos de todo el pa\u00eds.<\/p>\n<p dir=\"ltr\" style=\"text-align: justify;\"><strong>Reuni\u00f3n con Hacienda y la Ley del Royalty Minero<\/strong><\/p>\n<p>En otra de sus actividades en Santiago, la Gobernadora Regional de Ays\u00e9n, junto a las dem\u00e1s Gobernadoras\u00a0 y Gobernadores de la Agorechi, se reuni\u00f3 con el Ministro de Hacienda, Mario Marcel, para abordar la Ley del Royalty Minero que est\u00e1 en tramitaci\u00f3n en el Congreso y abordar c\u00f3mo contribuir\u00e1 a las regiones.<\/p>\n<p dir=\"ltr\" style=\"text-align: justify;\">\u00abEsta es una ley que, de la recaudaci\u00f3n que va a existir al incrementar los topes que hoy existen en materia de grav\u00e1menes, de impuestos, va a permitir que una parte de ello vaya para el financiamiento del Fondo Com\u00fan Municipal, pero adem\u00e1s para un programa de inversi\u00f3n de los Gobiernos Regionales. Por lo tanto, estuvimos trabajando durante este proceso, intervinimos en la creaci\u00f3n, establecimos ah\u00ed algunas propuestas que fueron abordadas, as\u00ed que, muy contentos y esperar que a nivel parlamentario esto sea acogido porque, sin duda, que viene a hacer justicia con aquellos territorios que han estado al margen, sobre todo en estos temas\u00bb, inform\u00f3 la Gobernadora Andrea Mac\u00edas Palma.<\/p>\n<p dir=\"ltr\" style=\"text-align: justify;\">El titular de Hacienda explic\u00f3 que, desde la discusi\u00f3n que tuvo en la Comisi\u00f3n de Miner\u00eda, qued\u00f3 acordado que el 35% de la recaudaci\u00f3n del Royalty (US$450 millones) se repartir\u00e1 en tres fondos que beneficiar\u00e1n a regiones y comunas, y que, de esos recursos, US$225 millones van a ir destinados a la inversi\u00f3n de los Gobiernos Regionales, distribuidos de acuerdo a la f\u00f3rmula del Fondo Nacional de Desarrollo Regional (FNDR). Adem\u00e1s, estas asignaciones van a poder trasladarse de un a\u00f1o presupuestario a otro, en la medida que la evoluci\u00f3n y la maduraci\u00f3n de los proyectos as\u00ed lo requiera.<\/p>\n<p dir=\"ltr\" style=\"text-align: justify;\">\u00abEstamos dando un paso muy importante en t\u00e9rminos de generar mayores fuentes de ingresos propios para los Gobiernos Regionales. Tambi\u00e9n alcanzamos a conversar algo sobre el proyecto de ley de Rentas Regionales que tenemos previsto enviar al Congreso antes de fin de mes. Ese proyecto va a significar un cambio en el marco institucional en el que se administran los recursos por los Gobiernos Regionales, les va a dar mucha mayor flexibilidad, va a contemplar nuevas fuentes potenciales de ingreso y, por supuesto, tambi\u00e9n mayores responsabilidades en materia de rendici\u00f3n de cuentas\u00bb, aclar\u00f3 el Ministro Mario Marcel.<\/p>\n<p dir=\"ltr\" style=\"text-align: justify;\">Por \u00faltimo, el Gobernador de la Regi\u00f3n de Antofagasta y presidente de la Agorechi, Ricardo D\u00edaz, hizo hincapi\u00e9 en la relevancia de que las regiones puedan acceder a nuevos recursos. \u00abLos desaf\u00edos que tenemos en las distintas regiones, en los territorios, son demasiado grandes, y la distribuci\u00f3n que hemos tenido hasta ahora no ha sido la mejor. Hay comunas, regiones, que reciben muchos menos recursos dada su lejan\u00eda, la baja poblaci\u00f3n, y eso se tiene que equilibrar\u00bb, concluy\u00f3.<\/p>\n<\/div><\/section><\/div><div  style='height:50px' class='hr hr-invisible   avia-builder-el-6  el_after_av_one_full  el_before_av_social_share '><span class='hr-inner ' ><span class='hr-inner-style'><\/span><\/span><\/div><\/p>\n<div  class='av-social-sharing-box  avia-builder-el-7  el_after_av_hr  el_before_av_hr  '><div class='av-share-box'><h5 class='av-share-link-description av-no-toc '>Compartir esta noticia<\/h5><ul class='av-share-box-list noLightbox'><li class='av-share-link av-social-link-facebook' ><a target=\"_blank\" aria-label=\"Compartir en Facebook\" href='https:\/\/www.facebook.com\/sharer.php?u=https:\/\/radiorevelacionfm.cl\/?p=29781&#038;t=Mayores%20atribuciones%20para%20regiones%20y%20municipios%3A%20Gobernadora%20Mac%C3%ADas%20se%20suma%20al%20Compromiso%20Transversal%20por%20la%20Seguridad' aria-hidden='false' data-av_icon='\ue8f3' data-av_iconfont='entypo-fontello' title='' data-avia-related-tooltip='Compartir en Facebook' rel=\"noopener\"><span class='avia_hidden_link_text'>Compartir en Facebook<\/span><\/a><\/li><li class='av-share-link av-social-link-twitter' ><a target=\"_blank\" aria-label=\"Compartir en Twitter\" href='https:\/\/twitter.com\/share?text=Mayores%20atribuciones%20para%20regiones%20y%20municipios%3A%20Gobernadora%20Mac%C3%ADas%20se%20suma%20al%20Compromiso%20Transversal%20por%20la%20Seguridad&#038;url=https:\/\/radiorevelacionfm.cl\/?p=29781' aria-hidden='false' data-av_icon='\ue8f1' data-av_iconfont='entypo-fontello' title='' data-avia-related-tooltip='Compartir en Twitter' rel=\"noopener\"><span class='avia_hidden_link_text'>Compartir en Twitter<\/span><\/a><\/li><li class='av-share-link av-social-link-whatsapp' ><a target=\"_blank\" aria-label=\"Compartir en Whatsapp\" href='https:\/\/api.whatsapp.com\/send?text=https:\/\/radiorevelacionfm.cl\/?p=29781' aria-hidden='false' data-av_icon='\uf232' data-av_iconfont='entypo-fontello' title='' data-avia-related-tooltip='Compartir en Whatsapp' rel=\"noopener\"><span class='avia_hidden_link_text'>Compartir en Whatsapp<\/span><\/a><\/li><li class='av-share-link av-social-link-linkedin' ><a target=\"_blank\" aria-label=\"Compartir en LinkedIn\" href='https:\/\/linkedin.com\/shareArticle?mini=true&#038;title=Mayores%20atribuciones%20para%20regiones%20y%20municipios%3A%20Gobernadora%20Mac%C3%ADas%20se%20suma%20al%20Compromiso%20Transversal%20por%20la%20Seguridad&#038;url=https:\/\/radiorevelacionfm.cl\/?p=29781' aria-hidden='false' data-av_icon='\ue8fc' data-av_iconfont='entypo-fontello' title='' data-avia-related-tooltip='Compartir en LinkedIn' rel=\"noopener\"><span class='avia_hidden_link_text'>Compartir en LinkedIn<\/span><\/a><\/li><li class='av-share-link av-social-link-mail' ><a  aria-label=\"Compartir por correo\" href='mailto:?subject=Mayores%20atribuciones%20para%20regiones%20y%20municipios%3A%20Gobernadora%20Mac%C3%ADas%20se%20suma%20al%20Compromiso%20Transversal%20por%20la%20Seguridad&#038;body=https:\/\/radiorevelacionfm.cl\/?p=29781' aria-hidden='false' data-av_icon='\ue805' data-av_iconfont='entypo-fontello' title='' data-avia-related-tooltip='Compartir por correo'><span class='avia_hidden_link_text'>Compartir por correo<\/span><\/a><\/li><\/ul><\/div><\/div>\n<div  style='height:50px' class='hr hr-invisible   avia-builder-el-8  el_after_av_social_share  el_before_av_comments_list '><span class='hr-inner ' ><span class='hr-inner-style'><\/span><\/span><\/div>\n<div  class='av-buildercomment  av-blog-meta-html-info-disabled av-blog-meta-tag-disabled  '><\/div>\n","protected":false},"excerpt":{"rendered":"","protected":false},"author":1,"featured_media":29782,"comment_status":"open","ping_status":"open","sticky":false,"template":"","format":"standard","meta":{"footnotes":""},"categories":[38],"tags":[],"class_list":["post-29781","post","type-post","status-publish","format-standard","has-post-thumbnail","hentry","category-regional"],"jetpack_featured_media_url":"https:\/\/radiorevelacionfm.cl\/wp-content\/uploads\/2023\/04\/seguridad-1-1_optimized.jpg","_links":{"self":[{"href":"https:\/\/radiorevelacionfm.cl\/index.php?rest_route=\/wp\/v2\/posts\/29781","targetHints":{"allow":["GET"]}}],"collection":[{"href":"https:\/\/radiorevelacionfm.cl\/index.php?rest_route=\/wp\/v2\/posts"}],"about":[{"href":"https:\/\/radiorevelacionfm.cl\/index.php?rest_route=\/wp\/v2\/types\/post"}],"author":[{"embeddable":true,"href":"https:\/\/radiorevelacionfm.cl\/index.php?rest_route=\/wp\/v2\/users\/1"}],"replies":[{"embeddable":true,"href":"https:\/\/radiorevelacionfm.cl\/index.php?rest_route=%2Fwp%2Fv2%2Fcomments&post=29781"}],"version-history":[{"count":1,"href":"https:\/\/radiorevelacionfm.cl\/index.php?rest_route=\/wp\/v2\/posts\/29781\/revisions"}],"predecessor-version":[{"id":29783,"href":"https:\/\/radiorevelacionfm.cl\/index.php?rest_route=\/wp\/v2\/posts\/29781\/revisions\/29783"}],"wp:featuredmedia":[{"embeddable":true,"href":"https:\/\/radiorevelacionfm.cl\/index.php?rest_route=\/wp\/v2\/media\/29782"}],"wp:attachment":[{"href":"https:\/\/radiorevelacionfm.cl\/index.php?rest_route=%2Fwp%2Fv2%2Fmedia&parent=29781"}],"wp:term":[{"taxonomy":"category","embeddable":true,"href":"https:\/\/radiorevelacionfm.cl\/index.php?rest_route=%2Fwp%2Fv2%2Fcategories&post=29781"},{"taxonomy":"post_tag","embeddable":true,"href":"https:\/\/radiorevelacionfm.cl\/index.php?rest_route=%2Fwp%2Fv2%2Ftags&post=29781"}],"curies":[{"name":"wp","href":"https:\/\/api.w.org\/{rel}","templated":true}]}}