{"id":29777,"date":"2023-04-08T20:06:41","date_gmt":"2023-04-08T23:06:41","guid":{"rendered":"https:\/\/radiorevelacionfm.cl\/?p=29777"},"modified":"2023-04-08T20:06:41","modified_gmt":"2023-04-08T23:06:41","slug":"realizan-primera-reunion-de-la-comision-regional-de-coordinacion-del-sistema-de-justicia-penal","status":"publish","type":"post","link":"https:\/\/radiorevelacionfm.cl\/?p=29777","title":{"rendered":"Realizan primera reuni\u00f3n de la Comisi\u00f3n Regional de Coordinaci\u00f3n del Sistema de Justicia Penal"},"content":{"rendered":"<div class=\"flex_column av_one_full  flex_column_div av-zero-column-padding first  avia-builder-el-0  el_before_av_one_full  avia-builder-el-first  \" style='border-radius:0px; '><div  class='avia-image-container  av-styling-    avia-builder-el-1  avia-builder-el-no-sibling  avia-align-center '  itemprop=\"image\" itemscope=\"itemscope\" itemtype=\"https:\/\/schema.org\/ImageObject\"  ><div class='avia-image-container-inner'><div class='avia-image-overlay-wrap'><img decoding=\"async\" class='wp-image-29779 avia-img-lazy-loading-not-29779 avia_image' src=\"https:\/\/radiorevelacionfm.cl\/wp-content\/uploads\/2023\/04\/comision-justicia-penal-1-1_optimized.jpg\" alt='' title='comision-justicia-penal-1-(1)_optimized' height=\"600\" width=\"901\"  itemprop=\"thumbnailUrl\" srcset=\"https:\/\/radiorevelacionfm.cl\/wp-content\/uploads\/2023\/04\/comision-justicia-penal-1-1_optimized.jpg 901w, https:\/\/radiorevelacionfm.cl\/wp-content\/uploads\/2023\/04\/comision-justicia-penal-1-1_optimized-300x200.jpg 300w, https:\/\/radiorevelacionfm.cl\/wp-content\/uploads\/2023\/04\/comision-justicia-penal-1-1_optimized-768x511.jpg 768w, https:\/\/radiorevelacionfm.cl\/wp-content\/uploads\/2023\/04\/comision-justicia-penal-1-1_optimized-705x469.jpg 705w, https:\/\/radiorevelacionfm.cl\/wp-content\/uploads\/2023\/04\/comision-justicia-penal-1-1_optimized-450x300.jpg 450w, https:\/\/radiorevelacionfm.cl\/wp-content\/uploads\/2023\/04\/comision-justicia-penal-1-1_optimized-600x400.jpg 600w\" sizes=\"(max-width: 901px) 100vw, 901px\" \/><\/div><\/div><\/div><\/div><div class=\"flex_column av_one_full  flex_column_div av-zero-column-padding first  avia-builder-el-2  el_after_av_one_full  el_before_av_one_full  column-top-margin\" style='border-radius:0px; '><section class=\"av_textblock_section \"  itemscope=\"itemscope\" itemtype=\"https:\/\/schema.org\/BlogPosting\" itemprop=\"blogPost\" ><div class='avia_textblock  '   itemprop=\"text\" ><p style=\"text-align: center;\"><span style=\"font-size: 18pt;\"><strong>Realizan primera reuni\u00f3n de la Comisi\u00f3n Regional de Coordinaci\u00f3n del Sistema de Justicia Penal <\/strong><\/span><\/p>\n<div id=\"gtx-trans\" style=\"position: absolute; left: -50px; top: 4.31534px;\">\n<div class=\"gtx-trans-icon\"><\/div>\n<\/div>\n<\/div><\/section><\/div><div class=\"flex_column av_one_full  flex_column_div av-zero-column-padding first  avia-builder-el-4  el_after_av_one_full  el_before_av_hr  column-top-margin\" style='border-radius:0px; '><section class=\"av_textblock_section \"  itemscope=\"itemscope\" itemtype=\"https:\/\/schema.org\/BlogPosting\" itemprop=\"blogPost\" ><div class='avia_textblock  '   itemprop=\"text\" ><p style=\"text-align: justify;\">Con el objetivo de procurar el fortalecimiento y buen funcionamiento del sistema procesal penal a nivel regional, el Seremi de Justicia y Derechos Humanos Samuel Navarro Castro encabez\u00f3 recientemente la primera sesi\u00f3n ordinaria del a\u00f1o de la Comisi\u00f3n Regional de Coordinaci\u00f3n del Sistema de Justicia Penal, la que se llev\u00f3 a cabo en dependencias de la Corte de Apelaciones de Coyhaique.<\/p>\n<p style=\"text-align: justify;\">Dicha instancia cont\u00f3 con la participaci\u00f3n del Presidente de la Ilustr\u00edsima Corte de Apelaciones de Coyhaique Ministro Jos\u00e9 Ignacio Mora Trujillo; el Fiscal Jefe de Coyhaique Jos\u00e9 Moris Ferrando; el Prefecto de Carabineros Ays\u00e9n Coronel Fuad Chaban Vilches; la asesora legal de la XI Zona de Carabineros Teniente Mar\u00eda Soledad Pino, el representante de la Defensor\u00eda Penal P\u00fablica Andr\u00e9s Pi\u00f1eiro Santis, el Jefe Regional PDI Ays\u00e9n Prefecto Luis Torrealba Ram\u00edrez y el asesor jur\u00eddico de la Secretar\u00eda Regional Ministerial de Justicia y Derechos Humanos Carlos Mella Atton.<\/p>\n<p style=\"text-align: justify;\">El Seremi de Justicia y Derechos Humanos, Samuel Navarro Castro explic\u00f3 que<em> \u201c<\/em><em>es la primera reuni\u00f3n de la comisi\u00f3n de coordinaci\u00f3n del sistema de Justicia Penal, a la que concurrieron todos los actores como son Carabineros, PDI, Fiscal\u00eda, Defensor\u00eda Penal P\u00fablica y el Presidente de la Corte de Apelaciones. Por ello, muy contentos porque empezamos a organizar el trabajo para este a\u00f1o, se definieron a los secretarios ejecutivos y suplentes de cada instituci\u00f3n, as\u00ed tambi\u00e9n abordamos algunos planteamientos de parte de los actores en torno a c\u00f3mo est\u00e1 funcionando el proceso penal, algunas situaciones que se deben revisar, y empezar a delinear cuales son las brechas y los nudos que pueda presentar el proceso penal en la regi\u00f3n, y que con la colaboraci\u00f3n y el trabajo en conjunto podemos ir resolviendo para los efectos de prestar un mejor servicio de justicia penal a la ciudadan\u00eda\u201d.<\/em><\/p>\n<p style=\"text-align: justify;\">En este contexto, el Presidente del Tribunal de alzada de Coyhaique, Ministro Jos\u00e9 Ignacio Mora, sostuvo que \u201cnos parece relevante tener esta instancia donde los diversos actores del sistema de justicia penal pueden expresar sus visiones respecto al trabajo en esta materia. Lo que sin duda colabora para tener una buena coordinaci\u00f3n y en ese sentido pudimos informar respecto al trabajo jurisdiccional durante el a\u00f1o judicial 2023, en especifico en el desarrollo de las audiencias que ser\u00e1n presenciales y telem\u00e1ticas en todos los tribunales de la regi\u00f3n. Todo con el objetivo de brindar una justicia mas expedita para las personas\u201d.<\/p>\n<p style=\"text-align: justify;\">Finalmente, cabe mencionar que la Comisi\u00f3n Regional de Coordinaci\u00f3n del Sistema de Justicia Penal es un \u00f3rgano de car\u00e1cter permanente y consultivo, que tiene por objeto procurar el fortalecimiento y buen funcionamiento del sistema procesal penal, a trav\u00e9s de proposiciones t\u00e9cnicas que faciliten su desarrollo, seguimiento y evaluaci\u00f3n, as\u00ed como la acci\u00f3n mancomunada de las instituciones en ella representadas.<\/p>\n<\/div><\/section><\/div><div  style='height:50px' class='hr hr-invisible   avia-builder-el-6  el_after_av_one_full  el_before_av_social_share '><span class='hr-inner ' ><span class='hr-inner-style'><\/span><\/span><\/div><\/p>\n<div  class='av-social-sharing-box  avia-builder-el-7  el_after_av_hr  el_before_av_hr  '><div class='av-share-box'><h5 class='av-share-link-description av-no-toc '>Compartir esta noticia<\/h5><ul class='av-share-box-list noLightbox'><li class='av-share-link av-social-link-facebook' ><a target=\"_blank\" aria-label=\"Compartir en Facebook\" href='https:\/\/www.facebook.com\/sharer.php?u=https:\/\/radiorevelacionfm.cl\/?p=29777&#038;t=Realizan%20primera%20reuni%C3%B3n%20de%20la%20Comisi%C3%B3n%20Regional%20de%20Coordinaci%C3%B3n%20del%20Sistema%20de%20Justicia%20Penal' aria-hidden='false' data-av_icon='\ue8f3' data-av_iconfont='entypo-fontello' title='' data-avia-related-tooltip='Compartir en Facebook' rel=\"noopener\"><span class='avia_hidden_link_text'>Compartir en Facebook<\/span><\/a><\/li><li class='av-share-link av-social-link-twitter' ><a target=\"_blank\" aria-label=\"Compartir en Twitter\" href='https:\/\/twitter.com\/share?text=Realizan%20primera%20reuni%C3%B3n%20de%20la%20Comisi%C3%B3n%20Regional%20de%20Coordinaci%C3%B3n%20del%20Sistema%20de%20Justicia%20Penal&#038;url=https:\/\/radiorevelacionfm.cl\/?p=29777' aria-hidden='false' data-av_icon='\ue8f1' data-av_iconfont='entypo-fontello' title='' data-avia-related-tooltip='Compartir en Twitter' rel=\"noopener\"><span class='avia_hidden_link_text'>Compartir en Twitter<\/span><\/a><\/li><li class='av-share-link av-social-link-whatsapp' ><a target=\"_blank\" aria-label=\"Compartir en Whatsapp\" href='https:\/\/api.whatsapp.com\/send?text=https:\/\/radiorevelacionfm.cl\/?p=29777' aria-hidden='false' data-av_icon='\uf232' data-av_iconfont='entypo-fontello' title='' data-avia-related-tooltip='Compartir en Whatsapp' rel=\"noopener\"><span class='avia_hidden_link_text'>Compartir en Whatsapp<\/span><\/a><\/li><li class='av-share-link av-social-link-linkedin' ><a target=\"_blank\" aria-label=\"Compartir en LinkedIn\" href='https:\/\/linkedin.com\/shareArticle?mini=true&#038;title=Realizan%20primera%20reuni%C3%B3n%20de%20la%20Comisi%C3%B3n%20Regional%20de%20Coordinaci%C3%B3n%20del%20Sistema%20de%20Justicia%20Penal&#038;url=https:\/\/radiorevelacionfm.cl\/?p=29777' aria-hidden='false' data-av_icon='\ue8fc' data-av_iconfont='entypo-fontello' title='' data-avia-related-tooltip='Compartir en LinkedIn' rel=\"noopener\"><span class='avia_hidden_link_text'>Compartir en LinkedIn<\/span><\/a><\/li><li class='av-share-link av-social-link-mail' ><a  aria-label=\"Compartir por correo\" href='mailto:?subject=Realizan%20primera%20reuni%C3%B3n%20de%20la%20Comisi%C3%B3n%20Regional%20de%20Coordinaci%C3%B3n%20del%20Sistema%20de%20Justicia%20Penal&#038;body=https:\/\/radiorevelacionfm.cl\/?p=29777' aria-hidden='false' data-av_icon='\ue805' data-av_iconfont='entypo-fontello' title='' data-avia-related-tooltip='Compartir por correo'><span class='avia_hidden_link_text'>Compartir por correo<\/span><\/a><\/li><\/ul><\/div><\/div>\n<div  style='height:50px' class='hr hr-invisible   avia-builder-el-8  el_after_av_social_share  el_before_av_comments_list '><span class='hr-inner ' ><span class='hr-inner-style'><\/span><\/span><\/div>\n<div  class='av-buildercomment  av-blog-meta-html-info-disabled av-blog-meta-tag-disabled  '><\/div>\n","protected":false},"excerpt":{"rendered":"","protected":false},"author":1,"featured_media":29779,"comment_status":"open","ping_status":"open","sticky":false,"template":"","format":"standard","meta":{"footnotes":""},"categories":[55],"tags":[],"class_list":["post-29777","post","type-post","status-publish","format-standard","has-post-thumbnail","hentry","category-justicia"],"jetpack_featured_media_url":"https:\/\/radiorevelacionfm.cl\/wp-content\/uploads\/2023\/04\/comision-justicia-penal-1-1_optimized.jpg","_links":{"self":[{"href":"https:\/\/radiorevelacionfm.cl\/index.php?rest_route=\/wp\/v2\/posts\/29777","targetHints":{"allow":["GET"]}}],"collection":[{"href":"https:\/\/radiorevelacionfm.cl\/index.php?rest_route=\/wp\/v2\/posts"}],"about":[{"href":"https:\/\/radiorevelacionfm.cl\/index.php?rest_route=\/wp\/v2\/types\/post"}],"author":[{"embeddable":true,"href":"https:\/\/radiorevelacionfm.cl\/index.php?rest_route=\/wp\/v2\/users\/1"}],"replies":[{"embeddable":true,"href":"https:\/\/radiorevelacionfm.cl\/index.php?rest_route=%2Fwp%2Fv2%2Fcomments&post=29777"}],"version-history":[{"count":1,"href":"https:\/\/radiorevelacionfm.cl\/index.php?rest_route=\/wp\/v2\/posts\/29777\/revisions"}],"predecessor-version":[{"id":29780,"href":"https:\/\/radiorevelacionfm.cl\/index.php?rest_route=\/wp\/v2\/posts\/29777\/revisions\/29780"}],"wp:featuredmedia":[{"embeddable":true,"href":"https:\/\/radiorevelacionfm.cl\/index.php?rest_route=\/wp\/v2\/media\/29779"}],"wp:attachment":[{"href":"https:\/\/radiorevelacionfm.cl\/index.php?rest_route=%2Fwp%2Fv2%2Fmedia&parent=29777"}],"wp:term":[{"taxonomy":"category","embeddable":true,"href":"https:\/\/radiorevelacionfm.cl\/index.php?rest_route=%2Fwp%2Fv2%2Fcategories&post=29777"},{"taxonomy":"post_tag","embeddable":true,"href":"https:\/\/radiorevelacionfm.cl\/index.php?rest_route=%2Fwp%2Fv2%2Ftags&post=29777"}],"curies":[{"name":"wp","href":"https:\/\/api.w.org\/{rel}","templated":true}]}}