{"id":29774,"date":"2023-04-06T16:50:20","date_gmt":"2023-04-06T19:50:20","guid":{"rendered":"https:\/\/radiorevelacionfm.cl\/?p=29774"},"modified":"2023-04-06T16:50:20","modified_gmt":"2023-04-06T19:50:20","slug":"en-puerto-aysen-realizan-taller-que-aborda-la-prevencion-del-suicidio","status":"publish","type":"post","link":"https:\/\/radiorevelacionfm.cl\/?p=29774","title":{"rendered":"En Puerto Ays\u00e9n realizan taller que aborda la prevenci\u00f3n del suicidio"},"content":{"rendered":"<div class=\"flex_column av_one_full  flex_column_div av-zero-column-padding first  avia-builder-el-0  el_before_av_one_full  avia-builder-el-first  \" style='border-radius:0px; '><div  class='avia-image-container  av-styling-    avia-builder-el-1  avia-builder-el-no-sibling  avia-align-center '  itemprop=\"image\" itemscope=\"itemscope\" itemtype=\"https:\/\/schema.org\/ImageObject\"  ><div class='avia-image-container-inner'><div class='avia-image-overlay-wrap'><img decoding=\"async\" class='wp-image-29775 avia-img-lazy-loading-not-29775 avia_image' src=\"https:\/\/radiorevelacionfm.cl\/wp-content\/uploads\/2023\/04\/taller-oasis-5-1-1_optimized-1.jpg\" alt='' title='taller-oasis-(5)-(1)-(1)_optimized (1)' height=\"600\" width=\"1018\"  itemprop=\"thumbnailUrl\" srcset=\"https:\/\/radiorevelacionfm.cl\/wp-content\/uploads\/2023\/04\/taller-oasis-5-1-1_optimized-1.jpg 1018w, https:\/\/radiorevelacionfm.cl\/wp-content\/uploads\/2023\/04\/taller-oasis-5-1-1_optimized-1-300x177.jpg 300w, https:\/\/radiorevelacionfm.cl\/wp-content\/uploads\/2023\/04\/taller-oasis-5-1-1_optimized-1-768x453.jpg 768w, https:\/\/radiorevelacionfm.cl\/wp-content\/uploads\/2023\/04\/taller-oasis-5-1-1_optimized-1-705x416.jpg 705w, https:\/\/radiorevelacionfm.cl\/wp-content\/uploads\/2023\/04\/taller-oasis-5-1-1_optimized-1-450x265.jpg 450w, https:\/\/radiorevelacionfm.cl\/wp-content\/uploads\/2023\/04\/taller-oasis-5-1-1_optimized-1-600x354.jpg 600w\" sizes=\"(max-width: 1018px) 100vw, 1018px\" \/><\/div><\/div><\/div><\/div><div class=\"flex_column av_one_full  flex_column_div av-zero-column-padding first  avia-builder-el-2  el_after_av_one_full  el_before_av_one_full  column-top-margin\" style='border-radius:0px; '><section class=\"av_textblock_section \"  itemscope=\"itemscope\" itemtype=\"https:\/\/schema.org\/BlogPosting\" itemprop=\"blogPost\" ><div class='avia_textblock  '   itemprop=\"text\" ><p style=\"text-align: center;\"><strong><span style=\"font-size: 18pt;\">En Puerto Ays\u00e9n realizan taller que aborda la prevenci\u00f3n del suicidio<\/span><\/strong><\/p>\n<div id=\"gtx-trans\" style=\"position: absolute; left: -50px; top: 4.31534px;\">\n<div class=\"gtx-trans-icon\"><\/div>\n<\/div>\n<\/div><\/section><\/div><div class=\"flex_column av_one_full  flex_column_div av-zero-column-padding first  avia-builder-el-4  el_after_av_one_full  el_before_av_hr  column-top-margin\" style='border-radius:0px; '><section class=\"av_textblock_section \"  itemscope=\"itemscope\" itemtype=\"https:\/\/schema.org\/BlogPosting\" itemprop=\"blogPost\" ><div class='avia_textblock  '   itemprop=\"text\" ><p style=\"font-weight: 400; text-align: justify;\">Con una excelente convocatoria, se realiz\u00f3 en el audit\u00f3rium del Hospital de Puerto Ays\u00e9n, el taller denominado \u201cOASIS\u201d; impartido por la Fundaci\u00f3n Katy Summer y organizado entre el Instituto Nacional de Derechos Humanos, INDH, y el programa de Prevenci\u00f3n en Violencia contra las Mujeres; intervenci\u00f3n program\u00e1tica en convenio entre el Servicio Nacional de la Mujer y la Equidad de G\u00e9nero, SernamEG, y la Municipalidad de Ays\u00e9n. Iniciativa que cont\u00f3 con la colaboraci\u00f3n de Mowi Chile y que fue dirigida a funcionarias y funcionarios de organismos p\u00fablicos y privados en el territorio; la que tuvo como objetivo favorecer el desarrollo de habilidades para la entrega de contenci\u00f3n en crisis, mediante la t\u00e9cnica de primeros auxilios psicol\u00f3gicos.<\/p>\n<p style=\"font-weight: 400; text-align: justify;\">La Directora Regional (S) de SernamEG, Carla Arriagada Malague\u00f1o, resalt\u00f3 que \u201cel programa de Prevenci\u00f3n en Violencia contra las Mujeres ha venido desarrollando un trabajo sistem\u00e1tico en la comuna de Ays\u00e9n, que se consolida con la cantidad de instituciones y programas que actualmente conforman la Mesa Intersectorial de Prevenci\u00f3n en Violencia contra las Mujeres; lo que ha permitido que est\u00e9 validado como un referente a la hora de abordar tem\u00e1ticas relacionadas a las juventudes. En esa l\u00ednea, teniendo presente adem\u00e1s las m\u00faltiples necesidades que presentan las y los j\u00f3venes, ya que se encuentran en una etapa de transici\u00f3n, de descubrimiento de s\u00ed y del entorno, es que naci\u00f3 la idea de este taller que esperamos haya sido un aporte para las personas que se relacionan con este rango etario. La idea es continuar con iniciativas oportunas y de calidad, que aborden las problem\u00e1ticas socioculturales presentes en el territorio. De manera de fortalecer el tejido social que involucra no s\u00f3lo a las instituciones, sino que a la comunidad en su totalidad\u201d.<\/p>\n<p style=\"font-weight: 400; text-align: justify;\">Por su parte, el Jefe Regional del INDH, Joaqu\u00edn Bizama Tiznado, destac\u00f3 la coordinaci\u00f3n intersectorial, precisando que \u201ctenemos dos grandes \u00e1reas, promoci\u00f3n y educaci\u00f3n. En relaci\u00f3n a la promoci\u00f3n, trabajamos en sensibilizaci\u00f3n de derechos humanos y en la que hemos tenido una buena sinergia con el programa de Prevenci\u00f3n en Violencia contra las Mujeres. Sin duda que los datos y la realidad nos entregan mucha informaci\u00f3n respecto de las situaciones de violencia que se viven, particularmente en la comuna de Ays\u00e9n, que decantan en situaciones tan tr\u00e1gicas como una ideaci\u00f3n suicida o un suicidio.\u00a0 Por lo tanto, creemos que a trav\u00e9s de esta actividad estamos dando una respuesta a lo que solicitan las personas\u201d.<\/p>\n<p style=\"font-weight: 400; text-align: justify;\">En tanto, el Jefe de Seguridad P\u00fablica de la Municipalidad de Ays\u00e9n, Marcos Co\u00f1uecar Villegas, se refiri\u00f3 a la labor realizada con el intersector en la comuna de Ays\u00e9n, sobre prevenci\u00f3n del suicidio infanto- juvenil. \u201cEstamos muy contentos por el tremendo trabajo que se est\u00e1 haciendo desde la Municipalidad, en materia de prevenci\u00f3n. Este es un tema que no es s\u00f3lo de un d\u00eda, sino que siempre hay que estar pendiente. Creo que cuando trabajamos en prevenci\u00f3n como Municipalidad, ponemos todo el esfuerzo para que nuestros equipos est\u00e9n preparados para cualquier tipo de circunstancia como la que acabamos de analizar\u201d.<\/p>\n<p style=\"font-weight: 400; text-align: justify;\"><strong>TALLER OASIS<\/strong><\/p>\n<p style=\"font-weight: 400; text-align: justify;\">La Fundaci\u00f3n Katy Summer es una organizaci\u00f3n sin fines de lucro que tiene como objetivo promover la salud mental juvenil en personas j\u00f3venes y adultas. El nombre del taller OASIS se refiere a una sigla, en la que cada palabra tiene un significado: observa, acoge, silencio, ilumina y sost\u00e9n. Durante la exposici\u00f3n se efectu\u00f3 la explicaci\u00f3n de cada una de ellas, en la que hubo una activa participaci\u00f3n. Una de ellas fue la Encargada de Convivencia del Liceo Polit\u00e9cnico A1 de Puerto Ays\u00e9n, Erika Henr\u00edquez Osorio. \u201cEsta era una necesidad que tenemos hace mucho tiempo con respecto a conversar, hay mucho miedo respecto al suicidio y es una situaci\u00f3n que como encargadas y encargados de convivencia estamos super reactivos y a flor de piel, porque nos llegan las crisis. Considero que nunca se deja de aprender. Aunque manejamos tips siempre creo que la conversaci\u00f3n es sanadora y tambi\u00e9n esta oportunidad me ha permitido incorporar nuevas ideas y creo que esta actividad es el principio de una conversaci\u00f3n como comuna, para que nos atrevamos a conversar de estas situaciones, pero tambi\u00e9n para cuidar a las personas que contenemos\u201d, puntualiz\u00f3.<\/p>\n<p style=\"font-weight: 400; text-align: justify;\">Consultado respecto al mensaje a las personas que deban abordar a una persona con intenci\u00f3n suicida, uno de los fundadores de la Fundaci\u00f3n Katy Summer, Emanuel Pacheco, dijo: \u201clo importante es saber que no necesitamos ser expertas y expertos de salud mental para poder hablar con alguien. Debemos activar v\u00ednculos para escuchar realmente a otro ser humano y entender sus dolores, sin minimizarlos o comparar; simplemente escuchando y estando presente. Esa es la mejor forma de salvar vidas, no necesitamos ser profesionales, s\u00f3lo ser humanos\u201d.<\/p>\n<p style=\"font-weight: 400; text-align: justify;\">Finalmente, la Mesa Intersectorial de Prevenci\u00f3n de Violencias contra las Mujeres est\u00e1 compuesta por la Oficina de Asuntos Juveniles, Seremi de la Mujer y la Equidad de G\u00e9nero, MOWI, Servicio Nacional para la Prevenci\u00f3n y Rehabilitaci\u00f3n del Consumo de Drogas y Alcohol (SENDA), Oficina Local de la Ni\u00f1ez (OLN), programa Quiero mi Barrio, Oficina de Protecci\u00f3n de Derechos de Infancia (OPD), Polic\u00eda de Investigaciones de Chile (PDI), Programas de Intervenci\u00f3n Especializada (PIE), Programas de Prevenci\u00f3n Focalizada (PPF), Centro de Protecci\u00f3n Infanto Juvenil (CEPIJ), Seguridad P\u00fablica de la Municipalidad de Ays\u00e9n, Centro de Formaci\u00f3n T\u00e9cnica Ays\u00e9n, Segunda Comisaria de Carabineros de Puerto Ays\u00e9n, Juzgado de Letras, Garant\u00eda y Familia Puerto Ays\u00e9n, departamento de Atenci\u00f3n a V\u00edctimas de Violencia Sexual del Hospital de Ays\u00e9n, Instituto Nacional de la Juventud (INJUV), Corporaci\u00f3n Nacional Forestal (CONAF) Ays\u00e9n, Unidad de Cultura de la Municipalidad de Ays\u00e9n, Departamento de Orientaci\u00f3n del Colegio Sagrada Familia, los programas Gobierno en Terreno y de Seguridad P\u00fablica de la Delegaci\u00f3n Presidencial Provincial de Ays\u00e9n, Regimiento N\u00b08 Chilo\u00e9 del Ej\u00e9rcito de Chile, Servicio de Aduanas de Ays\u00e9n, Servicio Mejor Ni\u00f1ez, Fundaci\u00f3n para la Promoci\u00f3n de Desarrollo de la Mujer (PRODEMU), Unidad de G\u00e9nero de la Universidad de Ays\u00e9n, la Corporaci\u00f3n de Asistencia Judicial (CAJ), Centro de la Mujer Naa Alver\u00e9 y el programa Mujeres Jefas de Hogar (PMJH).<\/p>\n<\/div><\/section><\/div><div  style='height:50px' class='hr hr-invisible   avia-builder-el-6  el_after_av_one_full  el_before_av_social_share '><span class='hr-inner ' ><span class='hr-inner-style'><\/span><\/span><\/div><\/p>\n<div  class='av-social-sharing-box  avia-builder-el-7  el_after_av_hr  el_before_av_hr  '><div class='av-share-box'><h5 class='av-share-link-description av-no-toc '>Compartir esta noticia<\/h5><ul class='av-share-box-list noLightbox'><li class='av-share-link av-social-link-facebook' ><a target=\"_blank\" aria-label=\"Compartir en Facebook\" href='https:\/\/www.facebook.com\/sharer.php?u=https:\/\/radiorevelacionfm.cl\/?p=29774&#038;t=En%20Puerto%20Ays%C3%A9n%20realizan%20taller%20que%20aborda%20la%20prevenci%C3%B3n%20del%20suicidio' aria-hidden='false' data-av_icon='\ue8f3' data-av_iconfont='entypo-fontello' title='' data-avia-related-tooltip='Compartir en Facebook' rel=\"noopener\"><span class='avia_hidden_link_text'>Compartir en Facebook<\/span><\/a><\/li><li class='av-share-link av-social-link-twitter' ><a target=\"_blank\" aria-label=\"Compartir en Twitter\" href='https:\/\/twitter.com\/share?text=En%20Puerto%20Ays%C3%A9n%20realizan%20taller%20que%20aborda%20la%20prevenci%C3%B3n%20del%20suicidio&#038;url=https:\/\/radiorevelacionfm.cl\/?p=29774' aria-hidden='false' data-av_icon='\ue8f1' data-av_iconfont='entypo-fontello' title='' data-avia-related-tooltip='Compartir en Twitter' rel=\"noopener\"><span class='avia_hidden_link_text'>Compartir en Twitter<\/span><\/a><\/li><li class='av-share-link av-social-link-whatsapp' ><a target=\"_blank\" aria-label=\"Compartir en Whatsapp\" href='https:\/\/api.whatsapp.com\/send?text=https:\/\/radiorevelacionfm.cl\/?p=29774' aria-hidden='false' data-av_icon='\uf232' data-av_iconfont='entypo-fontello' title='' data-avia-related-tooltip='Compartir en Whatsapp' rel=\"noopener\"><span class='avia_hidden_link_text'>Compartir en Whatsapp<\/span><\/a><\/li><li class='av-share-link av-social-link-linkedin' ><a target=\"_blank\" aria-label=\"Compartir en LinkedIn\" href='https:\/\/linkedin.com\/shareArticle?mini=true&#038;title=En%20Puerto%20Ays%C3%A9n%20realizan%20taller%20que%20aborda%20la%20prevenci%C3%B3n%20del%20suicidio&#038;url=https:\/\/radiorevelacionfm.cl\/?p=29774' aria-hidden='false' data-av_icon='\ue8fc' data-av_iconfont='entypo-fontello' title='' data-avia-related-tooltip='Compartir en LinkedIn' rel=\"noopener\"><span class='avia_hidden_link_text'>Compartir en LinkedIn<\/span><\/a><\/li><li class='av-share-link av-social-link-mail' ><a  aria-label=\"Compartir por correo\" href='mailto:?subject=En%20Puerto%20Ays%C3%A9n%20realizan%20taller%20que%20aborda%20la%20prevenci%C3%B3n%20del%20suicidio&#038;body=https:\/\/radiorevelacionfm.cl\/?p=29774' aria-hidden='false' data-av_icon='\ue805' data-av_iconfont='entypo-fontello' title='' data-avia-related-tooltip='Compartir por correo'><span class='avia_hidden_link_text'>Compartir por correo<\/span><\/a><\/li><\/ul><\/div><\/div>\n<div  style='height:50px' class='hr hr-invisible   avia-builder-el-8  el_after_av_social_share  el_before_av_comments_list '><span class='hr-inner ' ><span class='hr-inner-style'><\/span><\/span><\/div>\n<div  class='av-buildercomment  av-blog-meta-html-info-disabled av-blog-meta-tag-disabled  '><\/div>\n","protected":false},"excerpt":{"rendered":"","protected":false},"author":1,"featured_media":29775,"comment_status":"open","ping_status":"open","sticky":false,"template":"","format":"standard","meta":{"footnotes":""},"categories":[38],"tags":[],"class_list":["post-29774","post","type-post","status-publish","format-standard","has-post-thumbnail","hentry","category-regional"],"jetpack_featured_media_url":"https:\/\/radiorevelacionfm.cl\/wp-content\/uploads\/2023\/04\/taller-oasis-5-1-1_optimized-1.jpg","_links":{"self":[{"href":"https:\/\/radiorevelacionfm.cl\/index.php?rest_route=\/wp\/v2\/posts\/29774","targetHints":{"allow":["GET"]}}],"collection":[{"href":"https:\/\/radiorevelacionfm.cl\/index.php?rest_route=\/wp\/v2\/posts"}],"about":[{"href":"https:\/\/radiorevelacionfm.cl\/index.php?rest_route=\/wp\/v2\/types\/post"}],"author":[{"embeddable":true,"href":"https:\/\/radiorevelacionfm.cl\/index.php?rest_route=\/wp\/v2\/users\/1"}],"replies":[{"embeddable":true,"href":"https:\/\/radiorevelacionfm.cl\/index.php?rest_route=%2Fwp%2Fv2%2Fcomments&post=29774"}],"version-history":[{"count":1,"href":"https:\/\/radiorevelacionfm.cl\/index.php?rest_route=\/wp\/v2\/posts\/29774\/revisions"}],"predecessor-version":[{"id":29776,"href":"https:\/\/radiorevelacionfm.cl\/index.php?rest_route=\/wp\/v2\/posts\/29774\/revisions\/29776"}],"wp:featuredmedia":[{"embeddable":true,"href":"https:\/\/radiorevelacionfm.cl\/index.php?rest_route=\/wp\/v2\/media\/29775"}],"wp:attachment":[{"href":"https:\/\/radiorevelacionfm.cl\/index.php?rest_route=%2Fwp%2Fv2%2Fmedia&parent=29774"}],"wp:term":[{"taxonomy":"category","embeddable":true,"href":"https:\/\/radiorevelacionfm.cl\/index.php?rest_route=%2Fwp%2Fv2%2Fcategories&post=29774"},{"taxonomy":"post_tag","embeddable":true,"href":"https:\/\/radiorevelacionfm.cl\/index.php?rest_route=%2Fwp%2Fv2%2Ftags&post=29774"}],"curies":[{"name":"wp","href":"https:\/\/api.w.org\/{rel}","templated":true}]}}