{"id":29771,"date":"2023-04-06T11:23:49","date_gmt":"2023-04-06T14:23:49","guid":{"rendered":"https:\/\/radiorevelacionfm.cl\/?p=29771"},"modified":"2023-04-06T11:23:49","modified_gmt":"2023-04-06T14:23:49","slug":"presentan-a-nueva-coordinadora-regional-de-seguridad-publica","status":"publish","type":"post","link":"https:\/\/radiorevelacionfm.cl\/?p=29771","title":{"rendered":"Presentan a nueva Coordinadora Regional de Seguridad P\u00fablica"},"content":{"rendered":"<div class=\"flex_column av_one_full  flex_column_div av-zero-column-padding first  avia-builder-el-0  el_before_av_one_full  avia-builder-el-first  \" style='border-radius:0px; '><div  class='avia-image-container  av-styling-    avia-builder-el-1  avia-builder-el-no-sibling  avia-align-center '  itemprop=\"image\" itemscope=\"itemscope\" itemtype=\"https:\/\/schema.org\/ImageObject\"  ><div class='avia-image-container-inner'><div class='avia-image-overlay-wrap'><img decoding=\"async\" class='wp-image-29772 avia-img-lazy-loading-not-29772 avia_image' src=\"https:\/\/radiorevelacionfm.cl\/wp-content\/uploads\/2023\/04\/IMG-9676-1-1.jpg\" alt='' title='IMG-9676 (1) (1)' height=\"600\" width=\"800\"  itemprop=\"thumbnailUrl\" srcset=\"https:\/\/radiorevelacionfm.cl\/wp-content\/uploads\/2023\/04\/IMG-9676-1-1.jpg 800w, https:\/\/radiorevelacionfm.cl\/wp-content\/uploads\/2023\/04\/IMG-9676-1-1-300x225.jpg 300w, https:\/\/radiorevelacionfm.cl\/wp-content\/uploads\/2023\/04\/IMG-9676-1-1-768x576.jpg 768w, https:\/\/radiorevelacionfm.cl\/wp-content\/uploads\/2023\/04\/IMG-9676-1-1-705x529.jpg 705w, https:\/\/radiorevelacionfm.cl\/wp-content\/uploads\/2023\/04\/IMG-9676-1-1-450x338.jpg 450w, https:\/\/radiorevelacionfm.cl\/wp-content\/uploads\/2023\/04\/IMG-9676-1-1-600x450.jpg 600w\" sizes=\"(max-width: 800px) 100vw, 800px\" \/><\/div><\/div><\/div><\/div>\n<div class=\"flex_column av_one_full  flex_column_div av-zero-column-padding first  avia-builder-el-2  el_after_av_one_full  el_before_av_one_full  column-top-margin\" style='border-radius:0px; '><section class=\"av_textblock_section \"  itemscope=\"itemscope\" itemtype=\"https:\/\/schema.org\/BlogPosting\" itemprop=\"blogPost\" ><div class='avia_textblock  '   itemprop=\"text\" ><p style=\"text-align: center;\"><strong><span style=\"font-size: 18pt;\">Presentan a nueva Coordinadora Regional de Seguridad P\u00fablica<\/span><\/strong><\/p>\n<div id=\"gtx-trans\" style=\"position: absolute; left: -50px; top: 4.31534px;\">\n<div class=\"gtx-trans-icon\"><\/div>\n<\/div>\n<\/div><\/section><\/div><div class=\"flex_column av_one_full  flex_column_div av-zero-column-padding first  avia-builder-el-4  el_after_av_one_full  el_before_av_hr  column-top-margin\" style='border-radius:0px; '><section class=\"av_textblock_section \"  itemscope=\"itemscope\" itemtype=\"https:\/\/schema.org\/BlogPosting\" itemprop=\"blogPost\" ><div class='avia_textblock  '   itemprop=\"text\" ><p style=\"font-weight: 400; text-align: justify;\">En el marco del Comit\u00e9 Policial de los d\u00edas martes, en Coyhaique, el delegado presidencial (S.) Samuel Navarro present\u00f3 a la nueva coordinadora regional de Seguridad P\u00fablica para Ays\u00e9n. Se trata de la psic\u00f3loga Camila Covarrubias Retamal, quien se desempe\u00f1\u00f3 durante los \u00faltimos 10 a\u00f1os como profesional de la Unidad Investigadora de Delitos Sexuales, de la Polic\u00eda de Investigaciones.<\/p>\n<p style=\"font-weight: 400; text-align: justify;\">El delegado regional (S.) indic\u00f3 que la nueva coordinadora se integra al trabajo de un Gobierno centrado en proporcionar a la comunidad seguridad econ\u00f3mica, seguridad social y seguridad ciudadana. \u201cSi bien es cierto ha existido un trabajo muy importante de las polic\u00edas, siempre es bueno incorporar nuevos liderazgos que nos permitan trabajar con la institucionalidad, las vecinas y los vecinos esta importante materia\u201d, agreg\u00f3 Samuel Navarro.<\/p>\n<p style=\"font-weight: 400; text-align: justify;\">Por su parte, la coordinadora Camila Covarrubias mencion\u00f3 que cuenta con experiencia laboral en la regi\u00f3n de Ays\u00e9n, lo que le facilitar\u00e1 asumir sus nuevas funciones. \u201cMe desempe\u00f1\u00e9 los \u00faltimos 6 a\u00f1os en la Polic\u00eda de Investigaciones de Chile, en esta regi\u00f3n, por lo tanto conozco los problemas de su gente, los delitos que les afectan y eso me ayuda a tener una mirada m\u00e1s amplia y cercana a estas problem\u00e1ticas\u201d, asegur\u00f3.<\/p>\n<p style=\"font-weight: 400; text-align: justify;\">La nueva encargada de Seguridad P\u00fablica se\u00f1al\u00f3 que para el equipo que lidera \u00a0retomar los encuentros del Comit\u00e9 Policial, especialmente en el marco de las festividades religiosas que se avecinan este fin de semana, formulando un llamado a la poblaci\u00f3n al autocuidado y a dar \u00e9nfasis a la prevenci\u00f3n.<\/p>\n<p style=\"font-weight: 400; text-align: justify;\">En este sentido, como parte de la coordinaci\u00f3n con el Gobierno para el despliegue del fin de semana largo, el jefe de zona de Carabineros, general Patricio Santos, inform\u00f3 que la seguridad ser\u00e1 reforzada \u201ccon 130 carabineros que resguardar\u00e1n 40 puntos de alto inter\u00e9s tur\u00edstico y lugares de desplazamiento de personas dentro de la regi\u00f3n. Esto sin descuidar la seguridad regular territorial, as\u00ed como las rutas de acceso y salida de la regi\u00f3n\u201d, indic\u00f3 el jefe de la polic\u00eda uniformada.<\/p>\n<p style=\"font-weight: 400; text-align: justify;\">Por su parte, el prefecto de la Polic\u00eda de Investigaciones asegur\u00f3 que durante estas festividades la instituci\u00f3n desplegar\u00e1 a \u201cBrigadas Investigadoras de Robos, Homicidios, Delitos Econ\u00f3micos e Investigaci\u00f3n Criminal. Y tambi\u00e9n nos concentraremos en el control de ingreso y egreso de personas en los pasos fronterizos Huemules y Jeinimeni\u201d, afirm\u00f3.<\/p>\n<p style=\"font-weight: 400; text-align: justify;\">Finalmente, las autoridades de Gobierno y policiales participantes en el Comit\u00e9 Policial Regional, llamaron a disfrutar de este fin de semana cuidando la integridad y bienestar de las personas, reiterando la existencia del tel\u00e9fono \u201cDenuncia Seguro\u201d al cual se puede entregar informaci\u00f3n sobre hechos delictuales en forma 100% an\u00f3nima, llamando al *4242.<\/p>\n<\/div><\/section><\/div><\/p>\n<div  style='height:50px' class='hr hr-invisible   avia-builder-el-6  el_after_av_one_full  el_before_av_social_share '><span class='hr-inner ' ><span class='hr-inner-style'><\/span><\/span><\/div>\n<div  class='av-social-sharing-box  avia-builder-el-7  el_after_av_hr  el_before_av_hr  '><div class='av-share-box'><h5 class='av-share-link-description av-no-toc '>Compartir esta noticia<\/h5><ul class='av-share-box-list noLightbox'><li class='av-share-link av-social-link-facebook' ><a target=\"_blank\" aria-label=\"Compartir en Facebook\" href='https:\/\/www.facebook.com\/sharer.php?u=https:\/\/radiorevelacionfm.cl\/?p=29771&#038;t=Presentan%20a%20nueva%20Coordinadora%20Regional%20de%20Seguridad%20P%C3%BAblica' aria-hidden='false' data-av_icon='\ue8f3' data-av_iconfont='entypo-fontello' title='' data-avia-related-tooltip='Compartir en Facebook' rel=\"noopener\"><span class='avia_hidden_link_text'>Compartir en Facebook<\/span><\/a><\/li><li class='av-share-link av-social-link-twitter' ><a target=\"_blank\" aria-label=\"Compartir en Twitter\" href='https:\/\/twitter.com\/share?text=Presentan%20a%20nueva%20Coordinadora%20Regional%20de%20Seguridad%20P%C3%BAblica&#038;url=https:\/\/radiorevelacionfm.cl\/?p=29771' aria-hidden='false' data-av_icon='\ue8f1' data-av_iconfont='entypo-fontello' title='' data-avia-related-tooltip='Compartir en Twitter' rel=\"noopener\"><span class='avia_hidden_link_text'>Compartir en Twitter<\/span><\/a><\/li><li class='av-share-link av-social-link-whatsapp' ><a target=\"_blank\" aria-label=\"Compartir en Whatsapp\" href='https:\/\/api.whatsapp.com\/send?text=https:\/\/radiorevelacionfm.cl\/?p=29771' aria-hidden='false' data-av_icon='\uf232' data-av_iconfont='entypo-fontello' title='' data-avia-related-tooltip='Compartir en Whatsapp' rel=\"noopener\"><span class='avia_hidden_link_text'>Compartir en Whatsapp<\/span><\/a><\/li><li class='av-share-link av-social-link-linkedin' ><a target=\"_blank\" aria-label=\"Compartir en LinkedIn\" href='https:\/\/linkedin.com\/shareArticle?mini=true&#038;title=Presentan%20a%20nueva%20Coordinadora%20Regional%20de%20Seguridad%20P%C3%BAblica&#038;url=https:\/\/radiorevelacionfm.cl\/?p=29771' aria-hidden='false' data-av_icon='\ue8fc' data-av_iconfont='entypo-fontello' title='' data-avia-related-tooltip='Compartir en LinkedIn' rel=\"noopener\"><span class='avia_hidden_link_text'>Compartir en LinkedIn<\/span><\/a><\/li><li class='av-share-link av-social-link-mail' ><a  aria-label=\"Compartir por correo\" href='mailto:?subject=Presentan%20a%20nueva%20Coordinadora%20Regional%20de%20Seguridad%20P%C3%BAblica&#038;body=https:\/\/radiorevelacionfm.cl\/?p=29771' aria-hidden='false' data-av_icon='\ue805' data-av_iconfont='entypo-fontello' title='' data-avia-related-tooltip='Compartir por correo'><span class='avia_hidden_link_text'>Compartir por correo<\/span><\/a><\/li><\/ul><\/div><\/div>\n<div  style='height:50px' class='hr hr-invisible   avia-builder-el-8  el_after_av_social_share  el_before_av_comments_list '><span class='hr-inner ' ><span class='hr-inner-style'><\/span><\/span><\/div>\n<div  class='av-buildercomment  av-blog-meta-html-info-disabled av-blog-meta-tag-disabled  '><\/div>\n","protected":false},"excerpt":{"rendered":"","protected":false},"author":1,"featured_media":29772,"comment_status":"open","ping_status":"open","sticky":false,"template":"","format":"standard","meta":{"footnotes":""},"categories":[38],"tags":[],"class_list":["post-29771","post","type-post","status-publish","format-standard","has-post-thumbnail","hentry","category-regional"],"jetpack_featured_media_url":"https:\/\/radiorevelacionfm.cl\/wp-content\/uploads\/2023\/04\/IMG-9676-1-1.jpg","_links":{"self":[{"href":"https:\/\/radiorevelacionfm.cl\/index.php?rest_route=\/wp\/v2\/posts\/29771","targetHints":{"allow":["GET"]}}],"collection":[{"href":"https:\/\/radiorevelacionfm.cl\/index.php?rest_route=\/wp\/v2\/posts"}],"about":[{"href":"https:\/\/radiorevelacionfm.cl\/index.php?rest_route=\/wp\/v2\/types\/post"}],"author":[{"embeddable":true,"href":"https:\/\/radiorevelacionfm.cl\/index.php?rest_route=\/wp\/v2\/users\/1"}],"replies":[{"embeddable":true,"href":"https:\/\/radiorevelacionfm.cl\/index.php?rest_route=%2Fwp%2Fv2%2Fcomments&post=29771"}],"version-history":[{"count":2,"href":"https:\/\/radiorevelacionfm.cl\/index.php?rest_route=\/wp\/v2\/posts\/29771\/revisions"}],"predecessor-version":[{"id":29821,"href":"https:\/\/radiorevelacionfm.cl\/index.php?rest_route=\/wp\/v2\/posts\/29771\/revisions\/29821"}],"wp:featuredmedia":[{"embeddable":true,"href":"https:\/\/radiorevelacionfm.cl\/index.php?rest_route=\/wp\/v2\/media\/29772"}],"wp:attachment":[{"href":"https:\/\/radiorevelacionfm.cl\/index.php?rest_route=%2Fwp%2Fv2%2Fmedia&parent=29771"}],"wp:term":[{"taxonomy":"category","embeddable":true,"href":"https:\/\/radiorevelacionfm.cl\/index.php?rest_route=%2Fwp%2Fv2%2Fcategories&post=29771"},{"taxonomy":"post_tag","embeddable":true,"href":"https:\/\/radiorevelacionfm.cl\/index.php?rest_route=%2Fwp%2Fv2%2Ftags&post=29771"}],"curies":[{"name":"wp","href":"https:\/\/api.w.org\/{rel}","templated":true}]}}