{"id":29767,"date":"2023-04-06T11:44:14","date_gmt":"2023-04-06T14:44:14","guid":{"rendered":"https:\/\/radiorevelacionfm.cl\/?p=29767"},"modified":"2023-04-06T11:44:14","modified_gmt":"2023-04-06T14:44:14","slug":"coyhaique-ministra-de-la-corte-de-apelaciones-visita-la-direccion-regional-de-mejor-ninez","status":"publish","type":"post","link":"https:\/\/radiorevelacionfm.cl\/?p=29767","title":{"rendered":"Coyhaique: ministra de la Corte de Apelaciones visita la direcci\u00f3n regional de Mejor Ni\u00f1ez"},"content":{"rendered":"<div class=\"flex_column av_one_full  flex_column_div av-zero-column-padding first  avia-builder-el-0  el_before_av_one_full  avia-builder-el-first  \" style='border-radius:0px; '><div  class='avia-image-container  av-styling-    avia-builder-el-1  avia-builder-el-no-sibling  avia-align-center '  itemprop=\"image\" itemscope=\"itemscope\" itemtype=\"https:\/\/schema.org\/ImageObject\"  ><div class='avia-image-container-inner'><div class='avia-image-overlay-wrap'><img decoding=\"async\" class='wp-image-29769 avia-img-lazy-loading-not-29769 avia_image' src=\"https:\/\/radiorevelacionfm.cl\/wp-content\/uploads\/2023\/04\/foto-visita-mejor-ninez-1_optimized.jpg\" alt='' title='foto-visita-mejor-ni\u00f1ez-(1)_optimized' height=\"600\" width=\"1000\"  itemprop=\"thumbnailUrl\" srcset=\"https:\/\/radiorevelacionfm.cl\/wp-content\/uploads\/2023\/04\/foto-visita-mejor-ninez-1_optimized.jpg 1000w, https:\/\/radiorevelacionfm.cl\/wp-content\/uploads\/2023\/04\/foto-visita-mejor-ninez-1_optimized-300x180.jpg 300w, https:\/\/radiorevelacionfm.cl\/wp-content\/uploads\/2023\/04\/foto-visita-mejor-ninez-1_optimized-768x461.jpg 768w, https:\/\/radiorevelacionfm.cl\/wp-content\/uploads\/2023\/04\/foto-visita-mejor-ninez-1_optimized-705x423.jpg 705w, https:\/\/radiorevelacionfm.cl\/wp-content\/uploads\/2023\/04\/foto-visita-mejor-ninez-1_optimized-450x270.jpg 450w, https:\/\/radiorevelacionfm.cl\/wp-content\/uploads\/2023\/04\/foto-visita-mejor-ninez-1_optimized-600x360.jpg 600w\" sizes=\"(max-width: 1000px) 100vw, 1000px\" \/><\/div><\/div><\/div><\/div>\n<div class=\"flex_column av_one_full  flex_column_div av-zero-column-padding first  avia-builder-el-2  el_after_av_one_full  el_before_av_one_full  column-top-margin\" style='border-radius:0px; '><section class=\"av_textblock_section \"  itemscope=\"itemscope\" itemtype=\"https:\/\/schema.org\/BlogPosting\" itemprop=\"blogPost\" ><div class='avia_textblock  '   itemprop=\"text\" ><p style=\"text-align: center;\"><span style=\"font-size: 18pt;\"><b>Coyhaique: ministra de la Corte de Apelaciones visita la direcci\u00f3n regional de Mejor Ni\u00f1ez<\/b><\/span><\/p>\n<div id=\"gtx-trans\" style=\"position: absolute; left: -50px; top: 4.31534px;\">\n<div class=\"gtx-trans-icon\"><\/div>\n<\/div>\n<\/div><\/section><\/div><div class=\"flex_column av_one_full  flex_column_div av-zero-column-padding first  avia-builder-el-4  el_after_av_one_full  el_before_av_hr  column-top-margin\" style='border-radius:0px; '><section class=\"av_textblock_section \"  itemscope=\"itemscope\" itemtype=\"https:\/\/schema.org\/BlogPosting\" itemprop=\"blogPost\" ><div class='avia_textblock  '   itemprop=\"text\" ><p class=\"v1MsoNormal\" style=\"text-align: justify;\">Para conocer en detalle el trabajo, gesti\u00f3n y acciones que ejecutan las diversas unidades que conforman la direcci\u00f3n regional del Servicio Nacional de Protecci\u00f3n Especializada a la Ni\u00f1ez y la Adolescencia, la ministra Natalia Rencoret, encargada de Asuntos de Familia de la jurisdicci\u00f3n Coyhaique, realiz\u00f3 una visita a las dependencias de esta instituci\u00f3n en la ciudad.<\/p>\n<p class=\"v1MsoNormal\" style=\"text-align: justify;\">En la oportunidad, la ministra de la Corte de Apelaciones conoci\u00f3 las unidades que conforman el Servicio creado en el marco de la nueva institucionalidad (ley 21.302) en la protecci\u00f3n especializada de ni\u00f1os, ni\u00f1as y adolescentes que han sido vulnerados en sus derechos y que es una realidad que muchas veces se encuentra invisibilizada a nivel local.<\/p>\n<p class=\"v1MsoNormal\" style=\"text-align: justify;\">En este contexto, la ministra Rencoret sostuvo que \u00abvisit\u00e9 sus dependencias\u00a0 para reunirme con los funcionarios de sus distintas unidades laborales, y conocer por el testimonio de sus distintos profesionales c\u00f3mo desarrollan su labor y la forma en que despliegan su organizaci\u00f3n con la Red de protecci\u00f3n y Tribunales de la jurisdicci\u00f3n. Adem\u00e1s, pude obtener informaci\u00f3n sobre el funcionamiento del sistema de interconexi\u00f3n y de asignaciones de cupo, tema que preocupa a esta Corte y al que hacemos especial seguimiento a trav\u00e9s de nuestro centro de medidas de protecci\u00f3n,\u00a0 ya que la eficacia y eficiencia de esta interconexi\u00f3n nos permite mantener las medidas de protecci\u00f3n correctamente visibilizadas\u00bb.<\/p>\n<p class=\"v1MsoNormal\" style=\"text-align: justify;\">Asimismo, agreg\u00f3 que: \u00abtuve la posibilidad de conversar de manera muy extendida con el Director Regional de este Servicio, Sergio Becerra Mera y con su equipo directivo, quienes mostraron \u00abmejoras\u00bb que se han estado realizando a la residencia de administraci\u00f3n directa destinada a j\u00f3venes de nuestra regi\u00f3n y nos pusieron al tanto sobre gestiones y proyecciones para mejorar la oferta program\u00e1tica a nivel de residencia y en el \u00e1mbito de la salud de los j\u00f3venes de esta regi\u00f3n\u00bb.<\/p>\n<p class=\"v1MsoNormal\" style=\"text-align: justify;\">\u00abOtro aspecto muy relevante que abordamos fue el funcionamiento de los actuales programas DAM (Programa de Diagn\u00f3stico Ambulatorio), y nuevos procesos de licitaci\u00f3n en gesti\u00f3n, que implicar\u00e1n una modificaci\u00f3n importante en las orientaciones t\u00e9cnicas de los Programas de Diagn\u00f3stico Cl\u00ednico Especializado\u00bb, indic\u00f3 la ministra Rencoret.<\/p>\n<p class=\"v1MsoNormal\" style=\"text-align: justify;\">Culmin\u00f3 se\u00f1alando que \u00absin duda, son temas que constituyen compromisos del Estado y del Poder Judicial y en particular de nuestra Corte, en cuanto a poner el m\u00e1ximo esfuerzo para dar respuestas oportunas a todas las necesidades y requerimientos de los NNA, debiendo ser abordados interinstucionalmente\u00bb.<\/p>\n<p class=\"v1MsoNormal\" style=\"text-align: justify;\">En este sentido, el director regional del SPE (Servicio de Protecci\u00f3n Especializada) Sergio Becerra afirm\u00f3 que \u00abpara nosotros es de enorme importancia que sea la propia Encargada de Asuntos de Familia de la Corte de Apelaciones quien conozca de primera fuente las diversas acciones que realizamos en favor de los ni\u00f1os, ni\u00f1as y adolescentes que lamentablemente han sido vulnerados en sus derechos. Es una realidad que hay que visibilizar ya que en cualquier comuna de la regi\u00f3n,\u00a0 en cualquier d\u00eda del mes, puede ocurrir una grave vulneraci\u00f3n de derechos y a eso estamos abocados, a dar contenci\u00f3n, reparaci\u00f3n y sustituci\u00f3n de los derechos de los ni\u00f1os, ni\u00f1as y adolescentes, ante casos que son derivados desde el propio Tribunal de Familia\u00bb.<\/p>\n<\/div><\/section><\/div><\/p>\n<div  style='height:50px' class='hr hr-invisible   avia-builder-el-6  el_after_av_one_full  el_before_av_social_share '><span class='hr-inner ' ><span class='hr-inner-style'><\/span><\/span><\/div>\n<div  class='av-social-sharing-box  avia-builder-el-7  el_after_av_hr  el_before_av_hr  '><div class='av-share-box'><h5 class='av-share-link-description av-no-toc '>Compartir esta noticia<\/h5><ul class='av-share-box-list noLightbox'><li class='av-share-link av-social-link-facebook' ><a target=\"_blank\" aria-label=\"Compartir en Facebook\" href='https:\/\/www.facebook.com\/sharer.php?u=https:\/\/radiorevelacionfm.cl\/?p=29767&#038;t=Coyhaique%3A%20ministra%20de%20la%20Corte%20de%20Apelaciones%20visita%20la%20direcci%C3%B3n%20regional%20de%20Mejor%20Ni%C3%B1ez' aria-hidden='false' data-av_icon='\ue8f3' data-av_iconfont='entypo-fontello' title='' data-avia-related-tooltip='Compartir en Facebook' rel=\"noopener\"><span class='avia_hidden_link_text'>Compartir en Facebook<\/span><\/a><\/li><li class='av-share-link av-social-link-twitter' ><a target=\"_blank\" aria-label=\"Compartir en Twitter\" href='https:\/\/twitter.com\/share?text=Coyhaique%3A%20ministra%20de%20la%20Corte%20de%20Apelaciones%20visita%20la%20direcci%C3%B3n%20regional%20de%20Mejor%20Ni%C3%B1ez&#038;url=https:\/\/radiorevelacionfm.cl\/?p=29767' aria-hidden='false' data-av_icon='\ue8f1' data-av_iconfont='entypo-fontello' title='' data-avia-related-tooltip='Compartir en Twitter' rel=\"noopener\"><span class='avia_hidden_link_text'>Compartir en Twitter<\/span><\/a><\/li><li class='av-share-link av-social-link-whatsapp' ><a target=\"_blank\" aria-label=\"Compartir en Whatsapp\" href='https:\/\/api.whatsapp.com\/send?text=https:\/\/radiorevelacionfm.cl\/?p=29767' aria-hidden='false' data-av_icon='\uf232' data-av_iconfont='entypo-fontello' title='' data-avia-related-tooltip='Compartir en Whatsapp' rel=\"noopener\"><span class='avia_hidden_link_text'>Compartir en Whatsapp<\/span><\/a><\/li><li class='av-share-link av-social-link-linkedin' ><a target=\"_blank\" aria-label=\"Compartir en LinkedIn\" href='https:\/\/linkedin.com\/shareArticle?mini=true&#038;title=Coyhaique%3A%20ministra%20de%20la%20Corte%20de%20Apelaciones%20visita%20la%20direcci%C3%B3n%20regional%20de%20Mejor%20Ni%C3%B1ez&#038;url=https:\/\/radiorevelacionfm.cl\/?p=29767' aria-hidden='false' data-av_icon='\ue8fc' data-av_iconfont='entypo-fontello' title='' data-avia-related-tooltip='Compartir en LinkedIn' rel=\"noopener\"><span class='avia_hidden_link_text'>Compartir en LinkedIn<\/span><\/a><\/li><li class='av-share-link av-social-link-mail' ><a  aria-label=\"Compartir por correo\" href='mailto:?subject=Coyhaique%3A%20ministra%20de%20la%20Corte%20de%20Apelaciones%20visita%20la%20direcci%C3%B3n%20regional%20de%20Mejor%20Ni%C3%B1ez&#038;body=https:\/\/radiorevelacionfm.cl\/?p=29767' aria-hidden='false' data-av_icon='\ue805' data-av_iconfont='entypo-fontello' title='' data-avia-related-tooltip='Compartir por correo'><span class='avia_hidden_link_text'>Compartir por correo<\/span><\/a><\/li><\/ul><\/div><\/div>\n<div  style='height:50px' class='hr hr-invisible   avia-builder-el-8  el_after_av_social_share  el_before_av_comments_list '><span class='hr-inner ' ><span class='hr-inner-style'><\/span><\/span><\/div>\n<div  class='av-buildercomment  av-blog-meta-html-info-disabled av-blog-meta-tag-disabled  '><\/div>\n","protected":false},"excerpt":{"rendered":"","protected":false},"author":1,"featured_media":29769,"comment_status":"open","ping_status":"open","sticky":false,"template":"","format":"standard","meta":{"footnotes":""},"categories":[55],"tags":[],"class_list":["post-29767","post","type-post","status-publish","format-standard","has-post-thumbnail","hentry","category-justicia"],"jetpack_featured_media_url":"https:\/\/radiorevelacionfm.cl\/wp-content\/uploads\/2023\/04\/foto-visita-mejor-ninez-1_optimized.jpg","_links":{"self":[{"href":"https:\/\/radiorevelacionfm.cl\/index.php?rest_route=\/wp\/v2\/posts\/29767","targetHints":{"allow":["GET"]}}],"collection":[{"href":"https:\/\/radiorevelacionfm.cl\/index.php?rest_route=\/wp\/v2\/posts"}],"about":[{"href":"https:\/\/radiorevelacionfm.cl\/index.php?rest_route=\/wp\/v2\/types\/post"}],"author":[{"embeddable":true,"href":"https:\/\/radiorevelacionfm.cl\/index.php?rest_route=\/wp\/v2\/users\/1"}],"replies":[{"embeddable":true,"href":"https:\/\/radiorevelacionfm.cl\/index.php?rest_route=%2Fwp%2Fv2%2Fcomments&post=29767"}],"version-history":[{"count":2,"href":"https:\/\/radiorevelacionfm.cl\/index.php?rest_route=\/wp\/v2\/posts\/29767\/revisions"}],"predecessor-version":[{"id":29823,"href":"https:\/\/radiorevelacionfm.cl\/index.php?rest_route=\/wp\/v2\/posts\/29767\/revisions\/29823"}],"wp:featuredmedia":[{"embeddable":true,"href":"https:\/\/radiorevelacionfm.cl\/index.php?rest_route=\/wp\/v2\/media\/29769"}],"wp:attachment":[{"href":"https:\/\/radiorevelacionfm.cl\/index.php?rest_route=%2Fwp%2Fv2%2Fmedia&parent=29767"}],"wp:term":[{"taxonomy":"category","embeddable":true,"href":"https:\/\/radiorevelacionfm.cl\/index.php?rest_route=%2Fwp%2Fv2%2Fcategories&post=29767"},{"taxonomy":"post_tag","embeddable":true,"href":"https:\/\/radiorevelacionfm.cl\/index.php?rest_route=%2Fwp%2Fv2%2Ftags&post=29767"}],"curies":[{"name":"wp","href":"https:\/\/api.w.org\/{rel}","templated":true}]}}