{"id":29764,"date":"2023-04-05T19:12:47","date_gmt":"2023-04-05T22:12:47","guid":{"rendered":"https:\/\/radiorevelacionfm.cl\/?p=29764"},"modified":"2023-04-05T19:16:50","modified_gmt":"2023-04-05T22:16:50","slug":"invitan-a-postular-para-capacitarse-y-digitalizar-emprendimientos","status":"publish","type":"post","link":"https:\/\/radiorevelacionfm.cl\/?p=29764","title":{"rendered":"Invitan a postular a cursos sobre plataformas y aplicaciones web para digitalizar emprendimientos"},"content":{"rendered":"<div class=\"flex_column av_one_full  flex_column_div av-zero-column-padding first  avia-builder-el-0  el_before_av_one_full  avia-builder-el-first  \" style='border-radius:0px; '><div  class='avia-image-container  av-styling-    avia-builder-el-1  avia-builder-el-no-sibling  avia-align-center '  itemprop=\"image\" itemscope=\"itemscope\" itemtype=\"https:\/\/schema.org\/ImageObject\"  ><div class='avia-image-container-inner'><div class='avia-image-overlay-wrap'><img decoding=\"async\" class='wp-image-29765 avia-img-lazy-loading-not-29765 avia_image' src=\"https:\/\/radiorevelacionfm.cl\/wp-content\/uploads\/2023\/04\/1-50-2-1.jpg\" alt='' title='1 (50) (2) (1)' height=\"600\" width=\"980\"  itemprop=\"thumbnailUrl\" srcset=\"https:\/\/radiorevelacionfm.cl\/wp-content\/uploads\/2023\/04\/1-50-2-1.jpg 980w, https:\/\/radiorevelacionfm.cl\/wp-content\/uploads\/2023\/04\/1-50-2-1-300x184.jpg 300w, https:\/\/radiorevelacionfm.cl\/wp-content\/uploads\/2023\/04\/1-50-2-1-768x470.jpg 768w, https:\/\/radiorevelacionfm.cl\/wp-content\/uploads\/2023\/04\/1-50-2-1-705x432.jpg 705w, https:\/\/radiorevelacionfm.cl\/wp-content\/uploads\/2023\/04\/1-50-2-1-450x276.jpg 450w, https:\/\/radiorevelacionfm.cl\/wp-content\/uploads\/2023\/04\/1-50-2-1-600x367.jpg 600w\" sizes=\"(max-width: 980px) 100vw, 980px\" \/><\/div><\/div><\/div><\/div>\n<div class=\"flex_column av_one_full  flex_column_div av-zero-column-padding first  avia-builder-el-2  el_after_av_one_full  el_before_av_one_full  column-top-margin\" style='border-radius:0px; '><section class=\"av_textblock_section \"  itemscope=\"itemscope\" itemtype=\"https:\/\/schema.org\/BlogPosting\" itemprop=\"blogPost\" ><div class='avia_textblock  '   itemprop=\"text\" ><p style=\"text-align: center;\"><strong><span style=\"font-size: 18pt;\">Invitan a postular a cursos sobre plataformas y aplicaciones web para digitalizar emprendimientos<\/span><\/strong><\/p>\n<div id=\"gtx-trans\" style=\"position: absolute; left: -50px; top: 4.31534px;\">\n<div class=\"gtx-trans-icon\"><\/div>\n<\/div>\n<\/div><\/section><\/div><div class=\"flex_column av_one_full  flex_column_div av-zero-column-padding first  avia-builder-el-4  el_after_av_one_full  el_before_av_hr  column-top-margin\" style='border-radius:0px; '><section class=\"av_textblock_section \"  itemscope=\"itemscope\" itemtype=\"https:\/\/schema.org\/BlogPosting\" itemprop=\"blogPost\" ><div class='avia_textblock  '   itemprop=\"text\" ><p style=\"text-align: justify;\">Hasta la Direcci\u00f3n Regional del FOSIS en Ays\u00e9n lleg\u00f3 Claudia Mu\u00f1oz y Erika Ulloa de la agrupaci\u00f3n de artesanas Chen Yen\u00fa Koy de Coyhaique, para reunirse con la Directora Regional, Fernanda Leiva, y conocer todos los detalles de las postulaciones para 50 mil cupos en capacitaciones sobre computaci\u00f3n y marketing digital, en alianza con Microsoft Chile.<\/p>\n<p style=\"text-align: justify;\">Los cursos son gratuitos y se dividen en dos temas, seg\u00fan la necesidad del postulante: \u201cAlfabetizaci\u00f3n digital para emprendedores\u201d y \u201cRuta de aprendizaje para el emprendimiento\u201d, los cuales abordan competencias para el uso de programas como Word, Excel, Power Point y OneNote, entre otros recursos, adem\u00e1s aspectos de publicidad en redes sociales y creaci\u00f3n de planes de negocios.<\/p>\n<p style=\"text-align: justify;\">Fernanda Leiva, Directora Regional del FOSIS en Ays\u00e9n, destac\u00f3 que \u201cestamos difundiendo capacitaciones en conocimientos b\u00e1sicos en herramientas de Microsoft para emprendedores y emprendedoras, marketing digital y otros recursos para que los negocios puedan surgir y tener m\u00e1s capacidades. Queremos invitar a todos los emprendedores, emprendedoras y agrupaciones que est\u00e9n interesados para que ingresen a <a href=\"http:\/\/www.fosis.gob.cl\">www.fosis.gob.cl<\/a> y puedan llenar el formulario de postulaci\u00f3n para estas capacitaciones\u201d.<\/p>\n<p style=\"text-align: justify;\">La Presidenta de la agrupaci\u00f3n de artesanas de Coyhaique <em>Chen Yen\u00fa Koy<\/em>, Claudia Mu\u00f1oz, convoc\u00f3 a sus pares a lo largo del territorio regional para aprovechar esta instancia de formaci\u00f3n impulsada por el FOSIS. \u201cLos invitamos a unirse a las redes y a capacitarse. Ingresen al link habilitado en la p\u00e1gina web del FOSIS y van a poder postular a estos cursos, porque a todos nos sirve la uni\u00f3n, las comunidades y redes para poder emprender y desarrollar nuestros negocios\u201d.<\/p>\n<p style=\"text-align: justify;\">El Director Nacional del FOSIS, Nicol\u00e1s Navarrete Hern\u00e1ndez, destac\u00f3 que \u201clos cursos est\u00e1n orientados a emprendimientos de todo el pa\u00eds, para digitalizarlos mediante el uso de plataformas y aplicaciones web, de manera de posicionar de mejor forma sus negocios en redes sociales y disminuir la brecha digital que afecta, principalmente, a las personas m\u00e1s vulnerables. Y en esta tarea la labor que puede hacer el mundo p\u00fablico junto al privado resulta crucial, para aunar esfuerzos en mejorar la calidad de vida de las personas\u201d.<\/p>\n<p style=\"text-align: justify;\">Las postulaciones estar\u00e1n abiertas hasta el 11 de abril en <a href=\"http:\/\/www.fosis.gob.cl\">www.fosis.gob.cl<\/a>. Los requisitos para inscribirse son ser mayor de 18 a\u00f1os, estar dentro del 60% m\u00e1s vulnerable seg\u00fan el Registro Social de Hogares, y tener un dispositivo con conexi\u00f3n a internet para asistir a las clases.<\/p>\n<\/div><\/section><\/div><\/p>\n<div  style='height:50px' class='hr hr-invisible   avia-builder-el-6  el_after_av_one_full  el_before_av_social_share '><span class='hr-inner ' ><span class='hr-inner-style'><\/span><\/span><\/div>\n<div  class='av-social-sharing-box  avia-builder-el-7  el_after_av_hr  el_before_av_hr  '><div class='av-share-box'><h5 class='av-share-link-description av-no-toc '>Compartir esta noticia<\/h5><ul class='av-share-box-list noLightbox'><li class='av-share-link av-social-link-facebook' ><a target=\"_blank\" aria-label=\"Compartir en Facebook\" href='https:\/\/www.facebook.com\/sharer.php?u=https:\/\/radiorevelacionfm.cl\/?p=29764&#038;t=Invitan%20a%20postular%20a%20cursos%20sobre%20plataformas%20y%20aplicaciones%20web%20para%20digitalizar%20emprendimientos' aria-hidden='false' data-av_icon='\ue8f3' data-av_iconfont='entypo-fontello' title='' data-avia-related-tooltip='Compartir en Facebook' rel=\"noopener\"><span class='avia_hidden_link_text'>Compartir en Facebook<\/span><\/a><\/li><li class='av-share-link av-social-link-twitter' ><a target=\"_blank\" aria-label=\"Compartir en Twitter\" href='https:\/\/twitter.com\/share?text=Invitan%20a%20postular%20a%20cursos%20sobre%20plataformas%20y%20aplicaciones%20web%20para%20digitalizar%20emprendimientos&#038;url=https:\/\/radiorevelacionfm.cl\/?p=29764' aria-hidden='false' data-av_icon='\ue8f1' data-av_iconfont='entypo-fontello' title='' data-avia-related-tooltip='Compartir en Twitter' rel=\"noopener\"><span class='avia_hidden_link_text'>Compartir en Twitter<\/span><\/a><\/li><li class='av-share-link av-social-link-whatsapp' ><a target=\"_blank\" aria-label=\"Compartir en Whatsapp\" href='https:\/\/api.whatsapp.com\/send?text=https:\/\/radiorevelacionfm.cl\/?p=29764' aria-hidden='false' data-av_icon='\uf232' data-av_iconfont='entypo-fontello' title='' data-avia-related-tooltip='Compartir en Whatsapp' rel=\"noopener\"><span class='avia_hidden_link_text'>Compartir en Whatsapp<\/span><\/a><\/li><li class='av-share-link av-social-link-linkedin' ><a target=\"_blank\" aria-label=\"Compartir en LinkedIn\" href='https:\/\/linkedin.com\/shareArticle?mini=true&#038;title=Invitan%20a%20postular%20a%20cursos%20sobre%20plataformas%20y%20aplicaciones%20web%20para%20digitalizar%20emprendimientos&#038;url=https:\/\/radiorevelacionfm.cl\/?p=29764' aria-hidden='false' data-av_icon='\ue8fc' data-av_iconfont='entypo-fontello' title='' data-avia-related-tooltip='Compartir en LinkedIn' rel=\"noopener\"><span class='avia_hidden_link_text'>Compartir en LinkedIn<\/span><\/a><\/li><li class='av-share-link av-social-link-mail' ><a  aria-label=\"Compartir por correo\" href='mailto:?subject=Invitan%20a%20postular%20a%20cursos%20sobre%20plataformas%20y%20aplicaciones%20web%20para%20digitalizar%20emprendimientos&#038;body=https:\/\/radiorevelacionfm.cl\/?p=29764' aria-hidden='false' data-av_icon='\ue805' data-av_iconfont='entypo-fontello' title='' data-avia-related-tooltip='Compartir por correo'><span class='avia_hidden_link_text'>Compartir por correo<\/span><\/a><\/li><\/ul><\/div><\/div>\n<div  style='height:50px' class='hr hr-invisible   avia-builder-el-8  el_after_av_social_share  el_before_av_comments_list '><span class='hr-inner ' ><span class='hr-inner-style'><\/span><\/span><\/div>\n<div  class='av-buildercomment  av-blog-meta-html-info-disabled av-blog-meta-tag-disabled  '><\/div>\n","protected":false},"excerpt":{"rendered":"","protected":false},"author":1,"featured_media":29765,"comment_status":"open","ping_status":"open","sticky":false,"template":"","format":"standard","meta":{"footnotes":""},"categories":[38],"tags":[],"class_list":["post-29764","post","type-post","status-publish","format-standard","has-post-thumbnail","hentry","category-regional"],"jetpack_featured_media_url":"https:\/\/radiorevelacionfm.cl\/wp-content\/uploads\/2023\/04\/1-50-2-1.jpg","_links":{"self":[{"href":"https:\/\/radiorevelacionfm.cl\/index.php?rest_route=\/wp\/v2\/posts\/29764","targetHints":{"allow":["GET"]}}],"collection":[{"href":"https:\/\/radiorevelacionfm.cl\/index.php?rest_route=\/wp\/v2\/posts"}],"about":[{"href":"https:\/\/radiorevelacionfm.cl\/index.php?rest_route=\/wp\/v2\/types\/post"}],"author":[{"embeddable":true,"href":"https:\/\/radiorevelacionfm.cl\/index.php?rest_route=\/wp\/v2\/users\/1"}],"replies":[{"embeddable":true,"href":"https:\/\/radiorevelacionfm.cl\/index.php?rest_route=%2Fwp%2Fv2%2Fcomments&post=29764"}],"version-history":[{"count":3,"href":"https:\/\/radiorevelacionfm.cl\/index.php?rest_route=\/wp\/v2\/posts\/29764\/revisions"}],"predecessor-version":[{"id":29798,"href":"https:\/\/radiorevelacionfm.cl\/index.php?rest_route=\/wp\/v2\/posts\/29764\/revisions\/29798"}],"wp:featuredmedia":[{"embeddable":true,"href":"https:\/\/radiorevelacionfm.cl\/index.php?rest_route=\/wp\/v2\/media\/29765"}],"wp:attachment":[{"href":"https:\/\/radiorevelacionfm.cl\/index.php?rest_route=%2Fwp%2Fv2%2Fmedia&parent=29764"}],"wp:term":[{"taxonomy":"category","embeddable":true,"href":"https:\/\/radiorevelacionfm.cl\/index.php?rest_route=%2Fwp%2Fv2%2Fcategories&post=29764"},{"taxonomy":"post_tag","embeddable":true,"href":"https:\/\/radiorevelacionfm.cl\/index.php?rest_route=%2Fwp%2Fv2%2Ftags&post=29764"}],"curies":[{"name":"wp","href":"https:\/\/api.w.org\/{rel}","templated":true}]}}