{"id":29761,"date":"2023-04-05T20:42:45","date_gmt":"2023-04-05T23:42:45","guid":{"rendered":"https:\/\/radiorevelacionfm.cl\/?p=29761"},"modified":"2023-04-05T20:42:45","modified_gmt":"2023-04-05T23:42:45","slug":"vocera-relevo-pago-extraordinario-del-ex-bono-marzo-esta-entrega-adicional-es-doble-y-ayudara-a-mas-de-un-millon-y-medio-de-familias","status":"publish","type":"post","link":"https:\/\/radiorevelacionfm.cl\/?p=29761","title":{"rendered":"Vocera relev\u00f3 pago extraordinario del ex Bono Marzo: \u00abEsta entrega adicional es doble y ayudar\u00e1 a m\u00e1s de un mill\u00f3n y medio de familias\u00bb"},"content":{"rendered":"<div class=\"flex_column av_one_full  flex_column_div av-zero-column-padding first  avia-builder-el-0  el_before_av_one_full  avia-builder-el-first  \" style='border-radius:0px; '><div  class='avia-image-container  av-styling-    avia-builder-el-1  avia-builder-el-no-sibling  avia-align-center '  itemprop=\"image\" itemscope=\"itemscope\" itemtype=\"https:\/\/schema.org\/ImageObject\"  ><div class='avia-image-container-inner'><div class='avia-image-overlay-wrap'><img decoding=\"async\" class='wp-image-29762 avia-img-lazy-loading-not-29762 avia_image' src=\"https:\/\/radiorevelacionfm.cl\/wp-content\/uploads\/2023\/04\/Seremi-Pla-1-1-1.jpg\" alt='' title='Seremi Pl\u00e1 (1) (1) (1)' height=\"600\" width=\"900\"  itemprop=\"thumbnailUrl\" srcset=\"https:\/\/radiorevelacionfm.cl\/wp-content\/uploads\/2023\/04\/Seremi-Pla-1-1-1.jpg 900w, https:\/\/radiorevelacionfm.cl\/wp-content\/uploads\/2023\/04\/Seremi-Pla-1-1-1-300x200.jpg 300w, https:\/\/radiorevelacionfm.cl\/wp-content\/uploads\/2023\/04\/Seremi-Pla-1-1-1-768x512.jpg 768w, https:\/\/radiorevelacionfm.cl\/wp-content\/uploads\/2023\/04\/Seremi-Pla-1-1-1-705x470.jpg 705w, https:\/\/radiorevelacionfm.cl\/wp-content\/uploads\/2023\/04\/Seremi-Pla-1-1-1-450x300.jpg 450w, https:\/\/radiorevelacionfm.cl\/wp-content\/uploads\/2023\/04\/Seremi-Pla-1-1-1-600x400.jpg 600w\" sizes=\"(max-width: 900px) 100vw, 900px\" \/><\/div><\/div><\/div><\/div><div class=\"flex_column av_one_full  flex_column_div av-zero-column-padding first  avia-builder-el-2  el_after_av_one_full  el_before_av_one_full  column-top-margin\" style='border-radius:0px; '><section class=\"av_textblock_section \"  itemscope=\"itemscope\" itemtype=\"https:\/\/schema.org\/BlogPosting\" itemprop=\"blogPost\" ><div class='avia_textblock  '   itemprop=\"text\" ><p class=\"v1MsoNormal\" style=\"text-align: center;\"><span style=\"font-size: 18pt;\"><b>Vocera relev\u00f3 pago extraordinario del ex Bono Marzo: <\/b><b>\u00abEsta entrega adicional es doble y ayudar\u00e1 a m\u00e1s de un mill\u00f3n y medio de familias\u00bb<\/b><\/span><\/p>\n<div id=\"gtx-trans\" style=\"position: absolute; left: -50px; top: 4.31534px;\">\n<div class=\"gtx-trans-icon\"><\/div>\n<\/div>\n<\/div><\/section><\/div><div class=\"flex_column av_one_full  flex_column_div av-zero-column-padding first  avia-builder-el-4  el_after_av_one_full  el_before_av_hr  column-top-margin\" style='border-radius:0px; '><section class=\"av_textblock_section \"  itemscope=\"itemscope\" itemtype=\"https:\/\/schema.org\/BlogPosting\" itemprop=\"blogPost\" ><div class='avia_textblock  '   itemprop=\"text\" ><p class=\"v1MsoNormal\" style=\"text-align: justify;\">La Seremi de Gobierno de Ays\u00e9n, Tatiana Pl\u00e1 \u00c1lvarez, valor\u00f3 el pago extraordinario del Aporte Familiar Permanente, conocido como ex Bono Marzo, se\u00f1alando que beneficiar\u00e1 a las familias m\u00e1s vulnerables de Chile y la regi\u00f3n de Ays\u00e9n.<\/p>\n<p class=\"v1MsoNormal\" style=\"text-align: justify;\">\u00abComo\u00a0 gobierno estamos preocupados de dar a las familias Seguridad Ciudadana pero tambi\u00e9n seguridad social y econ\u00f3mica, por eso valoramos que ya est\u00e9 disponible esta ayuda a menos de una semana de se publicara la Ley 21.550, que promueve un paquete de medidas econ\u00f3micas que proponemos como Gobierno, y donde est\u00e1n tambi\u00e9n la duplicaci\u00f3n del Aporte Familiar Permanente, el Subsidio \u00danico Familiar, la Asignaci\u00f3n Familiar y la creaci\u00f3n del Bolsillo Familiar Electr\u00f3nico\u00bb, dijo Tatiana Pl\u00e1 \u00c1lvarez.<\/p>\n<p class=\"v1MsoNormal\" style=\"text-align: justify;\">\u00abLa seguridad econ\u00f3mica y social son una prioridad para nuestro Gobierno, y por lo mismo\u00a0queremos relevar este\u00a0aporte extraordinario que se hace por este a\u00f1o justamente\u00a0 para continuar apoyando con un empuj\u00f3n al ajuste econ\u00f3mico que hemos vivido despu\u00e9s de la pandemia\u00bb, destac\u00f3 la seremi.<\/p>\n<p class=\"v1MsoNormal\" style=\"text-align: justify;\">\u00abEste aporte extraordinario alcanzar\u00e1 a un mill\u00f3n y medio de hogares y tres millones de beneficiarios. El pago se deposita en Cuenta Rut, por tanto, hoy, yo dir\u00eda que casi el 100% de las personas que son beneficiarias pueden revisarlo en su Cuenta Rut, revisando el sitio web\u00a0<a href=\"http:\/\/www.aportefamiliar.cl\/\" target=\"_blank\" rel=\"noopener noreferrer\">www.aportefamiliar.cl<\/a>, o llamando al Call Center 101&#8243;, agreg\u00f3.<\/p>\n<p class=\"v1MsoNormal\" style=\"text-align: justify;\">Cabe agregar que el monto aprobado para este aporte extraordinario ser\u00e1 de $60.000 por cada carga familiar o maternal, o por causante de Subsidio Familiar o familia, seg\u00fan el tipo de persona beneficiaria.<\/p>\n<p class=\"v1MsoNormal\" style=\"text-align: justify;\"><b>C\u00d3MO ACCEDER AL BONO<\/b><\/p>\n<p class=\"v1MsoNormal\" style=\"text-align: justify;\">Este es un beneficio autom\u00e1tico al que no se postula. Quienes cumplen con los requisitos son identificados como favorecidos por las instituciones a cargo. As\u00ed, las personas que desean acceder, deben haber recibido el Subsidio Familiar, la Asignaci\u00f3n Familiar o la Asignaci\u00f3n Maternal hasta el 31 de diciembre de 2022, o ser beneficiarios hasta la misma fecha de los programas de Seguridades y Oportunidades (Ingreso \u00c9tico Familiar) y Chile Solidario; incluso aunque no haya recibido transferencias monetarias por esta causa.<\/p>\n<\/div><\/section><\/div><div  style='height:50px' class='hr hr-invisible   avia-builder-el-6  el_after_av_one_full  el_before_av_social_share '><span class='hr-inner ' ><span class='hr-inner-style'><\/span><\/span><\/div><\/p>\n<div  class='av-social-sharing-box  avia-builder-el-7  el_after_av_hr  el_before_av_hr  '><div class='av-share-box'><h5 class='av-share-link-description av-no-toc '>Compartir esta noticia<\/h5><ul class='av-share-box-list noLightbox'><li class='av-share-link av-social-link-facebook' ><a target=\"_blank\" aria-label=\"Compartir en Facebook\" href='https:\/\/www.facebook.com\/sharer.php?u=https:\/\/radiorevelacionfm.cl\/?p=29761&#038;t=Vocera%20relev%C3%B3%20pago%20extraordinario%20del%20ex%20Bono%20Marzo%3A%20%C2%ABEsta%20entrega%20adicional%20es%20doble%20y%20ayudar%C3%A1%20a%20m%C3%A1s%20de%20un%20mill%C3%B3n%20y%20medio%20de%20familias%C2%BB' aria-hidden='false' data-av_icon='\ue8f3' data-av_iconfont='entypo-fontello' title='' data-avia-related-tooltip='Compartir en Facebook' rel=\"noopener\"><span class='avia_hidden_link_text'>Compartir en Facebook<\/span><\/a><\/li><li class='av-share-link av-social-link-twitter' ><a target=\"_blank\" aria-label=\"Compartir en Twitter\" href='https:\/\/twitter.com\/share?text=Vocera%20relev%C3%B3%20pago%20extraordinario%20del%20ex%20Bono%20Marzo%3A%20%C2%ABEsta%20entrega%20adicional%20es%20doble%20y%20ayudar%C3%A1%20a%20m%C3%A1s%20de%20un%20mill%C3%B3n%20y%20medio%20de%20familias%C2%BB&#038;url=https:\/\/radiorevelacionfm.cl\/?p=29761' aria-hidden='false' data-av_icon='\ue8f1' data-av_iconfont='entypo-fontello' title='' data-avia-related-tooltip='Compartir en Twitter' rel=\"noopener\"><span class='avia_hidden_link_text'>Compartir en Twitter<\/span><\/a><\/li><li class='av-share-link av-social-link-whatsapp' ><a target=\"_blank\" aria-label=\"Compartir en Whatsapp\" href='https:\/\/api.whatsapp.com\/send?text=https:\/\/radiorevelacionfm.cl\/?p=29761' aria-hidden='false' data-av_icon='\uf232' data-av_iconfont='entypo-fontello' title='' data-avia-related-tooltip='Compartir en Whatsapp' rel=\"noopener\"><span class='avia_hidden_link_text'>Compartir en Whatsapp<\/span><\/a><\/li><li class='av-share-link av-social-link-linkedin' ><a target=\"_blank\" aria-label=\"Compartir en LinkedIn\" href='https:\/\/linkedin.com\/shareArticle?mini=true&#038;title=Vocera%20relev%C3%B3%20pago%20extraordinario%20del%20ex%20Bono%20Marzo%3A%20%C2%ABEsta%20entrega%20adicional%20es%20doble%20y%20ayudar%C3%A1%20a%20m%C3%A1s%20de%20un%20mill%C3%B3n%20y%20medio%20de%20familias%C2%BB&#038;url=https:\/\/radiorevelacionfm.cl\/?p=29761' aria-hidden='false' data-av_icon='\ue8fc' data-av_iconfont='entypo-fontello' title='' data-avia-related-tooltip='Compartir en LinkedIn' rel=\"noopener\"><span class='avia_hidden_link_text'>Compartir en LinkedIn<\/span><\/a><\/li><li class='av-share-link av-social-link-mail' ><a  aria-label=\"Compartir por correo\" href='mailto:?subject=Vocera%20relev%C3%B3%20pago%20extraordinario%20del%20ex%20Bono%20Marzo%3A%20%C2%ABEsta%20entrega%20adicional%20es%20doble%20y%20ayudar%C3%A1%20a%20m%C3%A1s%20de%20un%20mill%C3%B3n%20y%20medio%20de%20familias%C2%BB&#038;body=https:\/\/radiorevelacionfm.cl\/?p=29761' aria-hidden='false' data-av_icon='\ue805' data-av_iconfont='entypo-fontello' title='' data-avia-related-tooltip='Compartir por correo'><span class='avia_hidden_link_text'>Compartir por correo<\/span><\/a><\/li><\/ul><\/div><\/div>\n<div  style='height:50px' class='hr hr-invisible   avia-builder-el-8  el_after_av_social_share  el_before_av_comments_list '><span class='hr-inner ' ><span class='hr-inner-style'><\/span><\/span><\/div>\n<div  class='av-buildercomment  av-blog-meta-html-info-disabled av-blog-meta-tag-disabled  '><\/div>\n","protected":false},"excerpt":{"rendered":"","protected":false},"author":1,"featured_media":29762,"comment_status":"open","ping_status":"open","sticky":false,"template":"","format":"standard","meta":{"footnotes":""},"categories":[38],"tags":[],"class_list":["post-29761","post","type-post","status-publish","format-standard","has-post-thumbnail","hentry","category-regional"],"jetpack_featured_media_url":"https:\/\/radiorevelacionfm.cl\/wp-content\/uploads\/2023\/04\/Seremi-Pla-1-1-1.jpg","_links":{"self":[{"href":"https:\/\/radiorevelacionfm.cl\/index.php?rest_route=\/wp\/v2\/posts\/29761","targetHints":{"allow":["GET"]}}],"collection":[{"href":"https:\/\/radiorevelacionfm.cl\/index.php?rest_route=\/wp\/v2\/posts"}],"about":[{"href":"https:\/\/radiorevelacionfm.cl\/index.php?rest_route=\/wp\/v2\/types\/post"}],"author":[{"embeddable":true,"href":"https:\/\/radiorevelacionfm.cl\/index.php?rest_route=\/wp\/v2\/users\/1"}],"replies":[{"embeddable":true,"href":"https:\/\/radiorevelacionfm.cl\/index.php?rest_route=%2Fwp%2Fv2%2Fcomments&post=29761"}],"version-history":[{"count":1,"href":"https:\/\/radiorevelacionfm.cl\/index.php?rest_route=\/wp\/v2\/posts\/29761\/revisions"}],"predecessor-version":[{"id":29763,"href":"https:\/\/radiorevelacionfm.cl\/index.php?rest_route=\/wp\/v2\/posts\/29761\/revisions\/29763"}],"wp:featuredmedia":[{"embeddable":true,"href":"https:\/\/radiorevelacionfm.cl\/index.php?rest_route=\/wp\/v2\/media\/29762"}],"wp:attachment":[{"href":"https:\/\/radiorevelacionfm.cl\/index.php?rest_route=%2Fwp%2Fv2%2Fmedia&parent=29761"}],"wp:term":[{"taxonomy":"category","embeddable":true,"href":"https:\/\/radiorevelacionfm.cl\/index.php?rest_route=%2Fwp%2Fv2%2Fcategories&post=29761"},{"taxonomy":"post_tag","embeddable":true,"href":"https:\/\/radiorevelacionfm.cl\/index.php?rest_route=%2Fwp%2Fv2%2Ftags&post=29761"}],"curies":[{"name":"wp","href":"https:\/\/api.w.org\/{rel}","templated":true}]}}