{"id":29758,"date":"2023-04-05T18:10:22","date_gmt":"2023-04-05T21:10:22","guid":{"rendered":"https:\/\/radiorevelacionfm.cl\/?p=29758"},"modified":"2023-04-05T18:10:22","modified_gmt":"2023-04-05T21:10:22","slug":"cochrane-avanza-en-materia-artistico-cultural-y-participacion-comunitaria","status":"publish","type":"post","link":"https:\/\/radiorevelacionfm.cl\/?p=29758","title":{"rendered":"Cochrane avanza en materia art\u00edstico cultural y participaci\u00f3n comunitaria"},"content":{"rendered":"<div class=\"flex_column av_one_full  flex_column_div av-zero-column-padding first  avia-builder-el-0  el_before_av_one_full  avia-builder-el-first  \" style='border-radius:0px; '><div  class='avia-image-container  av-styling-    avia-builder-el-1  avia-builder-el-no-sibling  avia-align-center '  itemprop=\"image\" itemscope=\"itemscope\" itemtype=\"https:\/\/schema.org\/ImageObject\"  ><div class='avia-image-container-inner'><div class='avia-image-overlay-wrap'><img decoding=\"async\" class='wp-image-29759 avia-img-lazy-loading-not-29759 avia_image' src=\"https:\/\/radiorevelacionfm.cl\/wp-content\/uploads\/2023\/04\/magia-en-el-baker-3-1_optimized.jpg\" alt='' title='magia-en-el-baker-3-(1)_optimized' height=\"600\" width=\"800\"  itemprop=\"thumbnailUrl\" srcset=\"https:\/\/radiorevelacionfm.cl\/wp-content\/uploads\/2023\/04\/magia-en-el-baker-3-1_optimized.jpg 800w, https:\/\/radiorevelacionfm.cl\/wp-content\/uploads\/2023\/04\/magia-en-el-baker-3-1_optimized-300x225.jpg 300w, https:\/\/radiorevelacionfm.cl\/wp-content\/uploads\/2023\/04\/magia-en-el-baker-3-1_optimized-768x576.jpg 768w, https:\/\/radiorevelacionfm.cl\/wp-content\/uploads\/2023\/04\/magia-en-el-baker-3-1_optimized-705x529.jpg 705w, https:\/\/radiorevelacionfm.cl\/wp-content\/uploads\/2023\/04\/magia-en-el-baker-3-1_optimized-450x338.jpg 450w, https:\/\/radiorevelacionfm.cl\/wp-content\/uploads\/2023\/04\/magia-en-el-baker-3-1_optimized-600x450.jpg 600w\" sizes=\"(max-width: 800px) 100vw, 800px\" \/><\/div><\/div><\/div><\/div><div class=\"flex_column av_one_full  flex_column_div av-zero-column-padding first  avia-builder-el-2  el_after_av_one_full  el_before_av_one_full  column-top-margin\" style='border-radius:0px; '><section class=\"av_textblock_section \"  itemscope=\"itemscope\" itemtype=\"https:\/\/schema.org\/BlogPosting\" itemprop=\"blogPost\" ><div class='avia_textblock  '   itemprop=\"text\" ><p style=\"text-align: center;\"><span style=\"font-size: 18pt;\"><strong>Cochrane avanza en materia art\u00edstico cultural y participaci\u00f3n comunitaria <\/strong><\/span><\/p>\n<p><strong>\u00a0<\/strong><\/p>\n<div id=\"gtx-trans\" style=\"position: absolute; left: -50px; top: 4.31534px;\">\n<div class=\"gtx-trans-icon\"><\/div>\n<\/div>\n<\/div><\/section><\/div><div class=\"flex_column av_one_full  flex_column_div av-zero-column-padding first  avia-builder-el-4  el_after_av_one_full  el_before_av_hr  column-top-margin\" style='border-radius:0px; '><section class=\"av_textblock_section \"  itemscope=\"itemscope\" itemtype=\"https:\/\/schema.org\/BlogPosting\" itemprop=\"blogPost\" ><div class='avia_textblock  '   itemprop=\"text\" ><p style=\"text-align: justify;\"><em>Desde que parti\u00f3 el a\u00f1o, el Centro Cultural Cochrane, en convenio con el programa Red Cultura de la Regi\u00f3n de Ays\u00e9n, han articulado un trabajo colaborativo para dinamizar el acceso a las artes, esfuerzos que han visto sus primeros frutos al interior de las comunidades.<\/em><\/p>\n<p style=\"text-align: justify;\">Luego de recibir la noticia de adjudicaci\u00f3n de la Convocatoria para la Gesti\u00f3n Cultural Local 2022 y la aprobaci\u00f3n del Plan de Gesti\u00f3n (PG), Cochrane no para de sorprender en materia de democratizaci\u00f3n cultural al programar actividades art\u00edsticas para todas las edades, las que han incluido presentaciones y talleres desde comienzo de a\u00f1o.<\/p>\n<p style=\"text-align: justify;\">Bajo financiamiento del Ministerio de las Culturas, las Artes y el Patrimonio, espec\u00edficamente del programa Red Cultura, mediante el convenio \u201cCartelera art\u00edstica del Centro Cultural de Cochrane\u201d, se dispuso de una atractiva oferta para garantizar panoramas de diversa naturaleza a las y los moradores, lo que viene a complementar el trabajo efectuado tras la validaci\u00f3n del PG, primero por la comunidad y luego por el Concejo Municipal.<\/p>\n<p style=\"text-align: justify;\">Al respecto, el seremi de Culturas Ays\u00e9n, Felipe Quiroz, sostuvo que esta inyecci\u00f3n de recursos tiene como \u201cprop\u00f3sito posicionar el mundo creativo, propio del territorio y aquello que los gobiernos locales junto a sus comunidades quieren posicionar\u201d. Esto viene a reforzar la imagen de Cochrane como punto cultural de la regi\u00f3n volvi\u00e9ndolo un espacio atractivo, donde las tradiciones y el patrimonio encuentran cabida.<\/p>\n<p style=\"text-align: justify;\">De este modo el convenio impacta directamente en el bienestar social, contribuyendo a la calendarizaci\u00f3n de programaci\u00f3n que ha contado con espect\u00e1culos de magia a cargo del Mago Tatariz, y panoramas para p\u00fablico general encabezados por el conjunto Los de San Lorenzo y el cantautor El Malebo.<\/p>\n<p style=\"text-align: justify;\">\u201cHa sido muy satisfactorio c\u00f3mo la demanda que existe de actividad cultural por parte de la comunidad es tan variada y necesaria. As\u00ed que sin duda la implementaci\u00f3n de este proyecto resulta un gran aliado, una ayuda para poder atender los requerimientos de actividades art\u00edstico- culturales que la comunidad demanda. Por ese lado estamos muy contentos y agradecidos\u201d, manifest\u00f3 Danilo Cruces, encargado del Centro Cultural Cochrane, quien aprovech\u00f3 de valorar las experiencias m\u00e1s all\u00e1 de la esfera institucional.<\/p>\n<p style=\"text-align: justify;\">Adem\u00e1s, desde el espacio cultural, tambi\u00e9n se\u00f1alaron que la cartelera tuvo una proyecci\u00f3n mayor. \u201cLas actividades no se han desarrollado cien por ciento en el Centro Cultural debido a diversas razones, principalmente como la convocatoria ha superado con crece lo que nosotros esper\u00e1bamos, hemos optado por hacer las actividades en espacios comunitarios abiertos, por ejemplo, la plaza, el Parque Costumbrista de Cochrane, etc\u201d, sostuvo Cruces.<\/p>\n<p style=\"text-align: justify;\">Cabe mencionar que esto tambi\u00e9n permiti\u00f3 nutrir la cartelera del sexag\u00e9simo noveno aniversario de la comuna con artistas como Los Trapananda, Nicasio Luna y el grupo Mate Amargo. En tanto, para los meses venideros se contemplan funciones de teatro y t\u00edteres con artistas locales, entre los que figura Dami\u00e1n Ant\u00edguez con la presentaci\u00f3n \u201cEl guardi\u00e1n de las manzanas\u201d.<\/p>\n<p style=\"text-align: justify;\">Los panoramas ser\u00e1n informados por las redes sociales de la Seremi de las Culturas Ays\u00e9n y la Municipalidad de Cochrane, por lo que el llamado es a estar atentos a las pr\u00f3ximas fechas.<\/p>\n<p style=\"text-align: justify;\"><em>\u00a0<\/em><\/p>\n<p style=\"text-align: justify;\"><em>\u00a0<\/em><\/p>\n<\/div><\/section><\/div><div  style='height:50px' class='hr hr-invisible   avia-builder-el-6  el_after_av_one_full  el_before_av_social_share '><span class='hr-inner ' ><span class='hr-inner-style'><\/span><\/span><\/div><\/p>\n<div  class='av-social-sharing-box  avia-builder-el-7  el_after_av_hr  el_before_av_hr  '><div class='av-share-box'><h5 class='av-share-link-description av-no-toc '>Compartir esta noticia<\/h5><ul class='av-share-box-list noLightbox'><li class='av-share-link av-social-link-facebook' ><a target=\"_blank\" aria-label=\"Compartir en Facebook\" href='https:\/\/www.facebook.com\/sharer.php?u=https:\/\/radiorevelacionfm.cl\/?p=29758&#038;t=Cochrane%20avanza%20en%20materia%20art%C3%ADstico%20cultural%20y%20participaci%C3%B3n%20comunitaria' aria-hidden='false' data-av_icon='\ue8f3' data-av_iconfont='entypo-fontello' title='' data-avia-related-tooltip='Compartir en Facebook' rel=\"noopener\"><span class='avia_hidden_link_text'>Compartir en Facebook<\/span><\/a><\/li><li class='av-share-link av-social-link-twitter' ><a target=\"_blank\" aria-label=\"Compartir en Twitter\" href='https:\/\/twitter.com\/share?text=Cochrane%20avanza%20en%20materia%20art%C3%ADstico%20cultural%20y%20participaci%C3%B3n%20comunitaria&#038;url=https:\/\/radiorevelacionfm.cl\/?p=29758' aria-hidden='false' data-av_icon='\ue8f1' data-av_iconfont='entypo-fontello' title='' data-avia-related-tooltip='Compartir en Twitter' rel=\"noopener\"><span class='avia_hidden_link_text'>Compartir en Twitter<\/span><\/a><\/li><li class='av-share-link av-social-link-whatsapp' ><a target=\"_blank\" aria-label=\"Compartir en Whatsapp\" href='https:\/\/api.whatsapp.com\/send?text=https:\/\/radiorevelacionfm.cl\/?p=29758' aria-hidden='false' data-av_icon='\uf232' data-av_iconfont='entypo-fontello' title='' data-avia-related-tooltip='Compartir en Whatsapp' rel=\"noopener\"><span class='avia_hidden_link_text'>Compartir en Whatsapp<\/span><\/a><\/li><li class='av-share-link av-social-link-linkedin' ><a target=\"_blank\" aria-label=\"Compartir en LinkedIn\" href='https:\/\/linkedin.com\/shareArticle?mini=true&#038;title=Cochrane%20avanza%20en%20materia%20art%C3%ADstico%20cultural%20y%20participaci%C3%B3n%20comunitaria&#038;url=https:\/\/radiorevelacionfm.cl\/?p=29758' aria-hidden='false' data-av_icon='\ue8fc' data-av_iconfont='entypo-fontello' title='' data-avia-related-tooltip='Compartir en LinkedIn' rel=\"noopener\"><span class='avia_hidden_link_text'>Compartir en LinkedIn<\/span><\/a><\/li><li class='av-share-link av-social-link-mail' ><a  aria-label=\"Compartir por correo\" href='mailto:?subject=Cochrane%20avanza%20en%20materia%20art%C3%ADstico%20cultural%20y%20participaci%C3%B3n%20comunitaria&#038;body=https:\/\/radiorevelacionfm.cl\/?p=29758' aria-hidden='false' data-av_icon='\ue805' data-av_iconfont='entypo-fontello' title='' data-avia-related-tooltip='Compartir por correo'><span class='avia_hidden_link_text'>Compartir por correo<\/span><\/a><\/li><\/ul><\/div><\/div>\n<div  style='height:50px' class='hr hr-invisible   avia-builder-el-8  el_after_av_social_share  el_before_av_comments_list '><span class='hr-inner ' ><span class='hr-inner-style'><\/span><\/span><\/div>\n<div  class='av-buildercomment  av-blog-meta-html-info-disabled av-blog-meta-tag-disabled  '><\/div>\n","protected":false},"excerpt":{"rendered":"","protected":false},"author":1,"featured_media":29759,"comment_status":"open","ping_status":"open","sticky":false,"template":"","format":"standard","meta":{"footnotes":""},"categories":[52],"tags":[],"class_list":["post-29758","post","type-post","status-publish","format-standard","has-post-thumbnail","hentry","category-cultura"],"jetpack_featured_media_url":"https:\/\/radiorevelacionfm.cl\/wp-content\/uploads\/2023\/04\/magia-en-el-baker-3-1_optimized.jpg","_links":{"self":[{"href":"https:\/\/radiorevelacionfm.cl\/index.php?rest_route=\/wp\/v2\/posts\/29758","targetHints":{"allow":["GET"]}}],"collection":[{"href":"https:\/\/radiorevelacionfm.cl\/index.php?rest_route=\/wp\/v2\/posts"}],"about":[{"href":"https:\/\/radiorevelacionfm.cl\/index.php?rest_route=\/wp\/v2\/types\/post"}],"author":[{"embeddable":true,"href":"https:\/\/radiorevelacionfm.cl\/index.php?rest_route=\/wp\/v2\/users\/1"}],"replies":[{"embeddable":true,"href":"https:\/\/radiorevelacionfm.cl\/index.php?rest_route=%2Fwp%2Fv2%2Fcomments&post=29758"}],"version-history":[{"count":1,"href":"https:\/\/radiorevelacionfm.cl\/index.php?rest_route=\/wp\/v2\/posts\/29758\/revisions"}],"predecessor-version":[{"id":29760,"href":"https:\/\/radiorevelacionfm.cl\/index.php?rest_route=\/wp\/v2\/posts\/29758\/revisions\/29760"}],"wp:featuredmedia":[{"embeddable":true,"href":"https:\/\/radiorevelacionfm.cl\/index.php?rest_route=\/wp\/v2\/media\/29759"}],"wp:attachment":[{"href":"https:\/\/radiorevelacionfm.cl\/index.php?rest_route=%2Fwp%2Fv2%2Fmedia&parent=29758"}],"wp:term":[{"taxonomy":"category","embeddable":true,"href":"https:\/\/radiorevelacionfm.cl\/index.php?rest_route=%2Fwp%2Fv2%2Fcategories&post=29758"},{"taxonomy":"post_tag","embeddable":true,"href":"https:\/\/radiorevelacionfm.cl\/index.php?rest_route=%2Fwp%2Fv2%2Ftags&post=29758"}],"curies":[{"name":"wp","href":"https:\/\/api.w.org\/{rel}","templated":true}]}}