{"id":29748,"date":"2023-04-05T17:27:15","date_gmt":"2023-04-05T20:27:15","guid":{"rendered":"https:\/\/radiorevelacionfm.cl\/?p=29748"},"modified":"2023-04-05T17:27:15","modified_gmt":"2023-04-05T20:27:15","slug":"ministra-aisen-etcheverry-en-su-primera-gira-regional","status":"publish","type":"post","link":"https:\/\/radiorevelacionfm.cl\/?p=29748","title":{"rendered":"Ministra Ais\u00e9n Etcheverry en su primera gira regional"},"content":{"rendered":"<div class=\"flex_column av_one_full  flex_column_div av-zero-column-padding first  avia-builder-el-0  el_before_av_one_full  avia-builder-el-first  \" style='border-radius:0px; '><div  class='avia-image-container  av-styling-    avia-builder-el-1  avia-builder-el-no-sibling  avia-align-center '  itemprop=\"image\" itemscope=\"itemscope\" itemtype=\"https:\/\/schema.org\/ImageObject\"  ><div class='avia-image-container-inner'><div class='avia-image-overlay-wrap'><img decoding=\"async\" class='wp-image-29749 avia-img-lazy-loading-not-29749 avia_image' src=\"https:\/\/radiorevelacionfm.cl\/wp-content\/uploads\/2023\/04\/hmc_3064-1_optimized.jpg\" alt='' title='hmc_3064-(1)_optimized' height=\"600\" width=\"900\"  itemprop=\"thumbnailUrl\" srcset=\"https:\/\/radiorevelacionfm.cl\/wp-content\/uploads\/2023\/04\/hmc_3064-1_optimized.jpg 900w, https:\/\/radiorevelacionfm.cl\/wp-content\/uploads\/2023\/04\/hmc_3064-1_optimized-300x200.jpg 300w, https:\/\/radiorevelacionfm.cl\/wp-content\/uploads\/2023\/04\/hmc_3064-1_optimized-768x512.jpg 768w, https:\/\/radiorevelacionfm.cl\/wp-content\/uploads\/2023\/04\/hmc_3064-1_optimized-705x470.jpg 705w, https:\/\/radiorevelacionfm.cl\/wp-content\/uploads\/2023\/04\/hmc_3064-1_optimized-450x300.jpg 450w, https:\/\/radiorevelacionfm.cl\/wp-content\/uploads\/2023\/04\/hmc_3064-1_optimized-600x400.jpg 600w\" sizes=\"(max-width: 900px) 100vw, 900px\" \/><\/div><\/div><\/div><\/div><div class=\"flex_column av_one_full  flex_column_div av-zero-column-padding first  avia-builder-el-2  el_after_av_one_full  el_before_av_one_full  column-top-margin\" style='border-radius:0px; '><section class=\"av_textblock_section \"  itemscope=\"itemscope\" itemtype=\"https:\/\/schema.org\/BlogPosting\" itemprop=\"blogPost\" ><div class='avia_textblock  '   itemprop=\"text\" ><p style=\"text-align: center;\"><span style=\"font-size: 18pt;\"><b><span lang=\"es\">Ministra Ais\u00e9n Etcheverry en su primera gira regional<\/span><\/b><\/span><\/p>\n<div id=\"gtx-trans\" style=\"position: absolute; left: -50px; top: 4.31534px;\">\n<div class=\"gtx-trans-icon\"><\/div>\n<\/div>\n<\/div><\/section><\/div><div class=\"flex_column av_one_full  flex_column_div av-zero-column-padding first  avia-builder-el-4  el_after_av_one_full  el_before_av_hr  column-top-margin\" style='border-radius:0px; '><section class=\"av_textblock_section \"  itemscope=\"itemscope\" itemtype=\"https:\/\/schema.org\/BlogPosting\" itemprop=\"blogPost\" ><div class='avia_textblock  '   itemprop=\"text\" ><p class=\"v1MsoNormal\" style=\"text-align: justify;\"><span lang=\"es\">Con el objetivo de dar inicio al primer taller para la actualizaci\u00f3n de la Pol\u00edtica Nacional de Ciencia, Tecnolog\u00eda, Conocimiento e Innovaci\u00f3n (CTCI) en la Regi\u00f3n de Ays\u00e9n, y profundizar en las necesidades locales para el sector, la ministra de Ciencia, Ais\u00e9n Etcheverry, comenz\u00f3 este martes el primer despliegue territorial de su gesti\u00f3n.<\/span><\/p>\n<p class=\"v1MsoNormal\" style=\"text-align: justify;\"><span lang=\"es\">\u00abEstamos en el proceso de actualizaci\u00f3n de la Pol\u00edtica Nacional de CTCI y queremos hacerlo con un fuerte sello regional\u00bb, coment\u00f3 la secretaria de Estado. \u00abEste taller apunta a que los actores de la regi\u00f3n, desde el conocimiento de su territorio, nos permitan ver c\u00f3mo los pilares de la pol\u00edtica se aterrizan en Ays\u00e9n, tienen impacto en lo que la regi\u00f3n requiere y aprovechan las capacidades que ya est\u00e1n instaladas\u00bb, dijo la autoridad respecto del encuentro que convoc\u00f3 a medio centenar de actores locales, incluyendo acad\u00e9micos\/as, investigadores\/as, funcionarios\/as p\u00fablicos\/as y otros en el campus Patagonia de la Universidad Austral de Chile.<\/span><\/p>\n<p class=\"v1MsoNormal\" style=\"text-align: justify;\"><span lang=\"es\">Camino a Coyhaique, la ministra hizo una parada en la Escuela Rural R\u00edo Blanco, que cuenta con un fuerte sello educativo en ciencia y tecnolog\u00eda. All\u00ed, adem\u00e1s de compartir con la comunidad, particip\u00f3 en el lanzamiento de la \u00abConvocatoria de Pr\u00e1cticas no Sexistas en Educaci\u00f3n\u00bb, que impulsan las secretar\u00edas regionales ministeriales de Ciencia, Educaci\u00f3n, y Mujer y Equidad de G\u00e9nero. \u00abEsta escuela tiene como sello de su proyecto educativo el desarrollo cient\u00edfico tecnol\u00f3gico. Ni\u00f1os y ni\u00f1as de primero a octavo b\u00e1sico nos mostraron c\u00f3mo est\u00e1n programando con Arduino, c\u00f3mo entienden la ciencia y c\u00f3mo proyectan su futuro desde el conocimiento\u00bb, coment\u00f3 la ministra Etcheverry.<\/span><\/p>\n<p class=\"v1MsoNormal\" style=\"text-align: justify;\"><span lang=\"es\">Acompa\u00f1ada de la seremi de Ciencia de la Macrozona Austral, Ver\u00f3nica Vallejos, la ministra Etcheverry tambi\u00e9n se reuni\u00f3 con el delegado Presidencial Regional (s), Samuel Navarro, y el gabinete regional. \u00abNos reunimos con el gabinete regional y pudimos escuchar, desde lo seremis, cu\u00e1les son las preocupaciones y desaf\u00edos desde las distintas \u00e1reas de gobierno\u00bb, concluy\u00f3 Navarro.<\/span><\/p>\n<p class=\"v1MsoNormal\" style=\"text-align: justify;\"><span lang=\"es\">La jornada finaliz\u00f3 con un encuentro entre la ministra y el director del Centro de Investigaci\u00f3n en Ecosistemas de la Patagonia (CIEP), Giovanni Daneri, adem\u00e1s de su equipo, para profundizar sobre el quehacer del trabajo del Centro Regional y los desaf\u00edos que enfrenta; y posteriormente con la visita al Museo Regional de Ays\u00e9n, donde su director, Gustavo Saldivia, explic\u00f3 el estado de la red de museos de la Regi\u00f3n de Ays\u00e9n, con foco en sus desaf\u00edos en torno a CTCI e investigaci\u00f3n.<\/span><\/p>\n<\/div><\/section><\/div><div  style='height:50px' class='hr hr-invisible   avia-builder-el-6  el_after_av_one_full  el_before_av_social_share '><span class='hr-inner ' ><span class='hr-inner-style'><\/span><\/span><\/div><\/p>\n<div  class='av-social-sharing-box  avia-builder-el-7  el_after_av_hr  el_before_av_hr  '><div class='av-share-box'><h5 class='av-share-link-description av-no-toc '>Compartir esta noticia<\/h5><ul class='av-share-box-list noLightbox'><li class='av-share-link av-social-link-facebook' ><a target=\"_blank\" aria-label=\"Compartir en Facebook\" href='https:\/\/www.facebook.com\/sharer.php?u=https:\/\/radiorevelacionfm.cl\/?p=29748&#038;t=Ministra%20Ais%C3%A9n%20Etcheverry%20en%20su%20primera%20gira%20regional' aria-hidden='false' data-av_icon='\ue8f3' data-av_iconfont='entypo-fontello' title='' data-avia-related-tooltip='Compartir en Facebook' rel=\"noopener\"><span class='avia_hidden_link_text'>Compartir en Facebook<\/span><\/a><\/li><li class='av-share-link av-social-link-twitter' ><a target=\"_blank\" aria-label=\"Compartir en Twitter\" href='https:\/\/twitter.com\/share?text=Ministra%20Ais%C3%A9n%20Etcheverry%20en%20su%20primera%20gira%20regional&#038;url=https:\/\/radiorevelacionfm.cl\/?p=29748' aria-hidden='false' data-av_icon='\ue8f1' data-av_iconfont='entypo-fontello' title='' data-avia-related-tooltip='Compartir en Twitter' rel=\"noopener\"><span class='avia_hidden_link_text'>Compartir en Twitter<\/span><\/a><\/li><li class='av-share-link av-social-link-whatsapp' ><a target=\"_blank\" aria-label=\"Compartir en Whatsapp\" href='https:\/\/api.whatsapp.com\/send?text=https:\/\/radiorevelacionfm.cl\/?p=29748' aria-hidden='false' data-av_icon='\uf232' data-av_iconfont='entypo-fontello' title='' data-avia-related-tooltip='Compartir en Whatsapp' rel=\"noopener\"><span class='avia_hidden_link_text'>Compartir en Whatsapp<\/span><\/a><\/li><li class='av-share-link av-social-link-linkedin' ><a target=\"_blank\" aria-label=\"Compartir en LinkedIn\" href='https:\/\/linkedin.com\/shareArticle?mini=true&#038;title=Ministra%20Ais%C3%A9n%20Etcheverry%20en%20su%20primera%20gira%20regional&#038;url=https:\/\/radiorevelacionfm.cl\/?p=29748' aria-hidden='false' data-av_icon='\ue8fc' data-av_iconfont='entypo-fontello' title='' data-avia-related-tooltip='Compartir en LinkedIn' rel=\"noopener\"><span class='avia_hidden_link_text'>Compartir en LinkedIn<\/span><\/a><\/li><li class='av-share-link av-social-link-mail' ><a  aria-label=\"Compartir por correo\" href='mailto:?subject=Ministra%20Ais%C3%A9n%20Etcheverry%20en%20su%20primera%20gira%20regional&#038;body=https:\/\/radiorevelacionfm.cl\/?p=29748' aria-hidden='false' data-av_icon='\ue805' data-av_iconfont='entypo-fontello' title='' data-avia-related-tooltip='Compartir por correo'><span class='avia_hidden_link_text'>Compartir por correo<\/span><\/a><\/li><\/ul><\/div><\/div>\n<div  style='height:50px' class='hr hr-invisible   avia-builder-el-8  el_after_av_social_share  el_before_av_comments_list '><span class='hr-inner ' ><span class='hr-inner-style'><\/span><\/span><\/div>\n<div  class='av-buildercomment  av-blog-meta-html-info-disabled av-blog-meta-tag-disabled  '><\/div>\n","protected":false},"excerpt":{"rendered":"","protected":false},"author":1,"featured_media":29749,"comment_status":"open","ping_status":"open","sticky":false,"template":"","format":"standard","meta":{"footnotes":""},"categories":[53],"tags":[],"class_list":["post-29748","post","type-post","status-publish","format-standard","has-post-thumbnail","hentry","category-ciencia"],"jetpack_featured_media_url":"https:\/\/radiorevelacionfm.cl\/wp-content\/uploads\/2023\/04\/hmc_3064-1_optimized.jpg","_links":{"self":[{"href":"https:\/\/radiorevelacionfm.cl\/index.php?rest_route=\/wp\/v2\/posts\/29748","targetHints":{"allow":["GET"]}}],"collection":[{"href":"https:\/\/radiorevelacionfm.cl\/index.php?rest_route=\/wp\/v2\/posts"}],"about":[{"href":"https:\/\/radiorevelacionfm.cl\/index.php?rest_route=\/wp\/v2\/types\/post"}],"author":[{"embeddable":true,"href":"https:\/\/radiorevelacionfm.cl\/index.php?rest_route=\/wp\/v2\/users\/1"}],"replies":[{"embeddable":true,"href":"https:\/\/radiorevelacionfm.cl\/index.php?rest_route=%2Fwp%2Fv2%2Fcomments&post=29748"}],"version-history":[{"count":1,"href":"https:\/\/radiorevelacionfm.cl\/index.php?rest_route=\/wp\/v2\/posts\/29748\/revisions"}],"predecessor-version":[{"id":29750,"href":"https:\/\/radiorevelacionfm.cl\/index.php?rest_route=\/wp\/v2\/posts\/29748\/revisions\/29750"}],"wp:featuredmedia":[{"embeddable":true,"href":"https:\/\/radiorevelacionfm.cl\/index.php?rest_route=\/wp\/v2\/media\/29749"}],"wp:attachment":[{"href":"https:\/\/radiorevelacionfm.cl\/index.php?rest_route=%2Fwp%2Fv2%2Fmedia&parent=29748"}],"wp:term":[{"taxonomy":"category","embeddable":true,"href":"https:\/\/radiorevelacionfm.cl\/index.php?rest_route=%2Fwp%2Fv2%2Fcategories&post=29748"},{"taxonomy":"post_tag","embeddable":true,"href":"https:\/\/radiorevelacionfm.cl\/index.php?rest_route=%2Fwp%2Fv2%2Ftags&post=29748"}],"curies":[{"name":"wp","href":"https:\/\/api.w.org\/{rel}","templated":true}]}}