{"id":29742,"date":"2023-04-05T12:16:02","date_gmt":"2023-04-05T15:16:02","guid":{"rendered":"https:\/\/radiorevelacionfm.cl\/?p=29742"},"modified":"2023-04-05T12:16:02","modified_gmt":"2023-04-05T15:16:02","slug":"lanzan-programa-para-adultos-mayores-en-situacion-de-vulnerabilidad","status":"publish","type":"post","link":"https:\/\/radiorevelacionfm.cl\/?p=29742","title":{"rendered":"Lanzan programa para adultos mayores en situaci\u00f3n de vulnerabilidad"},"content":{"rendered":"<div class=\"flex_column av_one_full  flex_column_div av-zero-column-padding first  avia-builder-el-0  el_before_av_one_full  avia-builder-el-first  \" style='border-radius:0px; '><div  class='avia-image-container  av-styling-    avia-builder-el-1  avia-builder-el-no-sibling  avia-align-center '  itemprop=\"image\" itemscope=\"itemscope\" itemtype=\"https:\/\/schema.org\/ImageObject\"  ><div class='avia-image-container-inner'><div class='avia-image-overlay-wrap'><img decoding=\"async\" class='wp-image-29743 avia-img-lazy-loading-not-29743 avia_image' src=\"https:\/\/radiorevelacionfm.cl\/wp-content\/uploads\/2023\/04\/Hogar-de-Cristo-1-1-1.jpeg\" alt='' title='Hogar de Cristo 1 (1) (1)' height=\"600\" width=\"1016\"  itemprop=\"thumbnailUrl\" srcset=\"https:\/\/radiorevelacionfm.cl\/wp-content\/uploads\/2023\/04\/Hogar-de-Cristo-1-1-1.jpeg 1016w, https:\/\/radiorevelacionfm.cl\/wp-content\/uploads\/2023\/04\/Hogar-de-Cristo-1-1-1-300x177.jpeg 300w, https:\/\/radiorevelacionfm.cl\/wp-content\/uploads\/2023\/04\/Hogar-de-Cristo-1-1-1-768x454.jpeg 768w, https:\/\/radiorevelacionfm.cl\/wp-content\/uploads\/2023\/04\/Hogar-de-Cristo-1-1-1-705x416.jpeg 705w, https:\/\/radiorevelacionfm.cl\/wp-content\/uploads\/2023\/04\/Hogar-de-Cristo-1-1-1-450x266.jpeg 450w, https:\/\/radiorevelacionfm.cl\/wp-content\/uploads\/2023\/04\/Hogar-de-Cristo-1-1-1-600x354.jpeg 600w\" sizes=\"(max-width: 1016px) 100vw, 1016px\" \/><\/div><\/div><\/div><\/div><div class=\"flex_column av_one_full  flex_column_div av-zero-column-padding first  avia-builder-el-2  el_after_av_one_full  el_before_av_one_full  column-top-margin\" style='border-radius:0px; '><section class=\"av_textblock_section \"  itemscope=\"itemscope\" itemtype=\"https:\/\/schema.org\/BlogPosting\" itemprop=\"blogPost\" ><div class='avia_textblock  '   itemprop=\"text\" ><p style=\"text-align: center;\"><strong><span style=\"font-size: 18pt;\">Lanzan programa para adultos mayores en situaci\u00f3n de vulnerabilidad<\/span><\/strong><\/p>\n<div id=\"gtx-trans\" style=\"position: absolute; left: -50px; top: 4.31534px;\">\n<div class=\"gtx-trans-icon\"><\/div>\n<\/div>\n<\/div><\/section><\/div><div class=\"flex_column av_one_full  flex_column_div av-zero-column-padding first  avia-builder-el-4  el_after_av_one_full  el_before_av_hr  column-top-margin\" style='border-radius:0px; '><section class=\"av_textblock_section \"  itemscope=\"itemscope\" itemtype=\"https:\/\/schema.org\/BlogPosting\" itemprop=\"blogPost\" ><div class='avia_textblock  '   itemprop=\"text\" ><p dir=\"ltr\" style=\"text-align: justify;\">El Gobierno Regional de Ays\u00e9n y su Consejo, en un trabajo conjunto con el Hogar de Cristo, lanzaron el \u00abPrograma de Inclusi\u00f3n Social y Rehabilitaci\u00f3n para Personas Mayores en Situaci\u00f3n de Vulnerabilidad Social\u00bb, que beneficiar\u00e1 a un total de 120 adultos mayores de las comunas de Ays\u00e9n y Coyhaique.<\/p>\n<p dir=\"ltr\" style=\"text-align: justify;\">\u00abPara el Gobierno Regional de Ays\u00e9n y su Consejo este programa es muy relevante porque pone en valor, y pone en el centro de nuestro trabajo, a las personas. Pero, no a cualquier persona, sino a aquellas que pertenecen a grupos prioritarios para nosotros, que son los m\u00e1s vulnerados, y aqu\u00ed nos referimos espec\u00edficamente a las personas mayores. Un programa de inclusi\u00f3n, de rehabilitaci\u00f3n social, que busca restablecer por una parte la salud, pero tambi\u00e9n la vinculaci\u00f3n, que es fundamental para el desarrollo de todas las personas como seres humanos\u00bb, explic\u00f3 la Gobernadora Regional Andrea Mac\u00edas Palma.<\/p>\n<p dir=\"ltr\" style=\"text-align: justify;\">Este programa, denominado como \u00abT\u00fa y Yo\u00bb, contempla un financiamiento por parte del Gobierno Regional de un total de $381 millones, lo que permitir\u00e1 al equipo de trabajo del Hogar de Cristo asistir durante dos a\u00f1os, de manera permanente, a 120 personas mayores de las comunas de Ays\u00e9n y Coyhaique.<\/p>\n<p dir=\"ltr\" style=\"text-align: justify;\">\u00abFelicitar tanto a la Gobernadora como a las Consejeras y Consejeros por esta apuesta, esta inversi\u00f3n social y humana en nuestros adultos mayores que tanto lo necesitan. Hoy, como municipio, tambi\u00e9n nos ponemos a disposici\u00f3n, tanto del Hogar de Cristo como del Gobierno Regional, para poder apoyar esta iniciativa y, por supuesto, reconocer la gran labor que est\u00e1n realizando en materia de desarrollo social y humano\u00bb, se\u00f1al\u00f3 el alcalde de la Municipalidad de Coyhaique, Carlos Gatica.<\/p>\n<p dir=\"ltr\" style=\"text-align: justify;\">El convenio se enmarca en un alianza estrat\u00e9gica p\u00fablico-privada entre el Gobierno Regional y el Hogar de Cristo, que tiene como objetivo llevar a cabo un programa con pertinencia territorial, y con un buen diagn\u00f3stico de la situaci\u00f3n de las y los adultos mayores en la Regi\u00f3n de Ays\u00e9n, que es distinta de la de cualquier otro lugar del pa\u00eds. As\u00ed lo precisa Andrea Garc\u00eda, jefa de Operaci\u00f3n Social Territorial del Hogar de Cristo en la Regi\u00f3n de Ays\u00e9n.<\/p>\n<p dir=\"ltr\" style=\"text-align: justify;\">\u00abEl objetivo de este programa es rehabilitar, acompa\u00f1ar y revincular a adultos mayores de Ays\u00e9n y Coyhaique con los distintos entes con los que se trabaja: juntas de vecinos, poder acompa\u00f1arlos al m\u00e9dico, por ejemplo, poder estar con ellos en sus necesidades, aportar, irlos a visitar, que sientan un acompa\u00f1amiento no s\u00f3lo desde lo afectivo, pero s\u00ed que vuelvan a sentirse personas \u00fatiles. Para nosotros eso es importante\u00bb, puntualiz\u00f3.<\/p>\n<p dir=\"ltr\" style=\"text-align: justify;\">Para este primer programa piloto, se prioriz\u00f3 a Ays\u00e9n y Coyhaique teniendo en cuenta la proporci\u00f3n regional de adultos mayores por comunas, donde los mencionados municipios concentran un 22,4% y un 54,2%, respectivamente, de la poblaci\u00f3n de personas en este rango etario.<\/p>\n<p dir=\"ltr\" style=\"text-align: justify;\">\u00abSe est\u00e1 tomando un sector de la poblaci\u00f3n que muchas veces ha sido dejado a un lado, que son justamente los adultos mayores vulnerados, y que est\u00e1n, m\u00e1s encima, inhabilitados por una situaci\u00f3n ya sea econ\u00f3mica o de salud. Hoy se viene a poner fin a esta situaci\u00f3n de 120 personas, de Ays\u00e9n y Coyhaique como programa piloto, pero despu\u00e9s se va a extender al resto de las comunas donde tengamos este tipo de personas mayores, que sufren de alguna maner un abandono de las pol\u00edticas p\u00fablicas, y que hoy se viene a reparar\u00bb, acot\u00f3 Jos\u00e9 Manuel Vivallo, presidente de la Uni\u00f3n Comunal de Clubes de Adultos Mayores de Coyhaique.<\/p>\n<\/div><\/section><\/div><div  style='height:50px' class='hr hr-invisible   avia-builder-el-6  el_after_av_one_full  el_before_av_social_share '><span class='hr-inner ' ><span class='hr-inner-style'><\/span><\/span><\/div><\/p>\n<div  class='av-social-sharing-box  avia-builder-el-7  el_after_av_hr  el_before_av_hr  '><div class='av-share-box'><h5 class='av-share-link-description av-no-toc '>Compartir esta noticia<\/h5><ul class='av-share-box-list noLightbox'><li class='av-share-link av-social-link-facebook' ><a target=\"_blank\" aria-label=\"Compartir en Facebook\" href='https:\/\/www.facebook.com\/sharer.php?u=https:\/\/radiorevelacionfm.cl\/?p=29742&#038;t=Lanzan%20programa%20para%20adultos%20mayores%20en%20situaci%C3%B3n%20de%20vulnerabilidad' aria-hidden='false' data-av_icon='\ue8f3' data-av_iconfont='entypo-fontello' title='' data-avia-related-tooltip='Compartir en Facebook' rel=\"noopener\"><span class='avia_hidden_link_text'>Compartir en Facebook<\/span><\/a><\/li><li class='av-share-link av-social-link-twitter' ><a target=\"_blank\" aria-label=\"Compartir en Twitter\" href='https:\/\/twitter.com\/share?text=Lanzan%20programa%20para%20adultos%20mayores%20en%20situaci%C3%B3n%20de%20vulnerabilidad&#038;url=https:\/\/radiorevelacionfm.cl\/?p=29742' aria-hidden='false' data-av_icon='\ue8f1' data-av_iconfont='entypo-fontello' title='' data-avia-related-tooltip='Compartir en Twitter' rel=\"noopener\"><span class='avia_hidden_link_text'>Compartir en Twitter<\/span><\/a><\/li><li class='av-share-link av-social-link-whatsapp' ><a target=\"_blank\" aria-label=\"Compartir en Whatsapp\" href='https:\/\/api.whatsapp.com\/send?text=https:\/\/radiorevelacionfm.cl\/?p=29742' aria-hidden='false' data-av_icon='\uf232' data-av_iconfont='entypo-fontello' title='' data-avia-related-tooltip='Compartir en Whatsapp' rel=\"noopener\"><span class='avia_hidden_link_text'>Compartir en Whatsapp<\/span><\/a><\/li><li class='av-share-link av-social-link-linkedin' ><a target=\"_blank\" aria-label=\"Compartir en LinkedIn\" href='https:\/\/linkedin.com\/shareArticle?mini=true&#038;title=Lanzan%20programa%20para%20adultos%20mayores%20en%20situaci%C3%B3n%20de%20vulnerabilidad&#038;url=https:\/\/radiorevelacionfm.cl\/?p=29742' aria-hidden='false' data-av_icon='\ue8fc' data-av_iconfont='entypo-fontello' title='' data-avia-related-tooltip='Compartir en LinkedIn' rel=\"noopener\"><span class='avia_hidden_link_text'>Compartir en LinkedIn<\/span><\/a><\/li><li class='av-share-link av-social-link-mail' ><a  aria-label=\"Compartir por correo\" href='mailto:?subject=Lanzan%20programa%20para%20adultos%20mayores%20en%20situaci%C3%B3n%20de%20vulnerabilidad&#038;body=https:\/\/radiorevelacionfm.cl\/?p=29742' aria-hidden='false' data-av_icon='\ue805' data-av_iconfont='entypo-fontello' title='' data-avia-related-tooltip='Compartir por correo'><span class='avia_hidden_link_text'>Compartir por correo<\/span><\/a><\/li><\/ul><\/div><\/div>\n<div  style='height:50px' class='hr hr-invisible   avia-builder-el-8  el_after_av_social_share  el_before_av_comments_list '><span class='hr-inner ' ><span class='hr-inner-style'><\/span><\/span><\/div>\n<div  class='av-buildercomment  av-blog-meta-html-info-disabled av-blog-meta-tag-disabled  '><\/div>\n","protected":false},"excerpt":{"rendered":"","protected":false},"author":1,"featured_media":29743,"comment_status":"open","ping_status":"open","sticky":false,"template":"","format":"standard","meta":{"footnotes":""},"categories":[38],"tags":[],"class_list":["post-29742","post","type-post","status-publish","format-standard","has-post-thumbnail","hentry","category-regional"],"jetpack_featured_media_url":"https:\/\/radiorevelacionfm.cl\/wp-content\/uploads\/2023\/04\/Hogar-de-Cristo-1-1-1.jpeg","_links":{"self":[{"href":"https:\/\/radiorevelacionfm.cl\/index.php?rest_route=\/wp\/v2\/posts\/29742","targetHints":{"allow":["GET"]}}],"collection":[{"href":"https:\/\/radiorevelacionfm.cl\/index.php?rest_route=\/wp\/v2\/posts"}],"about":[{"href":"https:\/\/radiorevelacionfm.cl\/index.php?rest_route=\/wp\/v2\/types\/post"}],"author":[{"embeddable":true,"href":"https:\/\/radiorevelacionfm.cl\/index.php?rest_route=\/wp\/v2\/users\/1"}],"replies":[{"embeddable":true,"href":"https:\/\/radiorevelacionfm.cl\/index.php?rest_route=%2Fwp%2Fv2%2Fcomments&post=29742"}],"version-history":[{"count":1,"href":"https:\/\/radiorevelacionfm.cl\/index.php?rest_route=\/wp\/v2\/posts\/29742\/revisions"}],"predecessor-version":[{"id":29744,"href":"https:\/\/radiorevelacionfm.cl\/index.php?rest_route=\/wp\/v2\/posts\/29742\/revisions\/29744"}],"wp:featuredmedia":[{"embeddable":true,"href":"https:\/\/radiorevelacionfm.cl\/index.php?rest_route=\/wp\/v2\/media\/29743"}],"wp:attachment":[{"href":"https:\/\/radiorevelacionfm.cl\/index.php?rest_route=%2Fwp%2Fv2%2Fmedia&parent=29742"}],"wp:term":[{"taxonomy":"category","embeddable":true,"href":"https:\/\/radiorevelacionfm.cl\/index.php?rest_route=%2Fwp%2Fv2%2Fcategories&post=29742"},{"taxonomy":"post_tag","embeddable":true,"href":"https:\/\/radiorevelacionfm.cl\/index.php?rest_route=%2Fwp%2Fv2%2Ftags&post=29742"}],"curies":[{"name":"wp","href":"https:\/\/api.w.org\/{rel}","templated":true}]}}