{"id":29739,"date":"2023-04-04T20:17:39","date_gmt":"2023-04-04T23:17:39","guid":{"rendered":"https:\/\/radiorevelacionfm.cl\/?p=29739"},"modified":"2023-04-04T20:17:39","modified_gmt":"2023-04-04T23:17:39","slug":"transbordador-chelenco-mantendra-conectividad-lacustre-por-mantencion-preventiva-de-barcaza-tehuelche","status":"publish","type":"post","link":"https:\/\/radiorevelacionfm.cl\/?p=29739","title":{"rendered":"Transbordador Chelenco mantendr\u00e1 conectividad lacustre por mantenci\u00f3n preventiva de barcaza Tehuelche"},"content":{"rendered":"<div class=\"flex_column av_one_full  flex_column_div av-zero-column-padding first  avia-builder-el-0  el_before_av_one_full  avia-builder-el-first  \" style='border-radius:0px; '><div  class='avia-image-container  av-styling-    avia-builder-el-1  avia-builder-el-no-sibling  avia-align-center '  itemprop=\"image\" itemscope=\"itemscope\" itemtype=\"https:\/\/schema.org\/ImageObject\"  ><div class='avia-image-container-inner'><div class='avia-image-overlay-wrap'><img decoding=\"async\" class='wp-image-29740 avia-img-lazy-loading-not-29740 avia_image' src=\"https:\/\/radiorevelacionfm.cl\/wp-content\/uploads\/2023\/04\/Chelenco-1-1.jpg\" alt='' title='Chelenco (1) (1)' height=\"600\" width=\"800\"  itemprop=\"thumbnailUrl\" srcset=\"https:\/\/radiorevelacionfm.cl\/wp-content\/uploads\/2023\/04\/Chelenco-1-1.jpg 800w, https:\/\/radiorevelacionfm.cl\/wp-content\/uploads\/2023\/04\/Chelenco-1-1-300x225.jpg 300w, https:\/\/radiorevelacionfm.cl\/wp-content\/uploads\/2023\/04\/Chelenco-1-1-768x576.jpg 768w, https:\/\/radiorevelacionfm.cl\/wp-content\/uploads\/2023\/04\/Chelenco-1-1-705x529.jpg 705w, https:\/\/radiorevelacionfm.cl\/wp-content\/uploads\/2023\/04\/Chelenco-1-1-450x338.jpg 450w, https:\/\/radiorevelacionfm.cl\/wp-content\/uploads\/2023\/04\/Chelenco-1-1-600x450.jpg 600w\" sizes=\"(max-width: 800px) 100vw, 800px\" \/><\/div><\/div><\/div><\/div><div class=\"flex_column av_one_full  flex_column_div av-zero-column-padding first  avia-builder-el-2  el_after_av_one_full  el_before_av_one_full  column-top-margin\" style='border-radius:0px; '><section class=\"av_textblock_section \"  itemscope=\"itemscope\" itemtype=\"https:\/\/schema.org\/BlogPosting\" itemprop=\"blogPost\" ><div class='avia_textblock  '   itemprop=\"text\" ><p style=\"text-align: center;\"><span style=\"font-size: 18pt;\"><b>Transbordador Chelenco mantendr\u00e1 conectividad lacustre por mantenci\u00f3n preventiva de barcaza Tehuelche<\/b><\/span><\/p>\n<div id=\"gtx-trans\" style=\"position: absolute; left: -50px; top: 4.31534px;\">\n<div class=\"gtx-trans-icon\"><\/div>\n<\/div>\n<\/div><\/section><\/div><div class=\"flex_column av_one_full  flex_column_div av-zero-column-padding first  avia-builder-el-4  el_after_av_one_full  el_before_av_hr  column-top-margin\" style='border-radius:0px; '><section class=\"av_textblock_section \"  itemscope=\"itemscope\" itemtype=\"https:\/\/schema.org\/BlogPosting\" itemprop=\"blogPost\" ><div class='avia_textblock  '   itemprop=\"text\" ><p style=\"text-align: justify;\"><em>Con dos frecuencias diarias, la embarcaci\u00f3n permitir\u00e1 mantener el abastecimiento hacia Chile Chico. A esto se sumar\u00e1 la conectividad terrestre Coyhaique \u2013 Chile Chico con viajes simult\u00e1neos desde ambos destinos de domingo a viernes.<\/em><\/p>\n<p style=\"font-weight: 400; text-align: justify;\">Para responder a las necesidades de conectividad de los habitantes de Chile Chico durante el periodo de mantenimiento de la barcaza \u201cLa Tehuelche\u201d -programado entre el 10 y 19 de abril-,\u00a0 el Ministerio de Transportes y Telecomunicaciones (MTT) ha planificado medidas que permitir\u00e1n mantener el abastecimiento y la movilidad de personas.<\/p>\n<p style=\"font-weight: 400; text-align: justify;\">Al respecto, el jefe de la Divisi\u00f3n de Transporte P\u00fablico Regional (DTPR), Alan Sep\u00falveda, sostuvo que \u201cestamos trabajando de forma coordinada con diferentes entidades, p\u00fablico- privadas, para que los servicios de transporte que subvencionamos como Gobierno no se detengan y afecten a la comunidad. En este sentido, dada la mantenci\u00f3n preventiva de \u201cLa Tehuelche\u201d, realizamos las coordinaciones pertinentes para que el servicio siga contribuyendo a la conectividad local\u201d.<\/p>\n<p style=\"font-weight: 400; text-align: justify;\">Mientras que la seremi de Transportes, Claudia Cantero, se\u00f1al\u00f3: \u201cesperamos contar con la paciencia y la comprensi\u00f3n de las personas que utilizan estos servicios pensando en que siempre queremos mejorar la conectividad y queremos que esta se realice de la forma correcta. Una de las formas de hacerlo es hacer continuamente mantenciones peri\u00f3dicas, justamente para evitar que a futuro La Tehuelche tenga una afectaci\u00f3n mayor\u201d.<\/p>\n<p style=\"font-weight: 400; text-align: justify;\">Dentro de esta planificaci\u00f3n se dispuso que la embarcaci\u00f3n \u201cChelenco\u201d realice dos viajes redondos diarios, incluyendo entre ellos, dos trayectos ida y vuelta exclusivos para el transporte de combustibles y otras cargas peligrosas. En cuanto a la venta de pasajes, es importante se\u00f1alar que \u00e9stas se realizar\u00e1n exclusivamente en las oficinas de la empresa RVC, ubicadas en los terminales de buses de Coyhaique, Chile Chico y Puerto Ib\u00e1\u00f1ez.<\/p>\n<p style=\"font-weight: 400; text-align: justify;\">A esta oferta, cabe se\u00f1alar, se suma el actual servicio terrestre subvencionado entre Chile Chico y Coyhaique, que ser\u00e1 reforzado con viajes en ambos sentidos, de domingo a viernes a las 09 hrs. En este caso la reserva de pasajes se realizar\u00e1 v\u00eda telef\u00f3nica al n\u00famero +56 9 90386338.<\/p>\n<p style=\"font-weight: 400; text-align: justify;\">Finalmente, es importante recordar que las mantenciones programadas de La Tehuelche (en este caso, entre el 10 y el 19 de abril, y coordinadas con la Direcci\u00f3n de Obras Portuarias del Ministerio de Obras P\u00fablicas), permiten hacer un seguimiento del estado t\u00e9cnico de la nave, acci\u00f3n que est\u00e1 dentro de los protocolos de seguridad de servicios lacustres.<\/p>\n<\/div><\/section><\/div><div  style='height:50px' class='hr hr-invisible   avia-builder-el-6  el_after_av_one_full  el_before_av_social_share '><span class='hr-inner ' ><span class='hr-inner-style'><\/span><\/span><\/div><\/p>\n<div  class='av-social-sharing-box  avia-builder-el-7  el_after_av_hr  el_before_av_hr  '><div class='av-share-box'><h5 class='av-share-link-description av-no-toc '>Compartir esta noticia<\/h5><ul class='av-share-box-list noLightbox'><li class='av-share-link av-social-link-facebook' ><a target=\"_blank\" aria-label=\"Compartir en Facebook\" href='https:\/\/www.facebook.com\/sharer.php?u=https:\/\/radiorevelacionfm.cl\/?p=29739&#038;t=Transbordador%20Chelenco%20mantendr%C3%A1%20conectividad%20lacustre%20por%20mantenci%C3%B3n%20preventiva%20de%20barcaza%20Tehuelche' aria-hidden='false' data-av_icon='\ue8f3' data-av_iconfont='entypo-fontello' title='' data-avia-related-tooltip='Compartir en Facebook' rel=\"noopener\"><span class='avia_hidden_link_text'>Compartir en Facebook<\/span><\/a><\/li><li class='av-share-link av-social-link-twitter' ><a target=\"_blank\" aria-label=\"Compartir en Twitter\" href='https:\/\/twitter.com\/share?text=Transbordador%20Chelenco%20mantendr%C3%A1%20conectividad%20lacustre%20por%20mantenci%C3%B3n%20preventiva%20de%20barcaza%20Tehuelche&#038;url=https:\/\/radiorevelacionfm.cl\/?p=29739' aria-hidden='false' data-av_icon='\ue8f1' data-av_iconfont='entypo-fontello' title='' data-avia-related-tooltip='Compartir en Twitter' rel=\"noopener\"><span class='avia_hidden_link_text'>Compartir en Twitter<\/span><\/a><\/li><li class='av-share-link av-social-link-whatsapp' ><a target=\"_blank\" aria-label=\"Compartir en Whatsapp\" href='https:\/\/api.whatsapp.com\/send?text=https:\/\/radiorevelacionfm.cl\/?p=29739' aria-hidden='false' data-av_icon='\uf232' data-av_iconfont='entypo-fontello' title='' data-avia-related-tooltip='Compartir en Whatsapp' rel=\"noopener\"><span class='avia_hidden_link_text'>Compartir en Whatsapp<\/span><\/a><\/li><li class='av-share-link av-social-link-linkedin' ><a target=\"_blank\" aria-label=\"Compartir en LinkedIn\" href='https:\/\/linkedin.com\/shareArticle?mini=true&#038;title=Transbordador%20Chelenco%20mantendr%C3%A1%20conectividad%20lacustre%20por%20mantenci%C3%B3n%20preventiva%20de%20barcaza%20Tehuelche&#038;url=https:\/\/radiorevelacionfm.cl\/?p=29739' aria-hidden='false' data-av_icon='\ue8fc' data-av_iconfont='entypo-fontello' title='' data-avia-related-tooltip='Compartir en LinkedIn' rel=\"noopener\"><span class='avia_hidden_link_text'>Compartir en LinkedIn<\/span><\/a><\/li><li class='av-share-link av-social-link-mail' ><a  aria-label=\"Compartir por correo\" href='mailto:?subject=Transbordador%20Chelenco%20mantendr%C3%A1%20conectividad%20lacustre%20por%20mantenci%C3%B3n%20preventiva%20de%20barcaza%20Tehuelche&#038;body=https:\/\/radiorevelacionfm.cl\/?p=29739' aria-hidden='false' data-av_icon='\ue805' data-av_iconfont='entypo-fontello' title='' data-avia-related-tooltip='Compartir por correo'><span class='avia_hidden_link_text'>Compartir por correo<\/span><\/a><\/li><\/ul><\/div><\/div>\n<div  style='height:50px' class='hr hr-invisible   avia-builder-el-8  el_after_av_social_share  el_before_av_comments_list '><span class='hr-inner ' ><span class='hr-inner-style'><\/span><\/span><\/div>\n<div  class='av-buildercomment  av-blog-meta-html-info-disabled av-blog-meta-tag-disabled  '><\/div>\n","protected":false},"excerpt":{"rendered":"","protected":false},"author":1,"featured_media":29740,"comment_status":"open","ping_status":"open","sticky":false,"template":"","format":"standard","meta":{"footnotes":""},"categories":[59],"tags":[],"class_list":["post-29739","post","type-post","status-publish","format-standard","has-post-thumbnail","hentry","category-transporte"],"jetpack_featured_media_url":"https:\/\/radiorevelacionfm.cl\/wp-content\/uploads\/2023\/04\/Chelenco-1-1.jpg","_links":{"self":[{"href":"https:\/\/radiorevelacionfm.cl\/index.php?rest_route=\/wp\/v2\/posts\/29739","targetHints":{"allow":["GET"]}}],"collection":[{"href":"https:\/\/radiorevelacionfm.cl\/index.php?rest_route=\/wp\/v2\/posts"}],"about":[{"href":"https:\/\/radiorevelacionfm.cl\/index.php?rest_route=\/wp\/v2\/types\/post"}],"author":[{"embeddable":true,"href":"https:\/\/radiorevelacionfm.cl\/index.php?rest_route=\/wp\/v2\/users\/1"}],"replies":[{"embeddable":true,"href":"https:\/\/radiorevelacionfm.cl\/index.php?rest_route=%2Fwp%2Fv2%2Fcomments&post=29739"}],"version-history":[{"count":1,"href":"https:\/\/radiorevelacionfm.cl\/index.php?rest_route=\/wp\/v2\/posts\/29739\/revisions"}],"predecessor-version":[{"id":29741,"href":"https:\/\/radiorevelacionfm.cl\/index.php?rest_route=\/wp\/v2\/posts\/29739\/revisions\/29741"}],"wp:featuredmedia":[{"embeddable":true,"href":"https:\/\/radiorevelacionfm.cl\/index.php?rest_route=\/wp\/v2\/media\/29740"}],"wp:attachment":[{"href":"https:\/\/radiorevelacionfm.cl\/index.php?rest_route=%2Fwp%2Fv2%2Fmedia&parent=29739"}],"wp:term":[{"taxonomy":"category","embeddable":true,"href":"https:\/\/radiorevelacionfm.cl\/index.php?rest_route=%2Fwp%2Fv2%2Fcategories&post=29739"},{"taxonomy":"post_tag","embeddable":true,"href":"https:\/\/radiorevelacionfm.cl\/index.php?rest_route=%2Fwp%2Fv2%2Ftags&post=29739"}],"curies":[{"name":"wp","href":"https:\/\/api.w.org\/{rel}","templated":true}]}}