{"id":29736,"date":"2023-04-05T11:47:01","date_gmt":"2023-04-05T14:47:01","guid":{"rendered":"https:\/\/radiorevelacionfm.cl\/?p=29736"},"modified":"2023-04-05T12:07:45","modified_gmt":"2023-04-05T15:07:45","slug":"alcalde-de-tortel-responde-a-polemica-declaracion-de-la-seremi-de-educacion-aysen","status":"publish","type":"post","link":"https:\/\/radiorevelacionfm.cl\/?p=29736","title":{"rendered":"Alcalde de Tortel responde a pol\u00e9mica declaraci\u00f3n de la Seremi de Educaci\u00f3n Ays\u00e9n"},"content":{"rendered":"<div class=\"flex_column av_one_full  flex_column_div av-zero-column-padding first  avia-builder-el-0  el_before_av_one_full  avia-builder-el-first  \" style='border-radius:0px; '><div  class='avia-image-container  av-styling-    avia-builder-el-1  avia-builder-el-no-sibling  avia-align-center '  itemprop=\"image\" itemscope=\"itemscope\" itemtype=\"https:\/\/schema.org\/ImageObject\"  ><div class='avia-image-container-inner'><div class='avia-image-overlay-wrap'><img decoding=\"async\" class='wp-image-29752 avia-img-lazy-loading-not-29752 avia_image' src=\"https:\/\/radiorevelacionfm.cl\/wp-content\/uploads\/2023\/04\/Alcalde-Tortel_1-1-1.jpg\" alt='' title='Alcalde Tortel_1 (1) (1)' height=\"600\" width=\"791\"  itemprop=\"thumbnailUrl\" srcset=\"https:\/\/radiorevelacionfm.cl\/wp-content\/uploads\/2023\/04\/Alcalde-Tortel_1-1-1.jpg 791w, https:\/\/radiorevelacionfm.cl\/wp-content\/uploads\/2023\/04\/Alcalde-Tortel_1-1-1-300x228.jpg 300w, https:\/\/radiorevelacionfm.cl\/wp-content\/uploads\/2023\/04\/Alcalde-Tortel_1-1-1-768x583.jpg 768w, https:\/\/radiorevelacionfm.cl\/wp-content\/uploads\/2023\/04\/Alcalde-Tortel_1-1-1-705x535.jpg 705w, https:\/\/radiorevelacionfm.cl\/wp-content\/uploads\/2023\/04\/Alcalde-Tortel_1-1-1-450x341.jpg 450w, https:\/\/radiorevelacionfm.cl\/wp-content\/uploads\/2023\/04\/Alcalde-Tortel_1-1-1-600x455.jpg 600w\" sizes=\"(max-width: 791px) 100vw, 791px\" \/><\/div><\/div><\/div><\/div><div class=\"flex_column av_one_full  flex_column_div av-zero-column-padding first  avia-builder-el-2  el_after_av_one_full  el_before_av_one_full  column-top-margin\" style='border-radius:0px; '><section class=\"av_textblock_section \"  itemscope=\"itemscope\" itemtype=\"https:\/\/schema.org\/BlogPosting\" itemprop=\"blogPost\" ><div class='avia_textblock  '   itemprop=\"text\" ><p style=\"text-align: center;\"><strong><span style=\"font-size: 18pt;\">Alcalde de Tortel responde a pol\u00e9mica declaraci\u00f3n de la Seremi de Educaci\u00f3n Ays\u00e9n<\/span><\/strong><\/p>\n<div id=\"gtx-trans\" style=\"position: absolute; left: -50px; top: 4.31534px;\">\n<div class=\"gtx-trans-icon\"><\/div>\n<\/div>\n<\/div><\/section><\/div><\/p>\n<div class=\"flex_column av_one_full  flex_column_div av-zero-column-padding first  avia-builder-el-4  el_after_av_one_full  el_before_av_hr  column-top-margin\" style='border-radius:0px; '><section class=\"av_textblock_section \"  itemscope=\"itemscope\" itemtype=\"https:\/\/schema.org\/BlogPosting\" itemprop=\"blogPost\" ><div class='avia_textblock  '   itemprop=\"text\" ><p style=\"text-align: justify;\">El Alcalde de la Comuna de Tortel y Presidente de su Honorable Concejo Municipal, don Abel Becerra Vidal, teniendo en consideraci\u00f3n los comentarios emitidos a trav\u00e9s de una de las redes sociales de la SEREMI de Educaci\u00f3n de la XI Regi\u00f3n de Ays\u00e9n, Se\u00f1orita Isabel Garrido Casaasa, el d\u00eda 03 de abril de 2023, en donde se indica que \u201cEsta ma\u00f1ana nuestra Seremi @isagarridoc se reuni\u00f3 con el Contralor Regional Ricardo Hevia, para entregar antecedentes sobre subdivisiones en terrenos destinados a funci\u00f3n escolar en la comuna de Cisnes y Tortel, a fin de que se investiguen posibles situaciones irregulares\u201d, declar\u00f3 la autoridad en una publicaci\u00f3n escrita, la que se respald\u00f3 en un video con declaraciones sobre lo percibido.<\/p>\n<p style=\"text-align: justify;\">Ante esta imprevista situaci\u00f3n, es importante se\u00f1alar que nuestro alcalde Abel Becerra Vidal, en su labor, realiza constantes gestiones y acercamientos con las autoridades regionales. En ese sentido, el pasado lunes 27 de marzo, en el marco de una reuni\u00f3n coordinada con la AREMU, se reuni\u00f3 con la SEREMI de Educaci\u00f3n, buscando fortalecer la gesti\u00f3n local con el apoyo de la representante de la cartera antes mencionada. A pesar de la disposici\u00f3n, la alcald\u00eda reconoce poca disposici\u00f3n al di\u00e1logo de parte de la se\u00f1orita Garrido, quien no se mostr\u00f3 receptiva a los requerimientos de nuestra comuna, y objet\u00f3 ciertas necesidades transparentadas por el alcalde.<\/p>\n<p style=\"text-align: justify;\">Por ello, ante la confusa publicaci\u00f3n realizada desde las cuentas institucionales de la SEREMI, posteos que posteriormente fueron eliminados de todas sus redes, queda la amarga sensaci\u00f3n de un aparente esfuerzo tendencioso por opacar una gesti\u00f3n que se ha destacado por un singular esfuerzo profesional, centrado en disminuir las brechas y mejorar la calidad de la oferta p\u00fablica, infraestructura y presencia de m\u00faltiples servicios en un territorio tan aislado como Tortel.<\/p>\n<p style=\"text-align: justify;\">As\u00ed, y tomando en consideraci\u00f3n lo anterior, pasamos a indicar lo siguiente:<\/p>\n<ul style=\"text-align: justify;\">\n<li>La Municipalidad de Tortel, como otras de la regi\u00f3n y del pa\u00eds, se encuentra en un proceso de preparaci\u00f3n y transici\u00f3n con el fin de entregar al Ministerio de Educaci\u00f3n y al denominado Servicio Local de Educaci\u00f3n P\u00fablica (SLEP) la administraci\u00f3n, infraestructura y equipamiento de su sistema educativo comunal, en nuestro caso, el referido a la Escuela Luis Bravo Bravo de Tortel y Jard\u00edn Infantil \u201cCiruelillo en Flor\u201d de Tortel, para lo cual se est\u00e1n siguiendo estrictamente las directrices y normativas para ello establecido por Ley.<\/li>\n<li>Que la \u00fanica subdivisi\u00f3n de terreno que la Municipalidad de Tortel ha efectuado dentro de los terrenos destinados al \u00e1rea educaci\u00f3n comunal, es el destinado al Nuevo Jard\u00edn Infantil de Tortel, el cual se encuentra en postulaci\u00f3n a la etapa de dise\u00f1o en el Banco Integrado de Proyectos del Sistema Nacional de Inversiones, administrado por el Ministerio de Desarrollo Social y Familia de la XI regi\u00f3n de Ays\u00e9n.<\/li>\n<li>Que todas las situaciones anteriormente se\u00f1aladas se encuentran en conocimiento de la SEREMI de Educaci\u00f3n de la XI Regi\u00f3n de Ays\u00e9n, ya que ella y sus funcionarios han participado de dichos procesos, por lo tanto su estado y gestiones son conocidas por todos los involucrados desde que asumimos la administraci\u00f3n el a\u00f1o 2021.<\/li>\n<\/ul>\n<p style=\"text-align: justify;\">Por lo anterior, el Alcalde de Tortel, rechaza enf\u00e1ticamente las declaraciones sin fundamento emitidas por la SEREMI de Educaci\u00f3n de la XI Regi\u00f3n de Ays\u00e9n, Se\u00f1orita Isabel Garrido Cassasa, quien manifest\u00f3 que ha presentado alg\u00fan tipo de reclamo o denuncia a la Contralor\u00eda Regional de Ays\u00e9n, en relaci\u00f3n al inadecuado uso de terrenos fiscales destinados al \u00e1mbito educativo en Tortel. Las fuentes de nuestra SEREMI vendr\u00edan de pobladores, a partir de \u201clo que le han comentado algunos vecinos\u201d, y sin siquiera haber consultado informal o formalmente a nuestra municipalidad sobre esta situaci\u00f3n, a\u00fan teniendo en consideraci\u00f3n la oportuna y constante presencia de nuestro edil en los edificios institucionales.<\/p>\n<p style=\"text-align: justify;\">La I. Municipalidad de Tortel considera inaudito y de absoluta gravedad sus declaraciones, ya que repercuten en una materia prioritaria en la gesti\u00f3n de la actual administraci\u00f3n, que distorsiona indudablemente la necesidad e ilusi\u00f3n que mantienen los tortelinos, por contar con un espacio adecuado para que ni\u00f1os y ni\u00f1as tengan un desarrollo y bienestar adecuado a sus necesidades.<\/p>\n<p style=\"text-align: justify;\">Asimismo, se cuestiona la poca seriedad de haber publicado informaci\u00f3n en redes sociales, para despu\u00e9s eliminarla, sembrando dudas y ensombreciendo las relaciones entre la administraci\u00f3n y la SEREMIA.<\/p>\n<p style=\"text-align: justify;\">Nuestro alcalde, espera que esta situaci\u00f3n se aclare a la brevedad, sin perjuicio de las medidas administrativas que sea necesario aplicar por las consecuencias a la reputaci\u00f3n de quienes emitieron estas declaraciones. Declaraciones que merman el esfuerzo colaborativo que lleva adelante nuestra administraci\u00f3n, con las diversas autoridades presentes en la regi\u00f3n, en beneficio de los vecinos y vecinas de Tortel.<\/p>\n<p style=\"text-align: justify;\">Sin m\u00e1s que agregar y s\u00f3lo reiterando la invitaci\u00f3n a la comunidad en general, as\u00ed como tambi\u00e9n a las autoridades regionales y nacionales, a informarse correctamente antes de emitir cualquier informaci\u00f3n. Reiteramos la importancia de estrechar lazos y optimizar nuestros canales de comunicaci\u00f3n, para solucionar con responsabilidad situaciones que afectan indudablemente en la gesti\u00f3n municipal y en el bienestar de nuestros vecinos.<\/p>\n<p>Alcalde de Tortel, Abel Becerra Vidal.<\/p>\n<\/div><\/section><\/div>\n<div  style='height:50px' class='hr hr-invisible   avia-builder-el-6  el_after_av_one_full  el_before_av_social_share '><span class='hr-inner ' ><span class='hr-inner-style'><\/span><\/span><\/div>\n<div  class='av-social-sharing-box  avia-builder-el-7  el_after_av_hr  el_before_av_hr  '><div class='av-share-box'><h5 class='av-share-link-description av-no-toc '>Compartir esta noticia<\/h5><ul class='av-share-box-list noLightbox'><li class='av-share-link av-social-link-facebook' ><a target=\"_blank\" aria-label=\"Compartir en Facebook\" href='https:\/\/www.facebook.com\/sharer.php?u=https:\/\/radiorevelacionfm.cl\/?p=29736&#038;t=Alcalde%20de%20Tortel%20responde%20a%20pol%C3%A9mica%20declaraci%C3%B3n%20de%20la%20Seremi%20de%20Educaci%C3%B3n%20Ays%C3%A9n' aria-hidden='false' data-av_icon='\ue8f3' data-av_iconfont='entypo-fontello' title='' data-avia-related-tooltip='Compartir en Facebook' rel=\"noopener\"><span class='avia_hidden_link_text'>Compartir en Facebook<\/span><\/a><\/li><li class='av-share-link av-social-link-twitter' ><a target=\"_blank\" aria-label=\"Compartir en Twitter\" href='https:\/\/twitter.com\/share?text=Alcalde%20de%20Tortel%20responde%20a%20pol%C3%A9mica%20declaraci%C3%B3n%20de%20la%20Seremi%20de%20Educaci%C3%B3n%20Ays%C3%A9n&#038;url=https:\/\/radiorevelacionfm.cl\/?p=29736' aria-hidden='false' data-av_icon='\ue8f1' data-av_iconfont='entypo-fontello' title='' data-avia-related-tooltip='Compartir en Twitter' rel=\"noopener\"><span class='avia_hidden_link_text'>Compartir en Twitter<\/span><\/a><\/li><li class='av-share-link av-social-link-whatsapp' ><a target=\"_blank\" aria-label=\"Compartir en Whatsapp\" href='https:\/\/api.whatsapp.com\/send?text=https:\/\/radiorevelacionfm.cl\/?p=29736' aria-hidden='false' data-av_icon='\uf232' data-av_iconfont='entypo-fontello' title='' data-avia-related-tooltip='Compartir en Whatsapp' rel=\"noopener\"><span class='avia_hidden_link_text'>Compartir en Whatsapp<\/span><\/a><\/li><li class='av-share-link av-social-link-linkedin' ><a target=\"_blank\" aria-label=\"Compartir en LinkedIn\" href='https:\/\/linkedin.com\/shareArticle?mini=true&#038;title=Alcalde%20de%20Tortel%20responde%20a%20pol%C3%A9mica%20declaraci%C3%B3n%20de%20la%20Seremi%20de%20Educaci%C3%B3n%20Ays%C3%A9n&#038;url=https:\/\/radiorevelacionfm.cl\/?p=29736' aria-hidden='false' data-av_icon='\ue8fc' data-av_iconfont='entypo-fontello' title='' data-avia-related-tooltip='Compartir en LinkedIn' rel=\"noopener\"><span class='avia_hidden_link_text'>Compartir en LinkedIn<\/span><\/a><\/li><li class='av-share-link av-social-link-mail' ><a  aria-label=\"Compartir por correo\" href='mailto:?subject=Alcalde%20de%20Tortel%20responde%20a%20pol%C3%A9mica%20declaraci%C3%B3n%20de%20la%20Seremi%20de%20Educaci%C3%B3n%20Ays%C3%A9n&#038;body=https:\/\/radiorevelacionfm.cl\/?p=29736' aria-hidden='false' data-av_icon='\ue805' data-av_iconfont='entypo-fontello' title='' data-avia-related-tooltip='Compartir por correo'><span class='avia_hidden_link_text'>Compartir por correo<\/span><\/a><\/li><\/ul><\/div><\/div>\n<div  style='height:50px' class='hr hr-invisible   avia-builder-el-8  el_after_av_social_share  el_before_av_comments_list '><span class='hr-inner ' ><span class='hr-inner-style'><\/span><\/span><\/div>\n<div  class='av-buildercomment  av-blog-meta-html-info-disabled av-blog-meta-tag-disabled  '><\/div>\n","protected":false},"excerpt":{"rendered":"","protected":false},"author":1,"featured_media":29752,"comment_status":"open","ping_status":"open","sticky":false,"template":"","format":"standard","meta":{"footnotes":""},"categories":[49],"tags":[],"class_list":["post-29736","post","type-post","status-publish","format-standard","has-post-thumbnail","hentry","category-educacion"],"jetpack_featured_media_url":"https:\/\/radiorevelacionfm.cl\/wp-content\/uploads\/2023\/04\/Alcalde-Tortel_1-1-1.jpg","_links":{"self":[{"href":"https:\/\/radiorevelacionfm.cl\/index.php?rest_route=\/wp\/v2\/posts\/29736","targetHints":{"allow":["GET"]}}],"collection":[{"href":"https:\/\/radiorevelacionfm.cl\/index.php?rest_route=\/wp\/v2\/posts"}],"about":[{"href":"https:\/\/radiorevelacionfm.cl\/index.php?rest_route=\/wp\/v2\/types\/post"}],"author":[{"embeddable":true,"href":"https:\/\/radiorevelacionfm.cl\/index.php?rest_route=\/wp\/v2\/users\/1"}],"replies":[{"embeddable":true,"href":"https:\/\/radiorevelacionfm.cl\/index.php?rest_route=%2Fwp%2Fv2%2Fcomments&post=29736"}],"version-history":[{"count":3,"href":"https:\/\/radiorevelacionfm.cl\/index.php?rest_route=\/wp\/v2\/posts\/29736\/revisions"}],"predecessor-version":[{"id":29753,"href":"https:\/\/radiorevelacionfm.cl\/index.php?rest_route=\/wp\/v2\/posts\/29736\/revisions\/29753"}],"wp:featuredmedia":[{"embeddable":true,"href":"https:\/\/radiorevelacionfm.cl\/index.php?rest_route=\/wp\/v2\/media\/29752"}],"wp:attachment":[{"href":"https:\/\/radiorevelacionfm.cl\/index.php?rest_route=%2Fwp%2Fv2%2Fmedia&parent=29736"}],"wp:term":[{"taxonomy":"category","embeddable":true,"href":"https:\/\/radiorevelacionfm.cl\/index.php?rest_route=%2Fwp%2Fv2%2Fcategories&post=29736"},{"taxonomy":"post_tag","embeddable":true,"href":"https:\/\/radiorevelacionfm.cl\/index.php?rest_route=%2Fwp%2Fv2%2Ftags&post=29736"}],"curies":[{"name":"wp","href":"https:\/\/api.w.org\/{rel}","templated":true}]}}