{"id":29733,"date":"2023-04-05T11:07:16","date_gmt":"2023-04-05T14:07:16","guid":{"rendered":"https:\/\/radiorevelacionfm.cl\/?p=29733"},"modified":"2023-04-05T11:07:16","modified_gmt":"2023-04-05T14:07:16","slug":"proyecto-piloto-de-eficiencia-energetica-beneficiara-a-familias-de-puerto-aysen-y-cochrane","status":"publish","type":"post","link":"https:\/\/radiorevelacionfm.cl\/?p=29733","title":{"rendered":"Proyecto piloto de eficiencia energ\u00e9tica beneficiar\u00e1 a familias de Puerto Ays\u00e9n y Cochrane"},"content":{"rendered":"<div class=\"flex_column av_one_full  flex_column_div av-zero-column-padding first  avia-builder-el-0  el_before_av_one_full  avia-builder-el-first  \" style='border-radius:0px; '><div  class='avia-image-container  av-styling-    avia-builder-el-1  avia-builder-el-no-sibling  avia-align-center '  itemprop=\"image\" itemscope=\"itemscope\" itemtype=\"https:\/\/schema.org\/ImageObject\"  ><div class='avia-image-container-inner'><div class='avia-image-overlay-wrap'><img decoding=\"async\" class='wp-image-29734 avia-img-lazy-loading-not-29734 avia_image' src=\"https:\/\/radiorevelacionfm.cl\/wp-content\/uploads\/2023\/04\/4-86-1-1.jpg\" alt='' title='4 (86) (1) (1)' height=\"600\" width=\"906\"  itemprop=\"thumbnailUrl\" srcset=\"https:\/\/radiorevelacionfm.cl\/wp-content\/uploads\/2023\/04\/4-86-1-1.jpg 906w, https:\/\/radiorevelacionfm.cl\/wp-content\/uploads\/2023\/04\/4-86-1-1-300x199.jpg 300w, https:\/\/radiorevelacionfm.cl\/wp-content\/uploads\/2023\/04\/4-86-1-1-768x509.jpg 768w, https:\/\/radiorevelacionfm.cl\/wp-content\/uploads\/2023\/04\/4-86-1-1-705x467.jpg 705w, https:\/\/radiorevelacionfm.cl\/wp-content\/uploads\/2023\/04\/4-86-1-1-450x298.jpg 450w, https:\/\/radiorevelacionfm.cl\/wp-content\/uploads\/2023\/04\/4-86-1-1-600x397.jpg 600w\" sizes=\"(max-width: 906px) 100vw, 906px\" \/><\/div><\/div><\/div><\/div><div class=\"flex_column av_one_full  flex_column_div av-zero-column-padding first  avia-builder-el-2  el_after_av_one_full  el_before_av_one_full  column-top-margin\" style='border-radius:0px; '><section class=\"av_textblock_section \"  itemscope=\"itemscope\" itemtype=\"https:\/\/schema.org\/BlogPosting\" itemprop=\"blogPost\" ><div class='avia_textblock  '   itemprop=\"text\" ><p style=\"text-align: center;\"><strong><span style=\"font-size: 18pt;\">Proyecto piloto de eficiencia energ\u00e9tica beneficiar\u00e1 a familias de Puerto Ays\u00e9n y Cochrane <\/span><\/strong><\/p>\n<div id=\"gtx-trans\" style=\"position: absolute; left: -50px; top: 4.31534px;\">\n<div class=\"gtx-trans-icon\"><\/div>\n<\/div>\n<\/div><\/section><\/div><div class=\"flex_column av_one_full  flex_column_div av-zero-column-padding first  avia-builder-el-4  el_after_av_one_full  el_before_av_hr  column-top-margin\" style='border-radius:0px; '><section class=\"av_textblock_section \"  itemscope=\"itemscope\" itemtype=\"https:\/\/schema.org\/BlogPosting\" itemprop=\"blogPost\" ><div class='avia_textblock  '   itemprop=\"text\" ><p style=\"text-align: justify;\">Como parte de la gira en la regi\u00f3n de Ays\u00e9n, de la Jefa de la Divisi\u00f3n de Calidad del Aire del Ministerio del Medio Ambiente, Roc\u00edo Toro, los SEREMIs del Medio Ambiente, Juli\u00e1n C\u00e1rdenas, y de Vivienda y Urbanismo, Paulina Ruz, se reunieron para activar oficialmente el convenio de colaboraci\u00f3n, para el reacondicionamiento de viviendas y recambio de calefactores en viviendas existentes.<\/p>\n<p style=\"text-align: justify;\">El plan de colaboraci\u00f3n, que ya cuenta con una experiencia previa en la ciudad de Coyhaique beneficiando a 13 familias, se extender\u00e1 hasta el a\u00f1o 2025 para abordar mediante el convenio de colaboraci\u00f3n y transferencia, \u00a0la ejecuci\u00f3n de un programa piloto en Puerto Ays\u00e9n y Cochrane, cuyo objetivo es intervenir viviendas existentes con un est\u00e1ndar mayor al establecido en el Plan de Descontaminaci\u00f3n Atmosf\u00e9rica PDA, y recambiar los artefactos a le\u00f1a por sistemas el\u00e9ctricos cero emisiones como es la tecnolog\u00eda Split inverter y el respaldo de electricidad para los aparatos de calefacci\u00f3n el\u00e9ctricos, que ser\u00e1 probado con energ\u00edas renovables no convencionales.<\/p>\n<p style=\"text-align: justify;\">Al respecto la Seremi de Vivienda, Paulina Ruz detall\u00f3 que el convenio considera una transferencia de recursos de 500 millones de pesos para poder intervenir viviendas con un est\u00e1ndar de alta eficiencia energ\u00e9tica \u201cesto va a permitir mejorar la calidad de vida de nuestros vecinos y vecinas tanto de Puerto Ays\u00e9n como de Cochrane, sumando a ello tambi\u00e9n un recambio de los calefactores de le\u00f1a. (\u2026) considerando que ya existe un convenio de colaboraci\u00f3n entre ambas instituciones en Coyhaique y ahora queremos extenderlo a otras localidades de la regi\u00f3n descentralizando con eso los beneficios del Estado y cumpliendo con los lineamientos de nuestro Gobierno de lograr mayor eficiencia energ\u00e9tica a lo largo de todo el territorio nacional\u201d.<\/p>\n<p style=\"text-align: justify;\">Por su parte el SEREMI del Medio Ambiente, Juli\u00e1n C\u00e1rdenas destac\u00f3 que la ampliaci\u00f3n del convenio se presenta como una oportunidad para abordar la condici\u00f3n de Zona Saturada de Puerto Ays\u00e9n y anticiparse a lo que sucede en la localidad de Cochrane, donde la estaci\u00f3n de monitoreo del Ministerio del Medio ambiente evidencia concentraciones de contaminantes \u201cEste convenio nos permite probar nuevas tecnolog\u00edas, pero tambi\u00e9n llegar en forma temprana a la ciudadan\u00eda, antes de que los planes de descontaminaci\u00f3n incorporen nuevas medidas\u201d, indic\u00f3 el SEREMI valorando el convenio en sinton\u00eda con el mandato presidencial de trabajar en colaboraci\u00f3n con los distintos servicios \u201cac\u00e1 tenemos la gran participaci\u00f3n y apoyo de MINVU con toda su experticia en la materia para llevar a cabo este proyecto transformador\u201d.<\/p>\n<p style=\"text-align: justify;\">Con el convenio vigente, comienzan a prepararse las bases de postulaci\u00f3n y detalles de la intervenci\u00f3n, donde las familias de Puerto Ays\u00e9n y Cochrane podr\u00e1n optar a que su vivienda forme parte del programa piloto, recibiendo reacondicionamiento t\u00e9rmico y adem\u00e1s un nuevo sistema de calefacci\u00f3n.<\/p>\n<p style=\"text-align: justify;\">Finalmente, la Jefa de la Divisi\u00f3n de Calidad del Aire, Roc\u00edo Toro destac\u00f3 la iniciativa que mediante la experiencia piloto entregar\u00e1 datos importantes para elaboraci\u00f3n de nuevas pol\u00edticas p\u00fablicas que en el futuro se desarrollar\u00e1n para el sur de Chile en el modelo de Transici\u00f3n Socioecol\u00f3gica Justa, \u201ces muy relevante porque nos permite avanzar en un tema que es muy sentido para ambos ministerios que es vencer la pobreza energ\u00e9tica en el sur de Chile, que es lo que nos conduce hacia la problem\u00e1tica de la calidad del aire y para salir de esta pobreza energ\u00e9tica, iniciativas como la aislaci\u00f3n t\u00e9rmica y el recambio de la le\u00f1a van de la mano para lograr este objetivo\u201d, concluy\u00f3.<\/p>\n<\/div><\/section><\/div><div  style='height:50px' class='hr hr-invisible   avia-builder-el-6  el_after_av_one_full  el_before_av_social_share '><span class='hr-inner ' ><span class='hr-inner-style'><\/span><\/span><\/div><\/p>\n<div  class='av-social-sharing-box  avia-builder-el-7  el_after_av_hr  el_before_av_hr  '><div class='av-share-box'><h5 class='av-share-link-description av-no-toc '>Compartir esta noticia<\/h5><ul class='av-share-box-list noLightbox'><li class='av-share-link av-social-link-facebook' ><a target=\"_blank\" aria-label=\"Compartir en Facebook\" href='https:\/\/www.facebook.com\/sharer.php?u=https:\/\/radiorevelacionfm.cl\/?p=29733&#038;t=Proyecto%20piloto%20de%20eficiencia%20energ%C3%A9tica%20beneficiar%C3%A1%20a%20familias%20de%20Puerto%20Ays%C3%A9n%20y%20Cochrane' aria-hidden='false' data-av_icon='\ue8f3' data-av_iconfont='entypo-fontello' title='' data-avia-related-tooltip='Compartir en Facebook' rel=\"noopener\"><span class='avia_hidden_link_text'>Compartir en Facebook<\/span><\/a><\/li><li class='av-share-link av-social-link-twitter' ><a target=\"_blank\" aria-label=\"Compartir en Twitter\" href='https:\/\/twitter.com\/share?text=Proyecto%20piloto%20de%20eficiencia%20energ%C3%A9tica%20beneficiar%C3%A1%20a%20familias%20de%20Puerto%20Ays%C3%A9n%20y%20Cochrane&#038;url=https:\/\/radiorevelacionfm.cl\/?p=29733' aria-hidden='false' data-av_icon='\ue8f1' data-av_iconfont='entypo-fontello' title='' data-avia-related-tooltip='Compartir en Twitter' rel=\"noopener\"><span class='avia_hidden_link_text'>Compartir en Twitter<\/span><\/a><\/li><li class='av-share-link av-social-link-whatsapp' ><a target=\"_blank\" aria-label=\"Compartir en Whatsapp\" href='https:\/\/api.whatsapp.com\/send?text=https:\/\/radiorevelacionfm.cl\/?p=29733' aria-hidden='false' data-av_icon='\uf232' data-av_iconfont='entypo-fontello' title='' data-avia-related-tooltip='Compartir en Whatsapp' rel=\"noopener\"><span class='avia_hidden_link_text'>Compartir en Whatsapp<\/span><\/a><\/li><li class='av-share-link av-social-link-linkedin' ><a target=\"_blank\" aria-label=\"Compartir en LinkedIn\" href='https:\/\/linkedin.com\/shareArticle?mini=true&#038;title=Proyecto%20piloto%20de%20eficiencia%20energ%C3%A9tica%20beneficiar%C3%A1%20a%20familias%20de%20Puerto%20Ays%C3%A9n%20y%20Cochrane&#038;url=https:\/\/radiorevelacionfm.cl\/?p=29733' aria-hidden='false' data-av_icon='\ue8fc' data-av_iconfont='entypo-fontello' title='' data-avia-related-tooltip='Compartir en LinkedIn' rel=\"noopener\"><span class='avia_hidden_link_text'>Compartir en LinkedIn<\/span><\/a><\/li><li class='av-share-link av-social-link-mail' ><a  aria-label=\"Compartir por correo\" href='mailto:?subject=Proyecto%20piloto%20de%20eficiencia%20energ%C3%A9tica%20beneficiar%C3%A1%20a%20familias%20de%20Puerto%20Ays%C3%A9n%20y%20Cochrane&#038;body=https:\/\/radiorevelacionfm.cl\/?p=29733' aria-hidden='false' data-av_icon='\ue805' data-av_iconfont='entypo-fontello' title='' data-avia-related-tooltip='Compartir por correo'><span class='avia_hidden_link_text'>Compartir por correo<\/span><\/a><\/li><\/ul><\/div><\/div>\n<div  style='height:50px' class='hr hr-invisible   avia-builder-el-8  el_after_av_social_share  el_before_av_comments_list '><span class='hr-inner ' ><span class='hr-inner-style'><\/span><\/span><\/div>\n<div  class='av-buildercomment  av-blog-meta-html-info-disabled av-blog-meta-tag-disabled  '><\/div>\n","protected":false},"excerpt":{"rendered":"","protected":false},"author":1,"featured_media":29734,"comment_status":"open","ping_status":"open","sticky":false,"template":"","format":"standard","meta":{"footnotes":""},"categories":[39],"tags":[],"class_list":["post-29733","post","type-post","status-publish","format-standard","has-post-thumbnail","hentry","category-medio-ambiente"],"jetpack_featured_media_url":"https:\/\/radiorevelacionfm.cl\/wp-content\/uploads\/2023\/04\/4-86-1-1.jpg","_links":{"self":[{"href":"https:\/\/radiorevelacionfm.cl\/index.php?rest_route=\/wp\/v2\/posts\/29733","targetHints":{"allow":["GET"]}}],"collection":[{"href":"https:\/\/radiorevelacionfm.cl\/index.php?rest_route=\/wp\/v2\/posts"}],"about":[{"href":"https:\/\/radiorevelacionfm.cl\/index.php?rest_route=\/wp\/v2\/types\/post"}],"author":[{"embeddable":true,"href":"https:\/\/radiorevelacionfm.cl\/index.php?rest_route=\/wp\/v2\/users\/1"}],"replies":[{"embeddable":true,"href":"https:\/\/radiorevelacionfm.cl\/index.php?rest_route=%2Fwp%2Fv2%2Fcomments&post=29733"}],"version-history":[{"count":1,"href":"https:\/\/radiorevelacionfm.cl\/index.php?rest_route=\/wp\/v2\/posts\/29733\/revisions"}],"predecessor-version":[{"id":29735,"href":"https:\/\/radiorevelacionfm.cl\/index.php?rest_route=\/wp\/v2\/posts\/29733\/revisions\/29735"}],"wp:featuredmedia":[{"embeddable":true,"href":"https:\/\/radiorevelacionfm.cl\/index.php?rest_route=\/wp\/v2\/media\/29734"}],"wp:attachment":[{"href":"https:\/\/radiorevelacionfm.cl\/index.php?rest_route=%2Fwp%2Fv2%2Fmedia&parent=29733"}],"wp:term":[{"taxonomy":"category","embeddable":true,"href":"https:\/\/radiorevelacionfm.cl\/index.php?rest_route=%2Fwp%2Fv2%2Fcategories&post=29733"},{"taxonomy":"post_tag","embeddable":true,"href":"https:\/\/radiorevelacionfm.cl\/index.php?rest_route=%2Fwp%2Fv2%2Ftags&post=29733"}],"curies":[{"name":"wp","href":"https:\/\/api.w.org\/{rel}","templated":true}]}}