{"id":29729,"date":"2023-04-05T10:44:50","date_gmt":"2023-04-05T13:44:50","guid":{"rendered":"https:\/\/radiorevelacionfm.cl\/?p=29729"},"modified":"2023-04-05T10:44:50","modified_gmt":"2023-04-05T13:44:50","slug":"en-valdivia-constatan-pruebas-tecnicas-a-modelo-de-nueva-embarcacion-para-el-lago-general-carrera","status":"publish","type":"post","link":"https:\/\/radiorevelacionfm.cl\/?p=29729","title":{"rendered":"En Valdivia constatan pruebas t\u00e9cnicas a modelo de nueva embarcaci\u00f3n para el Lago General Carrera"},"content":{"rendered":"<div class=\"flex_column av_one_full  flex_column_div av-zero-column-padding first  avia-builder-el-0  el_before_av_one_full  avia-builder-el-first  \" style='border-radius:0px; '><div  class='avia-image-container  av-styling-    avia-builder-el-1  avia-builder-el-no-sibling  avia-align-center '  itemprop=\"image\" itemscope=\"itemscope\" itemtype=\"https:\/\/schema.org\/ImageObject\"  ><div class='avia-image-container-inner'><div class='avia-image-overlay-wrap'><img decoding=\"async\" class='wp-image-29730 avia-img-lazy-loading-not-29730 avia_image' src=\"https:\/\/radiorevelacionfm.cl\/wp-content\/uploads\/2023\/04\/uno-naval-1_optimized.jpg\" alt='' title='uno-naval-(1)_optimized' height=\"600\" width=\"1009\"  itemprop=\"thumbnailUrl\" srcset=\"https:\/\/radiorevelacionfm.cl\/wp-content\/uploads\/2023\/04\/uno-naval-1_optimized.jpg 1009w, https:\/\/radiorevelacionfm.cl\/wp-content\/uploads\/2023\/04\/uno-naval-1_optimized-300x178.jpg 300w, https:\/\/radiorevelacionfm.cl\/wp-content\/uploads\/2023\/04\/uno-naval-1_optimized-768x457.jpg 768w, https:\/\/radiorevelacionfm.cl\/wp-content\/uploads\/2023\/04\/uno-naval-1_optimized-705x419.jpg 705w, https:\/\/radiorevelacionfm.cl\/wp-content\/uploads\/2023\/04\/uno-naval-1_optimized-450x268.jpg 450w, https:\/\/radiorevelacionfm.cl\/wp-content\/uploads\/2023\/04\/uno-naval-1_optimized-600x357.jpg 600w\" sizes=\"(max-width: 1009px) 100vw, 1009px\" \/><\/div><\/div><\/div><\/div><div class=\"flex_column av_one_full  flex_column_div av-zero-column-padding first  avia-builder-el-2  el_after_av_one_full  el_before_av_one_full  column-top-margin\" style='border-radius:0px; '><section class=\"av_textblock_section \"  itemscope=\"itemscope\" itemtype=\"https:\/\/schema.org\/BlogPosting\" itemprop=\"blogPost\" ><div class='avia_textblock  '   itemprop=\"text\" ><p style=\"text-align: center;\"><strong><span style=\"font-size: 18pt;\">En Valdivia constatan pruebas t\u00e9cnicas a modelo de nueva embarcaci\u00f3n para el Lago General Carrera<\/span><\/strong><\/p>\n<div id=\"gtx-trans\" style=\"position: absolute; left: -50px; top: 4.31534px;\">\n<div class=\"gtx-trans-icon\"><\/div>\n<\/div>\n<\/div><\/section><\/div><div class=\"flex_column av_one_full  flex_column_div av-zero-column-padding first  avia-builder-el-4  el_after_av_one_full  el_before_av_hr  column-top-margin\" style='border-radius:0px; '><section class=\"av_textblock_section \"  itemscope=\"itemscope\" itemtype=\"https:\/\/schema.org\/BlogPosting\" itemprop=\"blogPost\" ><div class='avia_textblock  '   itemprop=\"text\" ><p style=\"text-align: justify;\">Este martes 04 de abril, el Secretario Regional Ministerial de Obras P\u00fablicas, Patricio Sanhueza Ulloa, el Director Regional de Obras Portuarias del MOP \u00c1lvaro D\u00edaz Contreras y el ingeniero naval de la Direcci\u00f3n Regional de Obras Portuarias del MOP Jos\u00e9 Z\u00fa\u00f1iga viajaron hasta la ciudad de Valdivia para reunirse con el Decano de la Facultad de Ciencias de la Ingenier\u00eda de la Universidad Austral, Enrique Suarez y con \u00a0Claudio Troncoso, Director a cargo de la Consultor\u00eda Estrat\u00e9gica de la Universidad Austral y equipos, para presenciar las pruebas t\u00e9cnicas efectuadas al modelo a escala \u00a0de nueva nave que operar\u00e1 en el lago General Carrera.<\/p>\n<p style=\"text-align: justify;\">En la facultad de Ingenier\u00eda Naval de la Universidad Austral de Chile, la autoridad regional de OOPP indic\u00f3 \u201chemos venido a cumplir un gran hito que tiene relaci\u00f3n con el anuncio presidencial de una nueva nave para el lago General Carrera. Este es un trabajo que hemos realizado con la comunidad, un trabajo que ha sido participativo respecto del Dise\u00f1o de la nueva nave y hoy nos han contado los avances en la Asesor\u00eda y\/o Consultor\u00eda Estrat\u00e9gica que est\u00e1 realizando la Universidad para buscar una nave \u00f3ptima para las condiciones del lago. Hemos tenido importantes avances que nos han informado en reuni\u00f3n con el Decano y con los acad\u00e9micos e investigadores de la Universidad que han estado trabajando en este Dise\u00f1o\u201d.<\/p>\n<p style=\"text-align: justify;\">La Asesor\u00eda Estrat\u00e9gica que est\u00e1 entregando la Universidad Austral de Chile a la Direcci\u00f3n Regional de Obras Portuarias del Ministerio de Obras P\u00fablicas consisti\u00f3 en tres etapas de trabajo t\u00e9cnico y la generaci\u00f3n de un informe final, con el fin de obtener un modelo o Dise\u00f1o de embarcaci\u00f3n que pueda operar bajo las condiciones locales que presenta el lago General Carrera, como son las condiciones de viento, oleaje, corrientes y un an\u00e1lisis m\u00e1s certero de cu\u00e1l va a ser la velocidad de navegaci\u00f3n que tendr\u00e1 esta nave en el Lago, siempre con el inter\u00e9s de tener un m\u00e1ximo rendimiento, una mejor eficiencia energ\u00e9tica y una mejor comodidad y confort para los pasajeros y pasajeras durante la navegaci\u00f3n.<\/p>\n<p style=\"text-align: justify;\">As\u00ed lo refrend\u00f3 tambi\u00e9n el Decano de la Facultad de Ciencias de la Ingenier\u00eda de la Universidad Austral, Enrique Suarez, quien indic\u00f3 este trabajo responde a un convenio entre la facultad de Ciencias de la Ingenier\u00eda de la Universidad Austral de Chile con la Serem\u00eda de Obras P\u00fablicas en la regi\u00f3n de Ays\u00e9n, para colaborar con el Dise\u00f1o, movilidad y conectividad en el \u00e1rea naval. \u201cPara nosotros, es una oportunidad el poder hacer un aporte con la tecnolog\u00eda y la investigaci\u00f3n que se desarrolla en nuestra Facultad en el \u00e1rea de la Ingenier\u00eda Naval y que eso tenga un correlato con las necesidades y atienda las particularidades territoriales que tiene la regi\u00f3n de Ays\u00e9n, siempre pensando en c\u00f3mo nosotros podemos aportar a soluciones que est\u00e9n acorde con lo que necesita la regi\u00f3n en terreno\u201d.<\/p>\n<p style=\"text-align: justify;\">Una primera etapa de esta Asesor\u00eda o Consultor\u00eda Estrat\u00e9gica consider\u00f3 la revisi\u00f3n de antecedentes y definici\u00f3n del perfil de emisi\u00f3n de la nave la que fue cumplida en diciembre del a\u00f1o 2022. La segunda etapa, consisti\u00f3 en un an\u00e1lisis del Dise\u00f1o propuesto por la Direcci\u00f3n Regional de Obras Portuarias, en donde se analizaron las formas del casco, los equipamientos internos que debe tener la embarcaci\u00f3n, se analiz\u00f3 en forma estimativa el sistema de propulsi\u00f3n, la cabida que tendr\u00e1 esta embarcaci\u00f3n considerando todos los antecedentes que nosotros le suministramos a la Universidad, con el objeto de buscar un Dise\u00f1o adaptado a las condiciones de navegaci\u00f3n que presenta el Lago General Carrera.<\/p>\n<p style=\"text-align: justify;\">En esta l\u00ednea de acci\u00f3n, el Director Regional de Obras Portuarias inform\u00f3 que hoy se est\u00e1 desarrollando la tercera y \u00faltima etapa \u201cen donde se definir\u00e1 la ingenier\u00eda base de la nave, lo que significa a ciencia cierta la forma del casco, estructura de la nave, sistema de propulsi\u00f3n y sistema de generaci\u00f3n el\u00e9ctrica. Con todos estos antecedentes se construy\u00f3 un modelo a escala el que hoy fue sometido a un an\u00e1lisis en el canal de pruebas que tiene la Universidad Austral para evaluar t\u00e9cnicamente el modelo de nave mediante pruebas de oleaje, de resistencia hidrodin\u00e1mica con varias velocidades de ondas o de olas y corroborar mediante ensayos emp\u00edricos los an\u00e1lisis que anteriormente se han realizado al Dise\u00f1o a trav\u00e9s de los software\u201d.<\/p>\n<p style=\"text-align: justify;\">Claudio Troncoso, Director a cargo de la Consultor\u00eda Estrat\u00e9gica de la Universidad Austral explic\u00f3 la importancia de este trabajo, se\u00f1alando que \u201cel resultado que se quiere obtener es que el Ferry cumpla con todos los requerimientos de Dise\u00f1o, requerimientos que la Direcci\u00f3n Regional de Obras Portuarias recogi\u00f3 de la comunidad y tambi\u00e9n buscamos subir los est\u00e1ndares en cuanto a equipamiento que va a tener el Ferry, y las condiciones en las que va a poder operar. Sabemos que el lago tiene condiciones bien extremas en cuanto a viento, hay vientos con zonas que alcanzan hasta 50 nudos, y nosotros vamos a dise\u00f1ar un ferry que considere esas condiciones de viento y tambi\u00e9n de oleaje que son caracter\u00edsticas de la zona, que son olas m\u00e1s bien cortas y con una altura m\u00e1xima bastante significativa de 2 metros aproximadamente, as\u00ed que el Ferry va a ser dise\u00f1ado considerando esas exigencias operacionales que va a tener\u201d.<\/p>\n<p style=\"text-align: justify;\">Una vez finalizado estos ensayos, se\u00f1al\u00f3 \u00c1lvaro D\u00edaz, \u201cla Universidad Austral de Chile realizar\u00e1 el procesamiento de la informaci\u00f3n y posteriormente har\u00e1 entrega a fines de abril de un informe de esta Asesor\u00eda para que nosotros realicemos con la comunidad de Chile Chico una reuni\u00f3n de participaci\u00f3n ciudadana en donde vamos a mostrar a la comunidad el Dise\u00f1o que se logr\u00f3 con esta Asesor\u00eda, y posteriormente como Direcci\u00f3n Regional de Obras Portuarias vamos a comenzar el proceso de elaboraci\u00f3n de los antecedentes t\u00e9cnicos y administrativos para dar continuidad al proceso de licitaci\u00f3n del Dise\u00f1o y construcci\u00f3n de la nueva nave\u201d.<\/p>\n<\/div><\/section><\/div><div  style='height:50px' class='hr hr-invisible   avia-builder-el-6  el_after_av_one_full  el_before_av_social_share '><span class='hr-inner ' ><span class='hr-inner-style'><\/span><\/span><\/div><\/p>\n<div  class='av-social-sharing-box  avia-builder-el-7  el_after_av_hr  el_before_av_hr  '><div class='av-share-box'><h5 class='av-share-link-description av-no-toc '>Compartir esta noticia<\/h5><ul class='av-share-box-list noLightbox'><li class='av-share-link av-social-link-facebook' ><a target=\"_blank\" aria-label=\"Compartir en Facebook\" href='https:\/\/www.facebook.com\/sharer.php?u=https:\/\/radiorevelacionfm.cl\/?p=29729&#038;t=En%20Valdivia%20constatan%20pruebas%20t%C3%A9cnicas%20a%20modelo%20de%20nueva%20embarcaci%C3%B3n%20para%20el%20Lago%20General%20Carrera' aria-hidden='false' data-av_icon='\ue8f3' data-av_iconfont='entypo-fontello' title='' data-avia-related-tooltip='Compartir en Facebook' rel=\"noopener\"><span class='avia_hidden_link_text'>Compartir en Facebook<\/span><\/a><\/li><li class='av-share-link av-social-link-twitter' ><a target=\"_blank\" aria-label=\"Compartir en Twitter\" href='https:\/\/twitter.com\/share?text=En%20Valdivia%20constatan%20pruebas%20t%C3%A9cnicas%20a%20modelo%20de%20nueva%20embarcaci%C3%B3n%20para%20el%20Lago%20General%20Carrera&#038;url=https:\/\/radiorevelacionfm.cl\/?p=29729' aria-hidden='false' data-av_icon='\ue8f1' data-av_iconfont='entypo-fontello' title='' data-avia-related-tooltip='Compartir en Twitter' rel=\"noopener\"><span class='avia_hidden_link_text'>Compartir en Twitter<\/span><\/a><\/li><li class='av-share-link av-social-link-whatsapp' ><a target=\"_blank\" aria-label=\"Compartir en Whatsapp\" href='https:\/\/api.whatsapp.com\/send?text=https:\/\/radiorevelacionfm.cl\/?p=29729' aria-hidden='false' data-av_icon='\uf232' data-av_iconfont='entypo-fontello' title='' data-avia-related-tooltip='Compartir en Whatsapp' rel=\"noopener\"><span class='avia_hidden_link_text'>Compartir en Whatsapp<\/span><\/a><\/li><li class='av-share-link av-social-link-linkedin' ><a target=\"_blank\" aria-label=\"Compartir en LinkedIn\" href='https:\/\/linkedin.com\/shareArticle?mini=true&#038;title=En%20Valdivia%20constatan%20pruebas%20t%C3%A9cnicas%20a%20modelo%20de%20nueva%20embarcaci%C3%B3n%20para%20el%20Lago%20General%20Carrera&#038;url=https:\/\/radiorevelacionfm.cl\/?p=29729' aria-hidden='false' data-av_icon='\ue8fc' data-av_iconfont='entypo-fontello' title='' data-avia-related-tooltip='Compartir en LinkedIn' rel=\"noopener\"><span class='avia_hidden_link_text'>Compartir en LinkedIn<\/span><\/a><\/li><li class='av-share-link av-social-link-mail' ><a  aria-label=\"Compartir por correo\" href='mailto:?subject=En%20Valdivia%20constatan%20pruebas%20t%C3%A9cnicas%20a%20modelo%20de%20nueva%20embarcaci%C3%B3n%20para%20el%20Lago%20General%20Carrera&#038;body=https:\/\/radiorevelacionfm.cl\/?p=29729' aria-hidden='false' data-av_icon='\ue805' data-av_iconfont='entypo-fontello' title='' data-avia-related-tooltip='Compartir por correo'><span class='avia_hidden_link_text'>Compartir por correo<\/span><\/a><\/li><\/ul><\/div><\/div>\n<div  style='height:50px' class='hr hr-invisible   avia-builder-el-8  el_after_av_social_share  el_before_av_comments_list '><span class='hr-inner ' ><span class='hr-inner-style'><\/span><\/span><\/div>\n<div  class='av-buildercomment  av-blog-meta-html-info-disabled av-blog-meta-tag-disabled  '><\/div>\n","protected":false},"excerpt":{"rendered":"","protected":false},"author":1,"featured_media":29730,"comment_status":"open","ping_status":"open","sticky":false,"template":"","format":"standard","meta":{"footnotes":""},"categories":[38],"tags":[],"class_list":["post-29729","post","type-post","status-publish","format-standard","has-post-thumbnail","hentry","category-regional"],"jetpack_featured_media_url":"https:\/\/radiorevelacionfm.cl\/wp-content\/uploads\/2023\/04\/uno-naval-1_optimized.jpg","_links":{"self":[{"href":"https:\/\/radiorevelacionfm.cl\/index.php?rest_route=\/wp\/v2\/posts\/29729","targetHints":{"allow":["GET"]}}],"collection":[{"href":"https:\/\/radiorevelacionfm.cl\/index.php?rest_route=\/wp\/v2\/posts"}],"about":[{"href":"https:\/\/radiorevelacionfm.cl\/index.php?rest_route=\/wp\/v2\/types\/post"}],"author":[{"embeddable":true,"href":"https:\/\/radiorevelacionfm.cl\/index.php?rest_route=\/wp\/v2\/users\/1"}],"replies":[{"embeddable":true,"href":"https:\/\/radiorevelacionfm.cl\/index.php?rest_route=%2Fwp%2Fv2%2Fcomments&post=29729"}],"version-history":[{"count":1,"href":"https:\/\/radiorevelacionfm.cl\/index.php?rest_route=\/wp\/v2\/posts\/29729\/revisions"}],"predecessor-version":[{"id":29731,"href":"https:\/\/radiorevelacionfm.cl\/index.php?rest_route=\/wp\/v2\/posts\/29729\/revisions\/29731"}],"wp:featuredmedia":[{"embeddable":true,"href":"https:\/\/radiorevelacionfm.cl\/index.php?rest_route=\/wp\/v2\/media\/29730"}],"wp:attachment":[{"href":"https:\/\/radiorevelacionfm.cl\/index.php?rest_route=%2Fwp%2Fv2%2Fmedia&parent=29729"}],"wp:term":[{"taxonomy":"category","embeddable":true,"href":"https:\/\/radiorevelacionfm.cl\/index.php?rest_route=%2Fwp%2Fv2%2Fcategories&post=29729"},{"taxonomy":"post_tag","embeddable":true,"href":"https:\/\/radiorevelacionfm.cl\/index.php?rest_route=%2Fwp%2Fv2%2Ftags&post=29729"}],"curies":[{"name":"wp","href":"https:\/\/api.w.org\/{rel}","templated":true}]}}