{"id":29726,"date":"2023-04-04T19:32:29","date_gmt":"2023-04-04T22:32:29","guid":{"rendered":"https:\/\/radiorevelacionfm.cl\/?p=29726"},"modified":"2023-04-04T19:32:29","modified_gmt":"2023-04-04T22:32:29","slug":"anuncian-licitacion-para-construir-nuevo-cesfam-para-coyhaique","status":"publish","type":"post","link":"https:\/\/radiorevelacionfm.cl\/?p=29726","title":{"rendered":"Anuncian licitaci\u00f3n para construir nuevo CESFAM para Coyhaique"},"content":{"rendered":"<div class=\"flex_column av_one_full  flex_column_div av-zero-column-padding first  avia-builder-el-0  el_before_av_one_full  avia-builder-el-first  \" style='border-radius:0px; '><div  class='avia-image-container  av-styling-    avia-builder-el-1  avia-builder-el-no-sibling  avia-align-center '  itemprop=\"image\" itemscope=\"itemscope\" itemtype=\"https:\/\/schema.org\/ImageObject\"  ><div class='avia-image-container-inner'><div class='avia-image-overlay-wrap'><img decoding=\"async\" class='wp-image-29727 avia-img-lazy-loading-not-29727 avia_image' src=\"https:\/\/radiorevelacionfm.cl\/wp-content\/uploads\/2023\/04\/NUEVO-CESFAM-COYHAIQUE-8-1-1.jpeg\" alt='' title='NUEVO CESFAM COYHAIQUE (8) (1) (1)' height=\"600\" width=\"1067\"  itemprop=\"thumbnailUrl\" srcset=\"https:\/\/radiorevelacionfm.cl\/wp-content\/uploads\/2023\/04\/NUEVO-CESFAM-COYHAIQUE-8-1-1.jpeg 1067w, https:\/\/radiorevelacionfm.cl\/wp-content\/uploads\/2023\/04\/NUEVO-CESFAM-COYHAIQUE-8-1-1-300x169.jpeg 300w, https:\/\/radiorevelacionfm.cl\/wp-content\/uploads\/2023\/04\/NUEVO-CESFAM-COYHAIQUE-8-1-1-1030x579.jpeg 1030w, https:\/\/radiorevelacionfm.cl\/wp-content\/uploads\/2023\/04\/NUEVO-CESFAM-COYHAIQUE-8-1-1-768x432.jpeg 768w, https:\/\/radiorevelacionfm.cl\/wp-content\/uploads\/2023\/04\/NUEVO-CESFAM-COYHAIQUE-8-1-1-705x396.jpeg 705w, https:\/\/radiorevelacionfm.cl\/wp-content\/uploads\/2023\/04\/NUEVO-CESFAM-COYHAIQUE-8-1-1-450x253.jpeg 450w, https:\/\/radiorevelacionfm.cl\/wp-content\/uploads\/2023\/04\/NUEVO-CESFAM-COYHAIQUE-8-1-1-600x337.jpeg 600w\" sizes=\"(max-width: 1067px) 100vw, 1067px\" \/><\/div><\/div><\/div><\/div><div class=\"flex_column av_one_full  flex_column_div av-zero-column-padding first  avia-builder-el-2  el_after_av_one_full  el_before_av_one_full  column-top-margin\" style='border-radius:0px; '><section class=\"av_textblock_section \"  itemscope=\"itemscope\" itemtype=\"https:\/\/schema.org\/BlogPosting\" itemprop=\"blogPost\" ><div class='avia_textblock  '   itemprop=\"text\" ><p style=\"text-align: center;\"><span style=\"font-size: 18pt;\"><b>Anuncian licitaci\u00f3n para construir nuevo CESFAM para Coyhaique<\/b><\/span><\/p>\n<div id=\"gtx-trans\" style=\"position: absolute; left: -50px; top: 4.31534px;\">\n<div class=\"gtx-trans-icon\"><\/div>\n<\/div>\n<\/div><\/section><\/div><div class=\"flex_column av_one_full  flex_column_div av-zero-column-padding first  avia-builder-el-4  el_after_av_one_full  el_before_av_hr  column-top-margin\" style='border-radius:0px; '><section class=\"av_textblock_section \"  itemscope=\"itemscope\" itemtype=\"https:\/\/schema.org\/BlogPosting\" itemprop=\"blogPost\" ><div class='avia_textblock  '   itemprop=\"text\" ><p style=\"text-align: justify;\">Casi 4 mil metros cuadrados de construcci\u00f3n, sobre 16 mil millones de pesos y una poblaci\u00f3n beneficiaria estimada en unas 30 mil personas, son algunos de los datos t\u00e9cnicos del nuevo Centro de Salud Familiar de Coyhaique (CESFAM), que se construir\u00e1 en el sector Circunvalaci\u00f3n Escuela Agr\u00edcola. Adem\u00e1s, la edificaci\u00f3n contempla un Servicio de Urgencia de Alta Resolutividad (SAR).<\/p>\n<p style=\"text-align: justify;\">\u201cFortalece la esperanza de todos aquellos que nos atendemos en alguno de los dos dispositivos de salud que tenemos insertos en nuestras poblaciones, el V\u00edctor Domingo Silva y Alejandro Guti\u00e9rrez, que est\u00e1n colapsados, saturados, donde se atienden muchas personas diariamente, lo que implica largas filas de espera, por tanto, es muy importante esta nueva infraestructura\u201d, subray\u00f3 V\u00edctor Soto, de la Uni\u00f3n Nacional de Pensionados.<\/p>\n<p style=\"text-align: justify;\">La licitaci\u00f3n fue anunciada este martes por las autoridades regionales encabezadas por el Delegado Presidencial (S), Samuel Navarro. \u201cNos tiene muy contentos el llamado a licitaci\u00f3n dentro de los pr\u00f3ximos noventa d\u00edas, las empresas constructoras que participan de estos proyectos van a poder licitar y presentar sus ofertas y esperamos que a fines del 2024 estar inaugurando, si no hay tropiezos o dificultades y se cumplen los plazos. Nos tiene muy contentos que dentro de nuestro Gobierno de Gabriel Boric podamos comenzar a resolver temas que ven\u00edan arrastr\u00e1ndose, pendientes. No hay que olvidar que hubo dos licitaciones desiertas, porque se ha incrementado en m\u00e1s de un 50% el presupuesto disponible para las obras\u201d, precis\u00f3 Navarro.<\/p>\n<p style=\"text-align: justify;\">El dise\u00f1o de la obra fue financiado por el Gobierno Regional de Ays\u00e9n. La licitaci\u00f3n considera un aumento presupuestario superior al 50% con recursos ministeriales, lo que demuestra el compromiso para sacar adelante un proyecto emblem\u00e1tico para la salud p\u00fablica regional.<\/p>\n<p style=\"text-align: justify;\">La entrega para el uso de la comunidad deber\u00eda ocurrir el a\u00f1o 2025. \u201cEste CESFAM atender\u00e1 a tres sectores, donde la poblaci\u00f3n de va dividiendo, seg\u00fan sus lugares donde habitan. Esto implica que va haber un equipo multidisciplinario compuesto por m\u00e9dicos, psic\u00f3logos, nutricionistas, odont\u00f3logos. Adem\u00e1s de eso, contamos con un SAR que tendr\u00e1 laboratorio e imagenolog\u00eda, lo cual implica que disminuir\u00e1n las derivaciones hacia la urgencia del hospital regional, mejorando con esto los tiempos de espera\u201d, acot\u00f3 Claudio Arriagada, director (S) Servicio de Salud Ays\u00e9n.<\/p>\n<p style=\"text-align: justify;\">De esta manera el nuevo CESFAM contar\u00e1 tambi\u00e9n con laboratorio cl\u00ednico e imagenolog\u00eda mediante ecograf\u00eda y radiograf\u00eda osteo pulmonar, lo que permitir\u00e1 mejorar los procesos diagn\u00f3sticos.<\/p>\n<\/div><\/section><\/div><div  style='height:50px' class='hr hr-invisible   avia-builder-el-6  el_after_av_one_full  el_before_av_social_share '><span class='hr-inner ' ><span class='hr-inner-style'><\/span><\/span><\/div><\/p>\n<div  class='av-social-sharing-box  avia-builder-el-7  el_after_av_hr  el_before_av_hr  '><div class='av-share-box'><h5 class='av-share-link-description av-no-toc '>Compartir esta noticia<\/h5><ul class='av-share-box-list noLightbox'><li class='av-share-link av-social-link-facebook' ><a target=\"_blank\" aria-label=\"Compartir en Facebook\" href='https:\/\/www.facebook.com\/sharer.php?u=https:\/\/radiorevelacionfm.cl\/?p=29726&#038;t=Anuncian%20licitaci%C3%B3n%20para%20construir%20nuevo%20CESFAM%20para%20Coyhaique' aria-hidden='false' data-av_icon='\ue8f3' data-av_iconfont='entypo-fontello' title='' data-avia-related-tooltip='Compartir en Facebook' rel=\"noopener\"><span class='avia_hidden_link_text'>Compartir en Facebook<\/span><\/a><\/li><li class='av-share-link av-social-link-twitter' ><a target=\"_blank\" aria-label=\"Compartir en Twitter\" href='https:\/\/twitter.com\/share?text=Anuncian%20licitaci%C3%B3n%20para%20construir%20nuevo%20CESFAM%20para%20Coyhaique&#038;url=https:\/\/radiorevelacionfm.cl\/?p=29726' aria-hidden='false' data-av_icon='\ue8f1' data-av_iconfont='entypo-fontello' title='' data-avia-related-tooltip='Compartir en Twitter' rel=\"noopener\"><span class='avia_hidden_link_text'>Compartir en Twitter<\/span><\/a><\/li><li class='av-share-link av-social-link-whatsapp' ><a target=\"_blank\" aria-label=\"Compartir en Whatsapp\" href='https:\/\/api.whatsapp.com\/send?text=https:\/\/radiorevelacionfm.cl\/?p=29726' aria-hidden='false' data-av_icon='\uf232' data-av_iconfont='entypo-fontello' title='' data-avia-related-tooltip='Compartir en Whatsapp' rel=\"noopener\"><span class='avia_hidden_link_text'>Compartir en Whatsapp<\/span><\/a><\/li><li class='av-share-link av-social-link-linkedin' ><a target=\"_blank\" aria-label=\"Compartir en LinkedIn\" href='https:\/\/linkedin.com\/shareArticle?mini=true&#038;title=Anuncian%20licitaci%C3%B3n%20para%20construir%20nuevo%20CESFAM%20para%20Coyhaique&#038;url=https:\/\/radiorevelacionfm.cl\/?p=29726' aria-hidden='false' data-av_icon='\ue8fc' data-av_iconfont='entypo-fontello' title='' data-avia-related-tooltip='Compartir en LinkedIn' rel=\"noopener\"><span class='avia_hidden_link_text'>Compartir en LinkedIn<\/span><\/a><\/li><li class='av-share-link av-social-link-mail' ><a  aria-label=\"Compartir por correo\" href='mailto:?subject=Anuncian%20licitaci%C3%B3n%20para%20construir%20nuevo%20CESFAM%20para%20Coyhaique&#038;body=https:\/\/radiorevelacionfm.cl\/?p=29726' aria-hidden='false' data-av_icon='\ue805' data-av_iconfont='entypo-fontello' title='' data-avia-related-tooltip='Compartir por correo'><span class='avia_hidden_link_text'>Compartir por correo<\/span><\/a><\/li><\/ul><\/div><\/div>\n<div  style='height:50px' class='hr hr-invisible   avia-builder-el-8  el_after_av_social_share  el_before_av_comments_list '><span class='hr-inner ' ><span class='hr-inner-style'><\/span><\/span><\/div>\n<div  class='av-buildercomment  av-blog-meta-html-info-disabled av-blog-meta-tag-disabled  '><\/div>\n","protected":false},"excerpt":{"rendered":"","protected":false},"author":1,"featured_media":29727,"comment_status":"open","ping_status":"open","sticky":false,"template":"","format":"standard","meta":{"footnotes":""},"categories":[46],"tags":[],"class_list":["post-29726","post","type-post","status-publish","format-standard","has-post-thumbnail","hentry","category-salud"],"jetpack_featured_media_url":"https:\/\/radiorevelacionfm.cl\/wp-content\/uploads\/2023\/04\/NUEVO-CESFAM-COYHAIQUE-8-1-1.jpeg","_links":{"self":[{"href":"https:\/\/radiorevelacionfm.cl\/index.php?rest_route=\/wp\/v2\/posts\/29726","targetHints":{"allow":["GET"]}}],"collection":[{"href":"https:\/\/radiorevelacionfm.cl\/index.php?rest_route=\/wp\/v2\/posts"}],"about":[{"href":"https:\/\/radiorevelacionfm.cl\/index.php?rest_route=\/wp\/v2\/types\/post"}],"author":[{"embeddable":true,"href":"https:\/\/radiorevelacionfm.cl\/index.php?rest_route=\/wp\/v2\/users\/1"}],"replies":[{"embeddable":true,"href":"https:\/\/radiorevelacionfm.cl\/index.php?rest_route=%2Fwp%2Fv2%2Fcomments&post=29726"}],"version-history":[{"count":1,"href":"https:\/\/radiorevelacionfm.cl\/index.php?rest_route=\/wp\/v2\/posts\/29726\/revisions"}],"predecessor-version":[{"id":29728,"href":"https:\/\/radiorevelacionfm.cl\/index.php?rest_route=\/wp\/v2\/posts\/29726\/revisions\/29728"}],"wp:featuredmedia":[{"embeddable":true,"href":"https:\/\/radiorevelacionfm.cl\/index.php?rest_route=\/wp\/v2\/media\/29727"}],"wp:attachment":[{"href":"https:\/\/radiorevelacionfm.cl\/index.php?rest_route=%2Fwp%2Fv2%2Fmedia&parent=29726"}],"wp:term":[{"taxonomy":"category","embeddable":true,"href":"https:\/\/radiorevelacionfm.cl\/index.php?rest_route=%2Fwp%2Fv2%2Fcategories&post=29726"},{"taxonomy":"post_tag","embeddable":true,"href":"https:\/\/radiorevelacionfm.cl\/index.php?rest_route=%2Fwp%2Fv2%2Ftags&post=29726"}],"curies":[{"name":"wp","href":"https:\/\/api.w.org\/{rel}","templated":true}]}}