{"id":29723,"date":"2023-04-04T18:48:06","date_gmt":"2023-04-04T21:48:06","guid":{"rendered":"https:\/\/radiorevelacionfm.cl\/?p=29723"},"modified":"2023-04-04T18:48:06","modified_gmt":"2023-04-04T21:48:06","slug":"sag-suspende-temporada-de-caza-de-aves-silvestres","status":"publish","type":"post","link":"https:\/\/radiorevelacionfm.cl\/?p=29723","title":{"rendered":"SAG suspende temporada de caza de aves silvestres"},"content":{"rendered":"<div class=\"flex_column av_one_full  flex_column_div av-zero-column-padding first  avia-builder-el-0  el_before_av_one_full  avia-builder-el-first  \" style='border-radius:0px; '><div  class='avia-image-container  av-styling-    avia-builder-el-1  avia-builder-el-no-sibling  avia-align-center '  itemprop=\"image\" itemscope=\"itemscope\" itemtype=\"https:\/\/schema.org\/ImageObject\"  ><div class='avia-image-container-inner'><div class='avia-image-overlay-wrap'><img decoding=\"async\" class='wp-image-29724 avia-img-lazy-loading-not-29724 avia_image' src=\"https:\/\/radiorevelacionfm.cl\/wp-content\/uploads\/2023\/04\/Ave-Silvestre1-1-1.jpg\" alt='' title='Ave Silvestre1 (1) (1)' height=\"600\" width=\"900\"  itemprop=\"thumbnailUrl\" srcset=\"https:\/\/radiorevelacionfm.cl\/wp-content\/uploads\/2023\/04\/Ave-Silvestre1-1-1.jpg 900w, https:\/\/radiorevelacionfm.cl\/wp-content\/uploads\/2023\/04\/Ave-Silvestre1-1-1-300x200.jpg 300w, https:\/\/radiorevelacionfm.cl\/wp-content\/uploads\/2023\/04\/Ave-Silvestre1-1-1-768x512.jpg 768w, https:\/\/radiorevelacionfm.cl\/wp-content\/uploads\/2023\/04\/Ave-Silvestre1-1-1-705x470.jpg 705w, https:\/\/radiorevelacionfm.cl\/wp-content\/uploads\/2023\/04\/Ave-Silvestre1-1-1-450x300.jpg 450w, https:\/\/radiorevelacionfm.cl\/wp-content\/uploads\/2023\/04\/Ave-Silvestre1-1-1-600x400.jpg 600w\" sizes=\"(max-width: 900px) 100vw, 900px\" \/><\/div><\/div><\/div><\/div><div class=\"flex_column av_one_full  flex_column_div av-zero-column-padding first  avia-builder-el-2  el_after_av_one_full  el_before_av_one_full  column-top-margin\" style='border-radius:0px; '><section class=\"av_textblock_section \"  itemscope=\"itemscope\" itemtype=\"https:\/\/schema.org\/BlogPosting\" itemprop=\"blogPost\" ><div class='avia_textblock  '   itemprop=\"text\" ><p style=\"text-align: center;\"><span style=\"font-size: 18pt;\"><strong>SAG suspende temporada de caza de aves silvestres<\/strong><\/span><\/p>\n<div id=\"gtx-trans\" style=\"position: absolute; left: -50px; top: 4.31534px;\">\n<div class=\"gtx-trans-icon\"><\/div>\n<\/div>\n<\/div><\/section><\/div><div class=\"flex_column av_one_full  flex_column_div av-zero-column-padding first  avia-builder-el-4  el_after_av_one_full  el_before_av_hr  column-top-margin\" style='border-radius:0px; '><section class=\"av_textblock_section \"  itemscope=\"itemscope\" itemtype=\"https:\/\/schema.org\/BlogPosting\" itemprop=\"blogPost\" ><div class='avia_textblock  '   itemprop=\"text\" ><p style=\"text-align: justify;\">Ante la Emergencia Zoosanitaria por influenza aviar decretada por el Servicio Agr\u00edcola y Ganadero, SAG, en todo el pa\u00eds, el Ministerio de Agricultura ha determinado la prohibici\u00f3n temporal de caza de todas las especies de aves silvestres detalladas en el art\u00edculo N\u00b05 de la Ley N\u00b019.473. La medida, que entra en vigencia hoy tras su publicaci\u00f3n en el Diario Oficial, busca evitar la manipulaci\u00f3n y traslado de aves, eventualmente positivas, que pudiesen diseminar el virus.<\/p>\n<p style=\"text-align: justify;\">La temporada de caza se inicia en el mes de abril en todo el pa\u00eds, seg\u00fan tipos de especies y zonas del pa\u00eds, criterios establecidos en la Ley de Caza y su reglamento.<\/p>\n<p style=\"text-align: justify;\">Cabe recordar que la influenza aviar H5N1 lleg\u00f3 a Chile a trav\u00e9s de aves migratorias provenientes del hemisferio norte contaminando a los pa\u00edses en la medida que avanzaba hacia el sur del continente. En nuestro pa\u00eds el primer caso se detect\u00f3 en diciembre del a\u00f1o pasado, disemin\u00e1ndose la enfermedad en 14 regiones, principalmente a trav\u00e9s de fauna silvestre marina, lo que est\u00e1 causando un grave da\u00f1o a la biodiversidad.<\/p>\n<p style=\"text-align: justify;\">Seg\u00fan los reportes del SAG actualmente son 40 especies las que est\u00e1n siendo afectadas por el virus a lo largo del pa\u00eds, a la fecha el Servicio ha muestreado m\u00e1s de 3 mil aves silvestres, siendo las m\u00e1s perjudicadas el pel\u00edcano, guanay, gaviota dominicana, garuma y piquero, entre otras.<\/p>\n<p style=\"text-align: justify;\">En cuanto a la afectaci\u00f3n en traspatio el Servicio ha realizado m\u00e1s de 29 mil muestras con 69 traspatios positivos, todos ellos erradicados. Mientras que en la industria han sido muestreadas m\u00e1s de 5 mil aves, con 5 plantes industriales positivos, el \u00faltimo en Valpara\u00edso el cual ya fue controlado. A la fecha no existen casos positivos en la industria en el pa\u00eds.<\/p>\n<p style=\"text-align: justify;\">SAG recuerda que en la regi\u00f3n de Ays\u00e9n no existen casos positivos hasta el momento, es por eso que se reitera el llamado a la ciudadan\u00eda a no tocar ni mover aves enfermas o muertas. En tanto a los due\u00f1os\/as de aves de corral los insta a extremar las medidas de bioseguridad en sus instalaciones, principalmente encerrando a sus aves para evitar el contacto con aves silvestres u otras que pudiesen estar afectadas, resguardando su alimento y agua de bebida, para evitar el contagio de sus aves con influenza aviar altamente pat\u00f3gena y ante la sospecha de s\u00edntomas o mortandad contactar de inmediato al SAG a trav\u00e9s de los siguientes canales de comunicaci\u00f3n:<\/p>\n<ul style=\"text-align: justify;\">\n<li>Oficina SAG m\u00e1s cercana a su domicilio.<\/li>\n<li>Tel\u00e9fono 22 3451100, atenci\u00f3n de lunes a domingo de 8:00 a 21:00 horas<\/li>\n<li>Whatsapp +569 6908 9780 de lunes a domingo las 24 horas del d\u00eda.<\/li>\n<li>Correo electr\u00f3nico:\u00a0<a href=\"mailto:oficina.informaciones@sag.gob.cl\">oficina.informaciones@sag.gob.cl<\/a><\/li>\n<\/ul>\n<\/div><\/section><\/div><div  style='height:50px' class='hr hr-invisible   avia-builder-el-6  el_after_av_one_full  el_before_av_social_share '><span class='hr-inner ' ><span class='hr-inner-style'><\/span><\/span><\/div><\/p>\n<div  class='av-social-sharing-box  avia-builder-el-7  el_after_av_hr  el_before_av_hr  '><div class='av-share-box'><h5 class='av-share-link-description av-no-toc '>Compartir esta noticia<\/h5><ul class='av-share-box-list noLightbox'><li class='av-share-link av-social-link-facebook' ><a target=\"_blank\" aria-label=\"Compartir en Facebook\" href='https:\/\/www.facebook.com\/sharer.php?u=https:\/\/radiorevelacionfm.cl\/?p=29723&#038;t=SAG%20suspende%20temporada%20de%20caza%20de%20aves%20silvestres' aria-hidden='false' data-av_icon='\ue8f3' data-av_iconfont='entypo-fontello' title='' data-avia-related-tooltip='Compartir en Facebook' rel=\"noopener\"><span class='avia_hidden_link_text'>Compartir en Facebook<\/span><\/a><\/li><li class='av-share-link av-social-link-twitter' ><a target=\"_blank\" aria-label=\"Compartir en Twitter\" href='https:\/\/twitter.com\/share?text=SAG%20suspende%20temporada%20de%20caza%20de%20aves%20silvestres&#038;url=https:\/\/radiorevelacionfm.cl\/?p=29723' aria-hidden='false' data-av_icon='\ue8f1' data-av_iconfont='entypo-fontello' title='' data-avia-related-tooltip='Compartir en Twitter' rel=\"noopener\"><span class='avia_hidden_link_text'>Compartir en Twitter<\/span><\/a><\/li><li class='av-share-link av-social-link-whatsapp' ><a target=\"_blank\" aria-label=\"Compartir en Whatsapp\" href='https:\/\/api.whatsapp.com\/send?text=https:\/\/radiorevelacionfm.cl\/?p=29723' aria-hidden='false' data-av_icon='\uf232' data-av_iconfont='entypo-fontello' title='' data-avia-related-tooltip='Compartir en Whatsapp' rel=\"noopener\"><span class='avia_hidden_link_text'>Compartir en Whatsapp<\/span><\/a><\/li><li class='av-share-link av-social-link-linkedin' ><a target=\"_blank\" aria-label=\"Compartir en LinkedIn\" href='https:\/\/linkedin.com\/shareArticle?mini=true&#038;title=SAG%20suspende%20temporada%20de%20caza%20de%20aves%20silvestres&#038;url=https:\/\/radiorevelacionfm.cl\/?p=29723' aria-hidden='false' data-av_icon='\ue8fc' data-av_iconfont='entypo-fontello' title='' data-avia-related-tooltip='Compartir en LinkedIn' rel=\"noopener\"><span class='avia_hidden_link_text'>Compartir en LinkedIn<\/span><\/a><\/li><li class='av-share-link av-social-link-mail' ><a  aria-label=\"Compartir por correo\" href='mailto:?subject=SAG%20suspende%20temporada%20de%20caza%20de%20aves%20silvestres&#038;body=https:\/\/radiorevelacionfm.cl\/?p=29723' aria-hidden='false' data-av_icon='\ue805' data-av_iconfont='entypo-fontello' title='' data-avia-related-tooltip='Compartir por correo'><span class='avia_hidden_link_text'>Compartir por correo<\/span><\/a><\/li><\/ul><\/div><\/div>\n<div  style='height:50px' class='hr hr-invisible   avia-builder-el-8  el_after_av_social_share  el_before_av_comments_list '><span class='hr-inner ' ><span class='hr-inner-style'><\/span><\/span><\/div>\n<div  class='av-buildercomment  av-blog-meta-html-info-disabled av-blog-meta-tag-disabled  '><\/div>\n","protected":false},"excerpt":{"rendered":"","protected":false},"author":1,"featured_media":29724,"comment_status":"open","ping_status":"open","sticky":false,"template":"","format":"standard","meta":{"footnotes":""},"categories":[58],"tags":[],"class_list":["post-29723","post","type-post","status-publish","format-standard","has-post-thumbnail","hentry","category-agricultura"],"jetpack_featured_media_url":"https:\/\/radiorevelacionfm.cl\/wp-content\/uploads\/2023\/04\/Ave-Silvestre1-1-1.jpg","_links":{"self":[{"href":"https:\/\/radiorevelacionfm.cl\/index.php?rest_route=\/wp\/v2\/posts\/29723","targetHints":{"allow":["GET"]}}],"collection":[{"href":"https:\/\/radiorevelacionfm.cl\/index.php?rest_route=\/wp\/v2\/posts"}],"about":[{"href":"https:\/\/radiorevelacionfm.cl\/index.php?rest_route=\/wp\/v2\/types\/post"}],"author":[{"embeddable":true,"href":"https:\/\/radiorevelacionfm.cl\/index.php?rest_route=\/wp\/v2\/users\/1"}],"replies":[{"embeddable":true,"href":"https:\/\/radiorevelacionfm.cl\/index.php?rest_route=%2Fwp%2Fv2%2Fcomments&post=29723"}],"version-history":[{"count":1,"href":"https:\/\/radiorevelacionfm.cl\/index.php?rest_route=\/wp\/v2\/posts\/29723\/revisions"}],"predecessor-version":[{"id":29725,"href":"https:\/\/radiorevelacionfm.cl\/index.php?rest_route=\/wp\/v2\/posts\/29723\/revisions\/29725"}],"wp:featuredmedia":[{"embeddable":true,"href":"https:\/\/radiorevelacionfm.cl\/index.php?rest_route=\/wp\/v2\/media\/29724"}],"wp:attachment":[{"href":"https:\/\/radiorevelacionfm.cl\/index.php?rest_route=%2Fwp%2Fv2%2Fmedia&parent=29723"}],"wp:term":[{"taxonomy":"category","embeddable":true,"href":"https:\/\/radiorevelacionfm.cl\/index.php?rest_route=%2Fwp%2Fv2%2Fcategories&post=29723"},{"taxonomy":"post_tag","embeddable":true,"href":"https:\/\/radiorevelacionfm.cl\/index.php?rest_route=%2Fwp%2Fv2%2Ftags&post=29723"}],"curies":[{"name":"wp","href":"https:\/\/api.w.org\/{rel}","templated":true}]}}