{"id":29720,"date":"2023-04-05T10:13:46","date_gmt":"2023-04-05T13:13:46","guid":{"rendered":"https:\/\/radiorevelacionfm.cl\/?p=29720"},"modified":"2023-04-05T21:47:55","modified_gmt":"2023-04-06T00:47:55","slug":"lanzan-primer-concurso-formando-equidad-practicas-pedagogicas-para-una-educacion-no-sexista","status":"publish","type":"post","link":"https:\/\/radiorevelacionfm.cl\/?p=29720","title":{"rendered":"Lanzan primer concurso \u00abFormando Equidad Pr\u00e1cticas Pedag\u00f3gicas para una Educaci\u00f3n No Sexista\u00bb"},"content":{"rendered":"<div class=\"flex_column av_one_full  flex_column_div av-zero-column-padding first  avia-builder-el-0  el_before_av_one_full  avia-builder-el-first  \" style='border-radius:0px; '><div  class='avia-image-container  av-styling-    avia-builder-el-1  avia-builder-el-no-sibling  avia-align-center '  itemprop=\"image\" itemscope=\"itemscope\" itemtype=\"https:\/\/schema.org\/ImageObject\"  ><div class='avia-image-container-inner'><div class='avia-image-overlay-wrap'><img decoding=\"async\" class='wp-image-29721 avia-img-lazy-loading-not-29721 avia_image' src=\"https:\/\/radiorevelacionfm.cl\/wp-content\/uploads\/2023\/04\/lanzamiento-concurso-1_optimized.jpg\" alt='' title='lanzamiento-concurso-(1)_optimized' height=\"600\" width=\"856\"  itemprop=\"thumbnailUrl\" srcset=\"https:\/\/radiorevelacionfm.cl\/wp-content\/uploads\/2023\/04\/lanzamiento-concurso-1_optimized.jpg 856w, https:\/\/radiorevelacionfm.cl\/wp-content\/uploads\/2023\/04\/lanzamiento-concurso-1_optimized-300x210.jpg 300w, https:\/\/radiorevelacionfm.cl\/wp-content\/uploads\/2023\/04\/lanzamiento-concurso-1_optimized-768x538.jpg 768w, https:\/\/radiorevelacionfm.cl\/wp-content\/uploads\/2023\/04\/lanzamiento-concurso-1_optimized-705x494.jpg 705w, https:\/\/radiorevelacionfm.cl\/wp-content\/uploads\/2023\/04\/lanzamiento-concurso-1_optimized-450x315.jpg 450w, https:\/\/radiorevelacionfm.cl\/wp-content\/uploads\/2023\/04\/lanzamiento-concurso-1_optimized-600x421.jpg 600w\" sizes=\"(max-width: 856px) 100vw, 856px\" \/><\/div><\/div><\/div><\/div>\n<div class=\"flex_column av_one_full  flex_column_div av-zero-column-padding first  avia-builder-el-2  el_after_av_one_full  el_before_av_one_full  column-top-margin\" style='border-radius:0px; '><section class=\"av_textblock_section \"  itemscope=\"itemscope\" itemtype=\"https:\/\/schema.org\/BlogPosting\" itemprop=\"blogPost\" ><div class='avia_textblock  '   itemprop=\"text\" ><p style=\"text-align: center;\"><span style=\"font-size: 18pt;\"><b>Lanzan primer concurso \u00abFormando Equidad Pr\u00e1cticas Pedag\u00f3gicas para una Educaci\u00f3n No Sexista\u00bb<\/b><\/span><\/p>\n<div id=\"gtx-trans\" style=\"position: absolute; left: -50px; top: 4.31534px;\">\n<div class=\"gtx-trans-icon\"><\/div>\n<\/div>\n<\/div><\/section><\/div>\n<div class=\"flex_column av_one_full  flex_column_div av-zero-column-padding first  avia-builder-el-4  el_after_av_one_full  el_before_av_hr  column-top-margin\" style='border-radius:0px; '><section class=\"av_textblock_section \"  itemscope=\"itemscope\" itemtype=\"https:\/\/schema.org\/BlogPosting\" itemprop=\"blogPost\" ><div class='avia_textblock  '   itemprop=\"text\" ><p class=\"v1MsoNormal\" style=\"text-align: justify;\">En la Escuela Rural R\u00edo Blanco de la comuna de Coyhaique fue presentado el 1\u00b0 Concurso \u00abFormando equidad: Pr\u00e1cticas pedag\u00f3gicas para una educaci\u00f3n no sexista\u00bb, instancia en la que participaron la ministra de Ciencia, Tecnolog\u00eda, Conocimiento e Innovaci\u00f3n, Ais\u00e9n Etcheverry, la seremi de Ciencia para la Macro Zona Austral, Ver\u00f3nica Vallejos, la seremi de Mujer y Equidad de G\u00e9nero, Andrea M\u00e9ndez, y la seremi de Educaci\u00f3n, Isabel Garrido.<\/p>\n<p class=\"v1MsoNormal\" style=\"text-align: justify;\">Las autoridades fueron recibidas en el establecimiento por la directora Paula Miranda, y la ministra y seremis interactuaron en forma muy distendida con las, los estudiantes y profesoras presentes, dialogando sobre el sello del establecimiento rural que apunta a las Ciencias, Medio Ambiente e Innovaci\u00f3n.<\/p>\n<p class=\"v1MsoNormal\" style=\"text-align: justify;\">Al lanzar el concurso las convocantes hicieron un llamado a las profesoras y educadoras de p\u00e1rvulo de la Regi\u00f3n de Ays\u00e9n a sumarse a esta iniciativa que promueve la realizaci\u00f3n de pr\u00e1cticas de ense\u00f1anza en el aula para una Educaci\u00f3n No Sexista que puedan replicarse en el sistema educativo y aportar a la calidad del aprendizaje integral.<\/p>\n<p class=\"v1MsoNormal\" style=\"text-align: justify;\">\u00abComo Gobierno tenemos un compromiso con la equidad y la justicia en todas sus formas y eso incluye la equidad de g\u00e9nero. Por ello invitamos a las comunidades escolares a participar de este concurso que releva la equidad de g\u00e9nero en la sala de clases y se busca promover las pr\u00e1cticas de educaci\u00f3n no sexista en Ciencias y otras asignaturas. Esta convocatoria est\u00e1 orientada a jardines infantiles, escuelas y liceos\u00bb, se\u00f1al\u00f3 Isabel Garrido, seremi de Educaci\u00f3n.<\/p>\n<p class=\"v1MsoNormal\" style=\"text-align: justify;\">Por su parte, la seremi de la Mujer y Equidad de G\u00e9nero Andrea M\u00e9ndez indic\u00f3 que \u00abC\u00f3mo gobierno comprendemos que la justicia social\u00a0 comienza por espacios equitativos desde las edades tempranas y en ese sentido hemos levantado esta iniciativa que procura fomentar la equidad de g\u00e9nero mediante las pr\u00e1cticas pedag\u00f3gicas que se desarrollan en nuestra regi\u00f3n. Con esto creemos que contribuimos significativamente a la eliminaci\u00f3n de brechas y barreras que impiden el acceso de ni\u00f1as y las mujeres al \u00e1mbito de las ciencias\u00bb.<\/p>\n<p class=\"v1MsoNormal\" style=\"text-align: justify;\">La ministra Ais\u00e9n Etcheverry manifest\u00f3 que \u00abLa Ciencia y la Tecnolog\u00eda es la forma en como construimos futuro y es la forma en c\u00f3mo hacemos que nuestro desarrollo econ\u00f3mico sea m\u00e1s sustentable y sea m\u00e1s justo tambi\u00e9n en lo social. La forma en como construimos conocimiento cient\u00edfico y tecnolog\u00eda tiene que ser en la diversidad. Y por eso todas las iniciativas que apuntan a que tengamos equidad de g\u00e9nero y que avancemos en que las mujeres sean parte de sectores en los que tradicionalmente han estado excluidas contribuyen en esa direcci\u00f3n. Desde el ministerio de Ciencia, Tecnolog\u00eda y Conocimiento felicitamos esta iniciativa e invitamos a todas y todos los profesores a entusiasmarse y a postular a este concurso y darle toda la visibilidad\u00bb.<\/p>\n<p class=\"v1MsoNormal\" style=\"text-align: justify;\">Paula Miranda, directora de la escuela anfitriona expres\u00f3 su gratitud por la visita de las autoridades. \u00abComo Escuela Rural R\u00edo Blanco estamos muy contentos con la visita de la ministra y las seremis. Nuestra escuela tiene el sello de medio ambiente, ciencia, tecnolog\u00eda e innovaci\u00f3n y por lo tanto esta visita corona al trabajo que hemos hecho todos estos a\u00f1os. Estamos muy contentos por este concurso porque permite mostrar el trabajo que realizan profesoras y profesores d\u00eda a d\u00eda para cambiar esa mirada que encasilla por g\u00e9nero en educaci\u00f3n por una que entregue cada d\u00eda m\u00e1s oportunidades a ni\u00f1as y ni\u00f1os\u00bb.<\/p>\n<p class=\"v1MsoNormal\" style=\"text-align: justify;\">Posteriormente, se realiz\u00f3 un recorrido por distintas aulas tem\u00e1ticas del plantel ocasi\u00f3n en que las y los estudiantes de distintos niveles mostraron con mucha alegr\u00eda y desplante los aprendizajes de distintos talleres cient\u00edficos y de innovaci\u00f3n.<\/p>\n<p class=\"v1MsoNormal\" style=\"text-align: justify;\"><b>Bases del certamen<\/b><\/p>\n<p class=\"v1MsoNormal\" style=\"text-align: justify;\">El certamen apunta a los \u00e1mbitos de acci\u00f3n pedag\u00f3gica, con objetivos de g\u00e9nero definidos, los cuales son:<\/p>\n<p class=\"v1MsoNormal\" style=\"text-align: justify;\">Reconocimiento de trayectorias femeninas en ciencias, investigaci\u00f3n y otras disciplinas.<\/p>\n<p class=\"v1MsoNormal\" style=\"text-align: justify;\">Abordaje de sesgos o prejuicios de g\u00e9nero.<\/p>\n<p class=\"v1MsoNormal\" style=\"text-align: justify;\">Visibilizar inequidades de g\u00e9nero.<\/p>\n<p class=\"v1MsoNormal\" style=\"text-align: justify;\">De todas maneras, esto no inhabilita a los\/las postulantes a proponer actividades o experiencias de aprendizaje que se relacionen con otras tem\u00e1ticas que incorporen la perspectiva de g\u00e9nero.<\/p>\n<p class=\"v1MsoNormal\" style=\"text-align: justify;\">Pueden postular docentes y educadoras de p\u00e1rvulos de todas las \u00e1reas que hayan implementado una pr\u00e1ctica de ense\u00f1anza y aprendizaje en su establecimiento y\/o asignatura.<\/p>\n<p class=\"v1MsoNormal\" style=\"text-align: justify;\">El per\u00edodo de postulaci\u00f3n comienza hoy martes 4 de abril hasta el mi\u00e9rcoles 31 de mayo 2023, inclusive.<\/p>\n<p class=\"v1MsoNormal\" style=\"text-align: justify;\">Solicitud de bases del concurso al email: gvera@minmujeryeg.gob.cl, indicando en asunto \u00abConsulta Formando equidad desde las ciencias\u00bb.<\/p>\n<\/div><\/section><\/div><div  style='height:50px' class='hr hr-invisible   avia-builder-el-6  el_after_av_one_full  el_before_av_social_share '><span class='hr-inner ' ><span class='hr-inner-style'><\/span><\/span><\/div><\/p>\n<div  class='av-social-sharing-box  avia-builder-el-7  el_after_av_hr  el_before_av_hr  '><div class='av-share-box'><h5 class='av-share-link-description av-no-toc '>Compartir esta noticia<\/h5><ul class='av-share-box-list noLightbox'><li class='av-share-link av-social-link-facebook' ><a target=\"_blank\" aria-label=\"Compartir en Facebook\" href='https:\/\/www.facebook.com\/sharer.php?u=https:\/\/radiorevelacionfm.cl\/?p=29720&#038;t=Lanzan%20primer%20concurso%20%C2%ABFormando%20Equidad%20Pr%C3%A1cticas%20Pedag%C3%B3gicas%20para%20una%20Educaci%C3%B3n%20No%20Sexista%C2%BB' aria-hidden='false' data-av_icon='\ue8f3' data-av_iconfont='entypo-fontello' title='' data-avia-related-tooltip='Compartir en Facebook' rel=\"noopener\"><span class='avia_hidden_link_text'>Compartir en Facebook<\/span><\/a><\/li><li class='av-share-link av-social-link-twitter' ><a target=\"_blank\" aria-label=\"Compartir en Twitter\" href='https:\/\/twitter.com\/share?text=Lanzan%20primer%20concurso%20%C2%ABFormando%20Equidad%20Pr%C3%A1cticas%20Pedag%C3%B3gicas%20para%20una%20Educaci%C3%B3n%20No%20Sexista%C2%BB&#038;url=https:\/\/radiorevelacionfm.cl\/?p=29720' aria-hidden='false' data-av_icon='\ue8f1' data-av_iconfont='entypo-fontello' title='' data-avia-related-tooltip='Compartir en Twitter' rel=\"noopener\"><span class='avia_hidden_link_text'>Compartir en Twitter<\/span><\/a><\/li><li class='av-share-link av-social-link-whatsapp' ><a target=\"_blank\" aria-label=\"Compartir en Whatsapp\" href='https:\/\/api.whatsapp.com\/send?text=https:\/\/radiorevelacionfm.cl\/?p=29720' aria-hidden='false' data-av_icon='\uf232' data-av_iconfont='entypo-fontello' title='' data-avia-related-tooltip='Compartir en Whatsapp' rel=\"noopener\"><span class='avia_hidden_link_text'>Compartir en Whatsapp<\/span><\/a><\/li><li class='av-share-link av-social-link-linkedin' ><a target=\"_blank\" aria-label=\"Compartir en LinkedIn\" href='https:\/\/linkedin.com\/shareArticle?mini=true&#038;title=Lanzan%20primer%20concurso%20%C2%ABFormando%20Equidad%20Pr%C3%A1cticas%20Pedag%C3%B3gicas%20para%20una%20Educaci%C3%B3n%20No%20Sexista%C2%BB&#038;url=https:\/\/radiorevelacionfm.cl\/?p=29720' aria-hidden='false' data-av_icon='\ue8fc' data-av_iconfont='entypo-fontello' title='' data-avia-related-tooltip='Compartir en LinkedIn' rel=\"noopener\"><span class='avia_hidden_link_text'>Compartir en LinkedIn<\/span><\/a><\/li><li class='av-share-link av-social-link-mail' ><a  aria-label=\"Compartir por correo\" href='mailto:?subject=Lanzan%20primer%20concurso%20%C2%ABFormando%20Equidad%20Pr%C3%A1cticas%20Pedag%C3%B3gicas%20para%20una%20Educaci%C3%B3n%20No%20Sexista%C2%BB&#038;body=https:\/\/radiorevelacionfm.cl\/?p=29720' aria-hidden='false' data-av_icon='\ue805' data-av_iconfont='entypo-fontello' title='' data-avia-related-tooltip='Compartir por correo'><span class='avia_hidden_link_text'>Compartir por correo<\/span><\/a><\/li><\/ul><\/div><\/div>\n<div  style='height:50px' class='hr hr-invisible   avia-builder-el-8  el_after_av_social_share  el_before_av_comments_list '><span class='hr-inner ' ><span class='hr-inner-style'><\/span><\/span><\/div>\n<div  class='av-buildercomment  av-blog-meta-html-info-disabled av-blog-meta-tag-disabled  '><\/div>\n","protected":false},"excerpt":{"rendered":"","protected":false},"author":1,"featured_media":29721,"comment_status":"open","ping_status":"open","sticky":false,"template":"","format":"standard","meta":{"footnotes":""},"categories":[49],"tags":[],"class_list":["post-29720","post","type-post","status-publish","format-standard","has-post-thumbnail","hentry","category-educacion"],"jetpack_featured_media_url":"https:\/\/radiorevelacionfm.cl\/wp-content\/uploads\/2023\/04\/lanzamiento-concurso-1_optimized.jpg","_links":{"self":[{"href":"https:\/\/radiorevelacionfm.cl\/index.php?rest_route=\/wp\/v2\/posts\/29720","targetHints":{"allow":["GET"]}}],"collection":[{"href":"https:\/\/radiorevelacionfm.cl\/index.php?rest_route=\/wp\/v2\/posts"}],"about":[{"href":"https:\/\/radiorevelacionfm.cl\/index.php?rest_route=\/wp\/v2\/types\/post"}],"author":[{"embeddable":true,"href":"https:\/\/radiorevelacionfm.cl\/index.php?rest_route=\/wp\/v2\/users\/1"}],"replies":[{"embeddable":true,"href":"https:\/\/radiorevelacionfm.cl\/index.php?rest_route=%2Fwp%2Fv2%2Fcomments&post=29720"}],"version-history":[{"count":2,"href":"https:\/\/radiorevelacionfm.cl\/index.php?rest_route=\/wp\/v2\/posts\/29720\/revisions"}],"predecessor-version":[{"id":29814,"href":"https:\/\/radiorevelacionfm.cl\/index.php?rest_route=\/wp\/v2\/posts\/29720\/revisions\/29814"}],"wp:featuredmedia":[{"embeddable":true,"href":"https:\/\/radiorevelacionfm.cl\/index.php?rest_route=\/wp\/v2\/media\/29721"}],"wp:attachment":[{"href":"https:\/\/radiorevelacionfm.cl\/index.php?rest_route=%2Fwp%2Fv2%2Fmedia&parent=29720"}],"wp:term":[{"taxonomy":"category","embeddable":true,"href":"https:\/\/radiorevelacionfm.cl\/index.php?rest_route=%2Fwp%2Fv2%2Fcategories&post=29720"},{"taxonomy":"post_tag","embeddable":true,"href":"https:\/\/radiorevelacionfm.cl\/index.php?rest_route=%2Fwp%2Fv2%2Ftags&post=29720"}],"curies":[{"name":"wp","href":"https:\/\/api.w.org\/{rel}","templated":true}]}}